{"id":568800,"date":"2026-07-20T22:51:10","date_gmt":"2026-07-20T22:51:10","guid":{"rendered":"https:\/\/www.europesays.com\/pl\/568800\/"},"modified":"2026-07-20T22:51:10","modified_gmt":"2026-07-20T22:51:10","slug":"streamerka-extazja-opublikowala-oswiadczenie-po-tym-co-stalo-sie-podczas-transmisji","status":"publish","type":"post","link":"https:\/\/www.europesays.com\/pl\/568800\/","title":{"rendered":"Streamerka Extazja opublikowa\u0142a o\u015bwiadczenie po tym, co sta\u0142o si\u0119 podczas transmisji"},"content":{"rendered":"<p>Polska streamerka Extazja opublikowa\u0142a w swoich mediach spo\u0142eczno\u015bciowych o\u015bwiadczenie.<\/p>\n<p>Extazja to polska streamerka Twitch\/Kick, kt\u00f3ra do tej pory kojarzona by\u0142a z transmisjami IRL. W tym momencie ludzie znaj\u0105 j\u0105 bardziej z dania Aktorowi li\u015bcia oraz bardzo niefortunnej sytuacji,<a href=\"https:\/\/boop.pl\/rozrywka\/polska-streamerka-zorientowala-sie-co-nagralo-sie-podczas-transmisji\" rel=\"nofollow noopener\" target=\"_blank\"> jaka mia\u0142a miejsce podczas transmisji.<\/a><\/p>\n<p>Streamerka zdecydowa\u0142a si\u0119 opublikowa\u0107 swoje o\u015bwiadczenie, w kt\u00f3rym dowiadujemy si\u0119, \u017ce \u201elunatykowa\u0142a\u201d, a nadmierna ilo\u015b\u0107 alkoholu jest spowodowana problemami, z kt\u00f3rymi influencerka sobie nie radzi.<\/p>\n<blockquote>\n<p>\u201eJako \u017ce po\u0142owa internetu zd\u0105\u017cy\u0142a si\u0119 wypowiedzie\u0107 o moim wczorajszym streamie, chcia\u0142abym te\u017c zabra\u0107 w tej sprawie g\u0142os. Po pierwsze, to, co si\u0119 wydarzy\u0142o, by\u0142o bardzo g\u0142upim b\u0142\u0119dem. Bardzo \u017ca\u0142uj\u0119, \u017ce si\u0119 to sta\u0142o. Niestety, wypi\u0142am troch\u0119 za du\u017co alkoholu, troch\u0119 to ma\u0142o powiedziane. Zasn\u0119\u0142am na streamie, bo stream zrobi\u0142 si\u0119 24h, wi\u0119c po prostu nie da\u0142am rady go dalej ci\u0105gn\u0105\u0107, no i p\u00f3\u017aniej lunatykowa\u0142am. Po drugie, jak zd\u0105\u017cyli\u015bcie zauwa\u017cy\u0107, niestety ostatnio troch\u0119 za du\u017co imprezuj\u0119 i no, jest to zwi\u0105zane z tym, \u017ce nie radz\u0119 sobie z moimi problemami ostatnio i po prostu wszystko przerzucam na alkohol\u201d<\/p>\n<\/blockquote>\n<p><img decoding=\"async\" loading=\"lazy\" class=\"vimg-tumb\" alt=\"Video\"  \/><img decoding=\"async\" loading=\"lazy\" class=\"bimg-tumb\" alt=\"Video\"  \/><\/p>\n<blockquote>\n<p>Bardzo mi przykro, \u017ce byli\u015bcie \u015bwiadkiem mojego za\u0142amania. Jestem tylko cz\u0142owiekiem i niestety pope\u0142niam b\u0142\u0119dy. No i chcia\u0142abym jeszcze podzi\u0119kowa\u0107 wszystkim, kt\u00f3rzy mnie wspieraj\u0105 w tym okresie. Dla was mog\u0119 obieca\u0107, \u017ce no, zrobi\u0119 co\u015b ze swoim psycholem, \u017ceby nie ucieka\u0107 w alko. Dzi\u0119ki i pozdro.<\/p>\n<\/blockquote>\n<p><img decoding=\"async\" loading=\"lazy\" class=\"vimg-tumb\" alt=\"Video\"  \/><img decoding=\"async\" loading=\"lazy\" class=\"bimg-tumb\" alt=\"Video\"  \/><\/p>\n<p>Wida\u0107, \u017ce to pierwsza tak mocna, medialna sprawa streamerki. Od siebie mog\u0119 tylko doda\u0107, \u017ce za dwa dni nikt ju\u017c nie b\u0119dzie o tym pami\u0119ta\u0142.<\/p>\n","protected":false},"excerpt":{"rendered":"Polska streamerka Extazja opublikowa\u0142a w swoich mediach spo\u0142eczno\u015bciowych o\u015bwiadczenie. Extazja to polska streamerka Twitch\/Kick, kt\u00f3ra do tej pory&hellip;\n","protected":false},"author":2,"featured_media":568801,"comment_status":"","ping_status":"","sticky":false,"template":"","format":"standard","meta":{"footnotes":"","_share_on_mastodon":"0"},"categories":[22],"tags":[3103,122,42,38,40,39,41,123,37329],"class_list":["post-568800","post","type-post","status-publish","format-standard","has-post-thumbnail","category-rozrywka","tag-dla-ciebie","tag-entertainment","tag-pl","tag-poland","tag-polish","tag-polska","tag-polski","tag-rozrywka","tag-twitch"],"share_on_mastodon":{"url":"https:\/\/pubeurope.com\/@pl\/116954758503981181","error":""},"_links":{"self":[{"href":"https:\/\/www.europesays.com\/pl\/wp-json\/wp\/v2\/posts\/568800","targetHints":{"allow":["GET"]}}],"collection":[{"href":"https:\/\/www.europesays.com\/pl\/wp-json\/wp\/v2\/posts"}],"about":[{"href":"https:\/\/www.europesays.com\/pl\/wp-json\/wp\/v2\/types\/post"}],"author":[{"embeddable":true,"href":"https:\/\/www.europesays.com\/pl\/wp-json\/wp\/v2\/users\/2"}],"replies":[{"embeddable":true,"href":"https:\/\/www.europesays.com\/pl\/wp-json\/wp\/v2\/comments?post=568800"}],"version-history":[{"count":0,"href":"https:\/\/www.europesays.com\/pl\/wp-json\/wp\/v2\/posts\/568800\/revisions"}],"wp:featuredmedia":[{"embeddable":true,"href":"https:\/\/www.europesays.com\/pl\/wp-json\/wp\/v2\/media\/568801"}],"wp:attachment":[{"href":"https:\/\/www.europesays.com\/pl\/wp-json\/wp\/v2\/media?parent=568800"}],"wp:term":[{"taxonomy":"category","embeddable":true,"href":"https:\/\/www.europesays.com\/pl\/wp-json\/wp\/v2\/categories?post=568800"},{"taxonomy":"post_tag","embeddable":true,"href":"https:\/\/www.europesays.com\/pl\/wp-json\/wp\/v2\/tags?post=568800"}],"curies":[{"name":"wp","href":"https:\/\/api.w.org\/{rel}","templated":true}]}}