{"id":568877,"date":"2026-07-20T23:46:23","date_gmt":"2026-07-20T23:46:23","guid":{"rendered":"https:\/\/www.europesays.com\/pl\/568877\/"},"modified":"2026-07-20T23:46:23","modified_gmt":"2026-07-20T23:46:23","slug":"ryanair-10-miesiecy-wiezienia-za-zaklocenie-lotu-krakow-bristol","status":"publish","type":"post","link":"https:\/\/www.europesays.com\/pl\/568877\/","title":{"rendered":"Ryanair: 10 miesi\u0119cy wi\u0119zienia za zak\u0142\u00f3cenie lotu Krak\u00f3w\u2013Bristol"},"content":{"rendered":"<p class=\"wp-block-paragraph\">S\u0105d Koronny w Bristolu skaza\u0142 na 10 miesi\u0119cy pozbawienia wolno\u015bci pasa\u017cera, kt\u00f3ry zak\u0142\u00f3ci\u0142 rejs FR5518 linii Ryanair z Krakowa do Bristolu.<\/p>\n<p class=\"wp-block-paragraph\">Pasa\u017cer przyzna\u0142 si\u0119 do winy po incydencie, do kt\u00f3rego dosz\u0142o 11 listopada 2025 r. Podr\u00f3\u017cny spo\u017cywa\u0142 alkohol zakupiony w sklepie wolnoc\u0142owym, obra\u017ca\u0142 innych pasa\u017cer\u00f3w i nie wykonywa\u0142 polece\u0144 personelu pok\u0142adowego. O innym wyroku dotycz\u0105cym zak\u0142\u00f3cenia rejsu Ryanair <a href=\"https:\/\/transinfo.pl\/infoair\/ryanair-z-wyrokiem-w-sprawie-agresywnego-pasazera-17-000-pln-kary-po-przekierowaniu-rejsu-do-modlina\/\" rel=\"nofollow noopener\" target=\"_blank\">pisali\u015bmy ju\u017c wcze\u015bniej w TransInfo.pl<\/a>.<\/p>\n<p>Rozk\u0142ad lotu:<\/p>\n<p>Na jakiej trasie odbywa\u0142 si\u0119 rejs FR5518?<\/p>\n<p>Jak\u0105 kar\u0119 wymierzy\u0142 pasa\u017cerowi S\u0105d Koronny w Bristolu?<\/p>\n<p>Jak\u0105 polityk\u0119 wobec niew\u0142a\u015bciwego zachowania podr\u00f3\u017cnych stosuje Ryanair?<\/p>\n<p><a href=\"https:\/\/transinfo.pl\/wp-content\/uploads\/2026\/07\/samolot-ryanair-wynik-2026-2-scaled.jpg\" rel=\"nofollow noopener\" target=\"_blank\"><\/p>\n<p><img loading=\"lazy\" decoding=\"async\" width=\"1024\" height=\"576\" src=\"data:image\/svg+xml,%3Csvg%20xmlns=\" http:=\"\" alt=\"Ryanair z polityk\u0105 zerowej tolerancji. Pasa\u017cer skazany na 10 miesi\u0119cy\" data-lazy- data-lazy- data-lazy-src=\"https:\/\/www.europesays.com\/pl\/wp-content\/uploads\/2026\/07\/samolot-ryanair-wynik-2026-2-1024x576.jpg\"\/><\/p>\n<p><\/a>Ryanair z polityk\u0105 zerowej tolerancji. Pasa\u017cer skazany na 10 miesi\u0119cy<\/p>\n<p>10 miesi\u0119cy wi\u0119zienia po incydencie na rejsie FR5518<\/p>\n<p class=\"wp-block-paragraph\">Sprawa dotyczy\u0142a rejsu FR5518 realizowanego przez Ryanair z Krakowa do Bristolu 11 listopada 2025 r. Podczas lotu pasa\u017cer spo\u017cywa\u0142 alkohol zakupiony wcze\u015bniej w sklepie wolnoc\u0142owym, kierowa\u0142 s\u0142owne obelgi wobec innych os\u00f3b znajduj\u0105cych si\u0119 na pok\u0142adzie samolotu oraz nie stosowa\u0142 si\u0119 do polece\u0144 personelu pok\u0142adowego.<\/p>\n<p class=\"wp-block-paragraph\">Pasa\u017cer przyzna\u0142 si\u0119 do winy. S\u0105d Koronny w Bristolu wymierzy\u0142 mu kar\u0119 10 miesi\u0119cy pozbawienia wolno\u015bci. Wyrok zapad\u0142 7 kwietnia 2026 r., natomiast dzie\u0144 p\u00f3\u017aniej przewo\u017anik poinformowa\u0142 o decyzji brytyjskiego s\u0105du.<\/p>\n<p class=\"wp-block-paragraph\">W przekazanym materiale nie podano typu ani rejestracji samolotu obs\u0142uguj\u0105cego rejs. Nie wskazano r\u00f3wnie\u017c liczby pasa\u017cer\u00f3w i cz\u0142onk\u00f3w za\u0142ogi znajduj\u0105cych si\u0119 na pok\u0142adzie, czasu trwania zak\u0142\u00f3cenia ani jego wp\u0142ywu na rozk\u0142ad operacji lotniczych.<\/p>\n<p>Ryanair podtrzymuje polityk\u0119 zerowej tolerancji<\/p>\n<p class=\"wp-block-paragraph\">Ryanair podkre\u015bli\u0142, \u017ce stosuje polityk\u0119 zerowej tolerancji wobec niew\u0142a\u015bciwego zachowania pasa\u017cer\u00f3w. Przewo\u017anik deklaruje dalsze podejmowanie dzia\u0142a\u0144 przeciwko osobom zak\u0142\u00f3caj\u0105cym loty i utrudniaj\u0105cym prac\u0119 za\u0142ogi.<\/p>\n<p class=\"wp-block-paragraph\">Linia zaznacza, \u017ce nieliczna grupa agresywnych podr\u00f3\u017cnych mo\u017ce powodowa\u0107 stres i dodatkowe komplikacje dla pozosta\u0142ych pasa\u017cer\u00f3w oraz personelu pok\u0142adowego. Dzia\u0142ania przewo\u017anika maj\u0105 zapewni\u0107 bezpieczne i komfortowe warunki przewozu os\u00f3b korzystaj\u0105cych z regularnej komunikacji lotniczej.<\/p>\n<p class=\"wp-block-paragraph\">Wed\u0142ug Ryanair mo\u017cliwe konsekwencje zak\u0142\u00f3cania porz\u0105dku obejmuj\u0105 mi\u0119dzy innymi zakazy podr\u00f3\u017cowania, usuni\u0119cie z samolotu oraz dzia\u0142ania prawne. W przypadku pasa\u017cera rejsu FR5518 materia\u0142 potwierdza kar\u0119 pozbawienia wolno\u015bci, ale nie podano, czy przewo\u017anik zastosowa\u0142 wobec niego dodatkowo zakaz korzystania ze swoich po\u0142\u0105cze\u0144.<\/p>\n<p><a href=\"https:\/\/transinfo.pl\/wp-content\/uploads\/2024\/07\/ryanair2-1.jpg\" rel=\"nofollow noopener\" target=\"_blank\"><\/p>\n<p><img loading=\"lazy\" decoding=\"async\" width=\"1024\" height=\"576\" src=\"data:image\/svg+xml,%3Csvg%20xmlns=\" http:=\"\" alt=\"Ryanair z polityk\u0105 zerowej tolerancji. Pasa\u017cer skazany na 10 miesi\u0119cy\" data-lazy- data-lazy- data-lazy-src=\"https:\/\/www.europesays.com\/pl\/wp-content\/uploads\/2026\/07\/ryanair2-1-1024x576.jpg\"\/><\/p>\n<p><\/a>Ryanair z polityk\u0105 zerowej tolerancji. Pasa\u017cer skazany na 10 miesi\u0119cy<\/p>\n<p>Przewo\u017anik liczy na efekt odstraszaj\u0105cy<\/p>\n<p class=\"wp-block-paragraph\">Stanowisko linii przedstawi\u0142a Alicja W\u00f3jcik-Go\u0142\u0119biowska, Head of Comms CEE&amp;Baltics w Ryanair.<\/p>\n<p class=\"wp-block-paragraph\">\u201eZ zadowoleniem przyjmujemy wyrok wydany przez S\u0105d Koronny w Bristolu wobec agresywnego pasa\u017cera, kt\u00f3rego niewybaczalne zachowanie zak\u0142\u00f3ci\u0142o lot z Krakowa do Bristolu w listopadzie 2025 roku. Jest to tylko jeden z wielu przyk\u0142ad\u00f3w konsekwencji takiego zachowania (w tym zakaz\u00f3w podr\u00f3\u017cowania i kar za usuni\u0119cie z samolotu), jakie ponosz\u0105 pasa\u017cerowie zak\u0142\u00f3caj\u0105cy przebieg lot\u00f3w w ramach polityki zerowej tolerancji linii Ryanair. Mamy nadziej\u0119, \u017ce ten wyrok b\u0119dzie stanowi\u0142 dodatkowy \u015brodek odstraszaj\u0105cy przed zak\u0142\u00f3caniem porz\u0105dku podczas lot\u00f3w, tak aby zar\u00f3wno pasa\u017cerowie, jak i za\u0142oga mogli podr\u00f3\u017cowa\u0107 bezpiecznie w komfortowych warunkach\u201d \u2013 powiedzia\u0142a Alicja W\u00f3jcik-Go\u0142\u0119biowska, Head of Comms CEE&amp;Baltics w Ryanair.<\/p>\n","protected":false},"excerpt":{"rendered":"S\u0105d Koronny w Bristolu skaza\u0142 na 10 miesi\u0119cy pozbawienia wolno\u015bci pasa\u017cera, kt\u00f3ry zak\u0142\u00f3ci\u0142 rejs FR5518 linii Ryanair z&hellip;\n","protected":false},"author":2,"featured_media":568878,"comment_status":"","ping_status":"","sticky":false,"template":"","format":"standard","meta":{"footnotes":"","_share_on_mastodon":"0"},"categories":[51606],"tags":[1304,42,38,40,39,41,7941,2225,1030,2228],"class_list":["post-568877","post","type-post","status-publish","format-standard","has-post-thumbnail","category-krakow","tag-krakow","tag-pl","tag-poland","tag-polish","tag-polska","tag-polski","tag-ryanair","tag-sad","tag-samolot","tag-wyrok"],"share_on_mastodon":{"url":"https:\/\/pubeurope.com\/@pl\/116954974437957768","error":""},"_links":{"self":[{"href":"https:\/\/www.europesays.com\/pl\/wp-json\/wp\/v2\/posts\/568877","targetHints":{"allow":["GET"]}}],"collection":[{"href":"https:\/\/www.europesays.com\/pl\/wp-json\/wp\/v2\/posts"}],"about":[{"href":"https:\/\/www.europesays.com\/pl\/wp-json\/wp\/v2\/types\/post"}],"author":[{"embeddable":true,"href":"https:\/\/www.europesays.com\/pl\/wp-json\/wp\/v2\/users\/2"}],"replies":[{"embeddable":true,"href":"https:\/\/www.europesays.com\/pl\/wp-json\/wp\/v2\/comments?post=568877"}],"version-history":[{"count":0,"href":"https:\/\/www.europesays.com\/pl\/wp-json\/wp\/v2\/posts\/568877\/revisions"}],"wp:featuredmedia":[{"embeddable":true,"href":"https:\/\/www.europesays.com\/pl\/wp-json\/wp\/v2\/media\/568878"}],"wp:attachment":[{"href":"https:\/\/www.europesays.com\/pl\/wp-json\/wp\/v2\/media?parent=568877"}],"wp:term":[{"taxonomy":"category","embeddable":true,"href":"https:\/\/www.europesays.com\/pl\/wp-json\/wp\/v2\/categories?post=568877"},{"taxonomy":"post_tag","embeddable":true,"href":"https:\/\/www.europesays.com\/pl\/wp-json\/wp\/v2\/tags?post=568877"}],"curies":[{"name":"wp","href":"https:\/\/api.w.org\/{rel}","templated":true}]}}