{"id":569081,"date":"2026-07-21T02:13:09","date_gmt":"2026-07-21T02:13:09","guid":{"rendered":"https:\/\/www.europesays.com\/pl\/569081\/"},"modified":"2026-07-21T02:13:09","modified_gmt":"2026-07-21T02:13:09","slug":"rozbawil-do-lez-nagranie-z-udzialem-krola-hiszpanii-obiega-siec","status":"publish","type":"post","link":"https:\/\/www.europesays.com\/pl\/569081\/","title":{"rendered":"Rozbawi\u0142 do \u0142ez. Nagranie z udzia\u0142em kr\u00f3la Hiszpanii obiega sie\u0107"},"content":{"rendered":"\n<p class=\"contentpart contentpart--default contentpart--text\" data-position=\"0\">Po powrocie z mistrzostw \u015bwiata reprezentacja Hiszpanii odwiedzi\u0142a Pa\u0142ac Zarzuela, gdzie na nowych mistrz\u00f3w \u015bwiata czekali kr\u00f3l Filip VI, kr\u00f3lowa Letizia, ksi\u0119\u017cniczka Leonor i infantka Zofia. Oficjalna ceremonia szybko ust\u0105pi\u0142a jednak miejsca spontanicznym emocjom.<\/p>\n<p class=\"contentpart contentpart--default contentpart--text\" data-position=\"1\">Najwi\u0119ksze zamieszanie wywo\u0142a\u0142 <a href=\"https:\/\/sportowefakty.wp.pl\/pilka-nozna\/marc-cucurella\" rel=\"nofollow noopener\" target=\"_blank\">Marc Cucurella<\/a>. Obro\u0144ca po raz kolejny g\u0142o\u015bno wykrzykn\u0105\u0142 &#8222;Niech \u017cyje Hiszpania!&#8221;, robi\u0105c to niemal prosto w stron\u0119 kr\u00f3la. Nagranie b\u0142yskawicznie trafi\u0142o do medi\u00f3w spo\u0142eczno\u015bciowych, a reakcja monarchy i pozosta\u0142ych cz\u0142onk\u00f3w rodziny kr\u00f3lewskiej wywo\u0142a\u0142a fal\u0119 rozbawienia. Wszyscy odpowiedzieli \u015bmiechem.<\/p>\n<p>  <img decoding=\"async\" src=\"https:\/\/v.wpimg.pl\/X3dwLnN2d1IFFTpdYUl6R0ZNbgcnEHQREVV2TGEGbUtRT2MdOlZ2RBQUKABgQjQcDRotCStBd1IAAWMeIlM7VgwYIAorQAdEFFk_GCkQJQ\" alt=\"\" width=\"45\" height=\"58\" loading=\"lazy\"\/>       <\/p>\n<p class=\"contentpart contentpart--default contentpart--text\" data-position=\"3\">Jak podkre\u015blaj\u0105 hiszpa\u0144skie media, dla Cucurelli staje si\u0119 to ju\u017c tradycj\u0105. Podobn\u0105 scen\u0119 mo\u017cna by\u0142o zobaczy\u0107 wcze\u015bniej w szatni po meczu z Urugwajem, gdy w identyczny spos\u00f3b poderwa\u0142 koleg\u00f3w do \u015bwi\u0119towania.<\/p>\n<p class=\"contentpart contentpart--default contentpart--text\" data-position=\"4\">Podczas uroczysto\u015bci g\u0142os zabra\u0142 tak\u017ce Filip VI. Kr\u00f3l pogratulowa\u0142 pi\u0142karzom historycznego sukcesu i podzi\u0119kowa\u0142 za drog\u0119, kt\u00f3r\u0105 przeszli podczas mundialu. &#8211; Wracacie zm\u0119czeni i poobijani, ale jakie to pi\u0119kne zm\u0119czenie. To by\u0142 d\u0142ugi turniej z udzia\u0142em 48 reprezentacji, a wy odnie\u015bli\u015bcie epickie zwyci\u0119stwo &#8211; powiedzia\u0142.<\/p>\n<p class=\"contentpart contentpart--default contentpart--text\" data-position=\"5\">&#8211; Szesna\u015bcie lat p\u00f3\u017aniej Hiszpania zn\u00f3w jest mistrzem \u015bwiata dzi\u0119ki wam. Zapami\u0119tajcie ka\u017cd\u0105 \u0142z\u0119, ka\u017cdy aplauz i ka\u017cd\u0105 chwil\u0119 \u015bwi\u0119towania. W pe\u0142ni na to zas\u0142u\u017cyli\u015bcie &#8211; doda\u0142.<\/p>\n","protected":false},"excerpt":{"rendered":"Po powrocie z mistrzostw \u015bwiata reprezentacja Hiszpanii odwiedzi\u0142a Pa\u0142ac Zarzuela, gdzie na nowych mistrz\u00f3w \u015bwiata czekali kr\u00f3l Filip&hellip;\n","protected":false},"author":2,"featured_media":569082,"comment_status":"","ping_status":"","sticky":false,"template":"","format":"standard","meta":{"footnotes":"","_share_on_mastodon":"0"},"categories":[24],"tags":[267,95261,3037,9090,269,540,278,42,38,40,39,41,1288,127,268,126,97570],"class_list":["post-569081","post","type-post","status-publish","format-standard","has-post-thumbnail","category-sport","tag-hiszpania","tag-marc-cucurella","tag-mistrzostwa-swiata","tag-mistrzostwa-swiata-2026","tag-pilka-nozna","tag-pilka-nozna-w-hiszpanii","tag-pilka-w-europie","tag-pl","tag-poland","tag-polish","tag-polska","tag-polski","tag-reprezentacja-hiszpanii","tag-sport","tag-sportowybar","tag-sports","tag-studio-mundial"],"share_on_mastodon":{"url":"https:\/\/pubeurope.com\/@pl\/116955552724021232","error":""},"_links":{"self":[{"href":"https:\/\/www.europesays.com\/pl\/wp-json\/wp\/v2\/posts\/569081","targetHints":{"allow":["GET"]}}],"collection":[{"href":"https:\/\/www.europesays.com\/pl\/wp-json\/wp\/v2\/posts"}],"about":[{"href":"https:\/\/www.europesays.com\/pl\/wp-json\/wp\/v2\/types\/post"}],"author":[{"embeddable":true,"href":"https:\/\/www.europesays.com\/pl\/wp-json\/wp\/v2\/users\/2"}],"replies":[{"embeddable":true,"href":"https:\/\/www.europesays.com\/pl\/wp-json\/wp\/v2\/comments?post=569081"}],"version-history":[{"count":0,"href":"https:\/\/www.europesays.com\/pl\/wp-json\/wp\/v2\/posts\/569081\/revisions"}],"wp:featuredmedia":[{"embeddable":true,"href":"https:\/\/www.europesays.com\/pl\/wp-json\/wp\/v2\/media\/569082"}],"wp:attachment":[{"href":"https:\/\/www.europesays.com\/pl\/wp-json\/wp\/v2\/media?parent=569081"}],"wp:term":[{"taxonomy":"category","embeddable":true,"href":"https:\/\/www.europesays.com\/pl\/wp-json\/wp\/v2\/categories?post=569081"},{"taxonomy":"post_tag","embeddable":true,"href":"https:\/\/www.europesays.com\/pl\/wp-json\/wp\/v2\/tags?post=569081"}],"curies":[{"name":"wp","href":"https:\/\/api.w.org\/{rel}","templated":true}]}}