{"id":569350,"date":"2026-07-21T05:31:39","date_gmt":"2026-07-21T05:31:39","guid":{"rendered":"https:\/\/www.europesays.com\/pl\/569350\/"},"modified":"2026-07-21T05:31:39","modified_gmt":"2026-07-21T05:31:39","slug":"litewski-minister-o-zagrozeniu-ze-strony-rosji-polska-moze-byc-kolejnym-celem","status":"publish","type":"post","link":"https:\/\/www.europesays.com\/pl\/569350\/","title":{"rendered":"Litewski minister o zagro\u017ceniu ze strony Rosji. Polska mo\u017ce by\u0107 kolejnym celem"},"content":{"rendered":"<p>\u2014 Wojna na Ukrainie nie przebiega zgodnie z planami Rosji, (\u2026) a dzi\u015b wybuchy rozbrzmiewaj\u0105 w samej Rosji, wyst\u0119puj\u0105 niedobory paliwa (&#8230;). Spo\u0142ecze\u0144stwo rosyjskie ju\u017c teraz kwestionuje re\u017cim Kremla, pytaj\u0105c, dlaczego tak si\u0119 dzieje i gdzie jest obiecane zwyci\u0119stwo \u2014 powiedzia\u0142 Kaunas w poniedzia\u0142ek w rozmowie z radiem publicznym LRT.<\/p>\n<p>Zdaniem ministra przyw\u00f3dca Rosji W\u0142adimir Putin i jego otoczenie potrzebuj\u0105 nowej eskalacji. \u2014 Kreml, Putin, potrzebuj\u0105 nowej eskalacji, nowego zwyci\u0119stwa, a kraje ba\u0142tyckie, Polska, s\u0105 w tym przypadku najbli\u017cszym celem \u2014 powiedzia\u0142.<\/p>\n<p> Dalszy ci\u0105g artyku\u0142u pod materia\u0142em wideo Rosja mo\u017ce planowa\u0107 prowokacje w Polsce     Wypowied\u017a Kaunasa nast\u0105pi\u0142a po <a href=\"https:\/\/wiadomosci.onet.pl\/swiat\/rosja-szykuje-prowokacje-wobec-panstw-nato-prezydent-litwy-nie-moze-zaprzeczyc\/zktz35k\" id=\"ad660dcb-0aed-4108-940b-7d71ba37f260\" rel=\"nofollow noopener\" target=\"_blank\">potwierdzeniu przez prezydenta Litwy Gitanasa Naused\u0119 doniesie\u0144<\/a>, kt\u00f3re pojawi\u0142y si\u0119 w zagranicznych mediach kilka tygodni temu, sugeruj\u0105cych, \u017ce Rosja planuje prowokacje w Polsce lub krajach ba\u0142tyckich, aby sprawdzi\u0107 jedno\u015b\u0107 NATO. Fasada p\u0119k\u0142a. Najwi\u0119ksi lojali\u015bci Putina stali si\u0119 najbardziej zajad\u0142ymi wrogami. &#8222;Armia skieruje bro\u0144 przeciwko Kremlowi&#8221;   <img class=\"ods-a-photo ods-a-photo--background\" src=\"https:\/\/www.europesays.com\/pl\/wp-content\/uploads\/2026\/07\/__qk9lBaHR0cHM6Ly9vY2RuLmV1L3B1bHNjbXMvTURBXy83YTFkYzI5MmZmZmFkMmUxYzZiMDJmNGM5OWI3MzMxMS5qcGeRlQLNA.jpeg\" height=\"339\" width=\"450\" alt=\"W\u0142adimir Putin, Moskwa, 13 lipca 2026 r.\" loading=\"lazy\" fetchpriority=\"low\" decoding=\"async\"\/>  <\/p>\n<p>Wed\u0142ug litewskiego przyw\u00f3dcy informacje te opieraj\u0105 si\u0119 na danych wywiadowczych dotycz\u0105cych potencjalnych rosyjskich atak\u00f3w na kluczow\u0105 infrastruktur\u0119 regionaln\u0105, kt\u00f3re mog\u0142yby zosta\u0107 przeprowadzone zar\u00f3wno przy u\u017cyciu \u015brodk\u00f3w konwencjonalnych, jak i niekonwencjonalnych.<\/p>\n<p>Kaunas podkre\u015bli\u0142 w poniedzia\u0142ek, \u017ce Litwa, w odpowiedzi na te potencjalne zagro\u017cenia, wzmocni\u0142a ochron\u0119 infrastruktury transportowej i energetycznej, a s\u0142u\u017cby na bie\u017c\u0105co analizuj\u0105 informacje wywiadowcze oraz koordynuj\u0105 dzia\u0142ania z sojusznikami. Zaznaczy\u0142 r\u00f3wnie\u017c, \u017ce wzmacnianie litewskiej obronno\u015bci i integracji z NATO oraz Uni\u0105 Europejsk\u0105 nie stanowi prowokacji wobec Rosji.<\/p>\n","protected":false},"excerpt":{"rendered":"\u2014 Wojna na Ukrainie nie przebiega zgodnie z planami Rosji, (\u2026) a dzi\u015b wybuchy rozbrzmiewaj\u0105 w samej Rosji,&hellip;\n","protected":false},"author":2,"featured_media":569351,"comment_status":"","ping_status":"","sticky":false,"template":"","format":"standard","meta":{"footnotes":"","_share_on_mastodon":"0"},"categories":[12],"tags":[61195,2364,12405,843,75,48,46,42,38,40,39,41,4764,87,47,80,408],"class_list":["post-569350","post","type-post","status-publish","format-standard","has-post-thumbnail","category-polska","tag-bottomfeed_styl","tag-estonia","tag-infrastruktura_energetyczna","tag-litwa","tag-lotwa","tag-nat_styl","tag-omp","tag-pl","tag-poland","tag-polish","tag-polska","tag-polski","tag-prowokacje","tag-rosja","tag-screening_general","tag-swiat","tag-wladimir_putin"],"share_on_mastodon":{"url":"https:\/\/pubeurope.com\/@pl\/116956331671630520","error":""},"_links":{"self":[{"href":"https:\/\/www.europesays.com\/pl\/wp-json\/wp\/v2\/posts\/569350","targetHints":{"allow":["GET"]}}],"collection":[{"href":"https:\/\/www.europesays.com\/pl\/wp-json\/wp\/v2\/posts"}],"about":[{"href":"https:\/\/www.europesays.com\/pl\/wp-json\/wp\/v2\/types\/post"}],"author":[{"embeddable":true,"href":"https:\/\/www.europesays.com\/pl\/wp-json\/wp\/v2\/users\/2"}],"replies":[{"embeddable":true,"href":"https:\/\/www.europesays.com\/pl\/wp-json\/wp\/v2\/comments?post=569350"}],"version-history":[{"count":0,"href":"https:\/\/www.europesays.com\/pl\/wp-json\/wp\/v2\/posts\/569350\/revisions"}],"wp:featuredmedia":[{"embeddable":true,"href":"https:\/\/www.europesays.com\/pl\/wp-json\/wp\/v2\/media\/569351"}],"wp:attachment":[{"href":"https:\/\/www.europesays.com\/pl\/wp-json\/wp\/v2\/media?parent=569350"}],"wp:term":[{"taxonomy":"category","embeddable":true,"href":"https:\/\/www.europesays.com\/pl\/wp-json\/wp\/v2\/categories?post=569350"},{"taxonomy":"post_tag","embeddable":true,"href":"https:\/\/www.europesays.com\/pl\/wp-json\/wp\/v2\/tags?post=569350"}],"curies":[{"name":"wp","href":"https:\/\/api.w.org\/{rel}","templated":true}]}}