{"id":569358,"date":"2026-07-21T05:35:12","date_gmt":"2026-07-21T05:35:12","guid":{"rendered":"https:\/\/www.europesays.com\/pl\/569358\/"},"modified":"2026-07-21T05:35:12","modified_gmt":"2026-07-21T05:35:12","slug":"zdjecia-lewandowskiego-obiegaja-siec-spojrzcie-z-kim-zapozowal","status":"publish","type":"post","link":"https:\/\/www.europesays.com\/pl\/569358\/","title":{"rendered":"Zdj\u0119cia Lewandowskiego obiegaj\u0105 sie\u0107. Sp\u00f3jrzcie, z kim zapozowa\u0142"},"content":{"rendered":"\n<p class=\"contentpart contentpart--default contentpart--text\" data-position=\"0\"><a href=\"https:\/\/sportowefakty.wp.pl\/pilka-nozna\/robert-lewandowski\" rel=\"nofollow noopener\" target=\"_blank\">Robert Lewandowski<\/a>\u00a0by\u0142 jednym z go\u015bci niedzielnego fina\u0142u <a href=\"https:\/\/sportowefakty.wp.pl\/pilka-nozna\/mistrzostwa-swiata-2026\" rel=\"nofollow noopener\" target=\"_blank\">Mistrzostw \u015awiata 2026<\/a>, w kt\u00f3rym Hiszpania po dogrywce pokona\u0142a Argentyn\u0119 1:0. Polski napastnik nie ograniczy\u0142 si\u0119 jednak do ogl\u0105dania spotkania z trybun. Po zako\u0144czeniu meczu pokaza\u0142 fanom kulisy swojej wizyty w Stanach Zjednoczonych.<\/p>\n<p class=\"contentpart contentpart--default contentpart--text\" data-position=\"1\">Na swoim profilu na Instagramie opublikowa\u0142 seri\u0119 fotografii z Nowego Jorku i stadionu, opatruj\u0105c wpis kr\u00f3tkim komentarzem: &#8222;What a day it was! Great match, great memories! NYC, always a pleasure!&#8221;. (&#8222;C\u00f3\u017c to by\u0142 za dzie\u0144! \u015awietny mecz, wspania\u0142e wspomnienia! Nowy Jork, zawsze mi\u0142o tu wraca\u0107!&#8221;). Zdj\u0119cia szybko zacz\u0119\u0142y zdobywa\u0107 kolejne polubienia i komentarze.<\/p>\n<p>  <img decoding=\"async\" src=\"https:\/\/v.wpimg.pl\/X3dwLnN2d1IFFTpdYUl6R0ZNbgcnEHQREVV2TGEGbUtRT2MdOlZ2RBQUKABgQjQcDRotCStBd1IAAWMeIlM7VgwYIAorQAdEFFk_GCkQJQ\" alt=\"\" width=\"45\" height=\"58\" loading=\"lazy\"\/>       <\/p>\n<p class=\"contentpart contentpart--default contentpart--text\" data-position=\"3\">Najwi\u0119ksze zainteresowanie wzbudzi\u0142y jednak wsp\u00f3lne fotografie z ikonami \u015bwiatowego sportu. Lewandowski zapozowa\u0142 z Ronaldinho, Ronaldo Nazario oraz Novakiem Djokoviciem. Nie zabrak\u0142o tak\u017ce pami\u0105tkowego zdj\u0119cia przy oryginalnym Pucharze \u015awiata FIFA.<\/p>\n<p class=\"contentpart contentpart--default contentpart--text\" data-position=\"4\">Polski napastnik pokaza\u0142 r\u00f3wnie\u017c selfie wykonane na trybunach stadionu oraz uj\u0119cia z ulic Nowego Jorku. Ca\u0142a galeria by\u0142a podsumowaniem jego pobytu podczas najwa\u017cniejszego meczu mundialu, kt\u00f3ry przyci\u0105gn\u0105\u0142 wiele gwiazd sportu i show-biznesu.<\/p>\n<p class=\"contentpart contentpart--default contentpart--text\" data-position=\"5\">Pod wpisem b\u0142yskawicznie pojawi\u0142y si\u0119 tysi\u0105ce reakcji. Jedn\u0105 z pierwszych os\u00f3b, kt\u00f3re zostawi\u0142y komentarz, by\u0142a Anna Lewandowska, publikuj\u0105c czerwone serce. W ci\u0105gu kilkudziesi\u0119ciu minut post zgromadzi\u0142 ponad 100 tysi\u0119cy polubie\u0144 i setki komentarzy od kibic\u00f3w z ca\u0142ego \u015bwiata.<\/p>\n<p class=\"contentpart contentpart--default contentpart--text\" data-position=\"6\">ZOBACZ WIDEO: Lewandowski b\u0119dzie \u017ca\u0142owa\u0142 transferu? &#8222;To nie jest klub krzak&#8221;<\/p>\n","protected":false},"excerpt":{"rendered":"Robert Lewandowski\u00a0by\u0142 jednym z go\u015bci niedzielnego fina\u0142u Mistrzostw \u015awiata 2026, w kt\u00f3rym Hiszpania po dogrywce pokona\u0142a Argentyn\u0119 1:0.&hellip;\n","protected":false},"author":2,"featured_media":569359,"comment_status":"","ping_status":"","sticky":false,"template":"","format":"standard","meta":{"footnotes":"","_share_on_mastodon":"0"},"categories":[24],"tags":[3037,9090,269,42,38,40,39,41,273,127,126,97570,71],"class_list":["post-569358","post","type-post","status-publish","format-standard","has-post-thumbnail","category-sport","tag-mistrzostwa-swiata","tag-mistrzostwa-swiata-2026","tag-pilka-nozna","tag-pl","tag-poland","tag-polish","tag-polska","tag-polski","tag-robert-lewandowski","tag-sport","tag-sports","tag-studio-mundial","tag-usa"],"share_on_mastodon":{"url":"https:\/\/pubeurope.com\/@pl\/116956347760701068","error":""},"_links":{"self":[{"href":"https:\/\/www.europesays.com\/pl\/wp-json\/wp\/v2\/posts\/569358","targetHints":{"allow":["GET"]}}],"collection":[{"href":"https:\/\/www.europesays.com\/pl\/wp-json\/wp\/v2\/posts"}],"about":[{"href":"https:\/\/www.europesays.com\/pl\/wp-json\/wp\/v2\/types\/post"}],"author":[{"embeddable":true,"href":"https:\/\/www.europesays.com\/pl\/wp-json\/wp\/v2\/users\/2"}],"replies":[{"embeddable":true,"href":"https:\/\/www.europesays.com\/pl\/wp-json\/wp\/v2\/comments?post=569358"}],"version-history":[{"count":0,"href":"https:\/\/www.europesays.com\/pl\/wp-json\/wp\/v2\/posts\/569358\/revisions"}],"wp:featuredmedia":[{"embeddable":true,"href":"https:\/\/www.europesays.com\/pl\/wp-json\/wp\/v2\/media\/569359"}],"wp:attachment":[{"href":"https:\/\/www.europesays.com\/pl\/wp-json\/wp\/v2\/media?parent=569358"}],"wp:term":[{"taxonomy":"category","embeddable":true,"href":"https:\/\/www.europesays.com\/pl\/wp-json\/wp\/v2\/categories?post=569358"},{"taxonomy":"post_tag","embeddable":true,"href":"https:\/\/www.europesays.com\/pl\/wp-json\/wp\/v2\/tags?post=569358"}],"curies":[{"name":"wp","href":"https:\/\/api.w.org\/{rel}","templated":true}]}}