{"id":569494,"date":"2026-07-21T07:01:08","date_gmt":"2026-07-21T07:01:08","guid":{"rendered":"https:\/\/www.europesays.com\/pl\/569494\/"},"modified":"2026-07-21T07:01:08","modified_gmt":"2026-07-21T07:01:08","slug":"nowy-rozdzial-dla-polskiej-pilki-takiej-szansy-jeszcze-nie-bylo","status":"publish","type":"post","link":"https:\/\/www.europesays.com\/pl\/569494\/","title":{"rendered":"Nowy rozdzia\u0142 dla polskiej pi\u0142ki. Takiej szansy jeszcze nie by\u0142o"},"content":{"rendered":"\n<p class=\"contentpart contentpart--default contentpart--text\" data-position=\"0\">Nowy sezon europejskich puchar\u00f3w rozpoczyna si\u0119 w wyj\u0105tkowych okoliczno\u015bciach dla polskiej pi\u0142ki. Polska zajmuje obecnie 11. miejsce w rankingu krajowym <a href=\"https:\/\/sportowefakty.wp.pl\/pilka-nozna\/uefa\" rel=\"nofollow noopener\" target=\"_blank\">UEFA<\/a>, co jest najlepsz\u0105 pozycj\u0105 od wielu lat. Po raz pierwszy do rywalizacji w europejskich rozgrywkach przyst\u0119puje a\u017c pi\u0119\u0107 klub\u00f3w.<\/p>\n<p class=\"contentpart contentpart--default contentpart--text\" data-position=\"1\">To efekt bardzo dobrych wyst\u0119p\u00f3w polskich zespo\u0142\u00f3w w poprzednim sezonie. Zdobyte punkty sprawi\u0142y, \u017ce Polska awansowa\u0142a w rankingu UEFA i wyprzedzi\u0142a kilka silniejszych pi\u0142karsko kraj\u00f3w. Teraz celem jest utrzymanie wysokiej pozycji, a najlepiej kolejny awans.<\/p>\n<p>  <img decoding=\"async\" src=\"https:\/\/v.wpimg.pl\/X3dwLnN2d1IFFTpdYUl6R0ZNbgcnEHQREVV2TGEGbUtRT2MdOlZ2RBQUKABgQjQcDRotCStBd1IAAWMeIlM7VgwYIAorQAdEFFk_GCkQJQ\" alt=\"\" width=\"45\" height=\"58\" loading=\"lazy\"\/>  <\/p>\n<p class=\"contentpart contentpart--default contentpart--text\" data-position=\"2\">Najwi\u0119ksz\u0105 zmian\u0105 jest liczba zespo\u0142\u00f3w walcz\u0105cych o Lig\u0119 Mistrz\u00f3w.\u00a0W tym sezonie Polsk\u0119 reprezentuj\u0105 w eliminacjach a\u017c dwa kluby:\u00a0<a href=\"https:\/\/sportowefakty.wp.pl\/pilka-nozna\/lech-poznan\" rel=\"nofollow noopener\" target=\"_blank\">Lech Pozna\u0144<\/a>\u00a0i <a href=\"https:\/\/sportowefakty.wp.pl\/pilka-nozna\/gornik-zabrze\" rel=\"nofollow noopener\" target=\"_blank\">G\u00f3rnik Zabrze<\/a>.\u00a0To sytuacja bez precedensu i efekt wysokiego miejsca w rankingu UEFA. Pozosta\u0142e dru\u017cyny rywalizuj\u0105 o awans do Ligi Europy oraz Ligi Konferencji.<\/p>\n<p class=\"contentpart contentpart--default contentpart--text\" data-position=\"3\">ZOBACZ WIDEO: W czym tkwi sekret Messiego? &#8222;To kluczowe&#8221;<\/p>\n<p class=\"contentpart contentpart--default contentpart--text\" data-position=\"5\">Ranking UEFA i walka o 10. miejsce<br \/>Po odrzuceniu dorobku z sezonu 2021\/22 (4,625 pkt) Polska rozpoczyna rozgrywki z 42,125 pkt  i 11. pozycj\u0105, mi\u0119dzy 10. Czechami (43,025) a 12. Grecj\u0105 (40,412). Jak  podkre\u015bla PAP, walka o miejsce w czo\u0142owej &#8222;10&#8221; ma szczeg\u00f3lne znaczenie,  bo zapewnia automatyczny udzia\u0142 jednego klubu w fazie zasadniczej Ligi  Mistrz\u00f3w.<\/p>\n<p class=\"contentpart contentpart--default contentpart--text\" data-position=\"6\">W ostatnich kilkunastu miesi\u0105cach polskie kluby  poprawia\u0142y pozycj\u0119 w europejskiej hierarchii, a w sezonie 2024\/25  krajowy wsp\u00f3\u0142czynnik w du\u017cej mierze nap\u0119dza\u0142y wyniki Legii i  Jagiellonii, kt\u00f3re dotar\u0142y do \u0107wier\u0107fina\u0142u Ligi Konferencji.<\/p>\n<p>  <img decoding=\"async\" src=\"https:\/\/v.wpimg.pl\/X3dwLnN2d1IFFTpdYUl6R0ZNbgcnEHQREVV2TGEGbUtRT2MdOlZ2RBQUKABgQjQcDRotCStBd1IAAWMeIlM7VgwYIAorQAdEFFk_GCkQJQ\" alt=\"\" width=\"45\" height=\"58\" loading=\"lazy\"\/>  <\/p>\n<p class=\"contentpart contentpart--default contentpart--text\" data-position=\"7\">UEFA  stosuje jednak roczne przesuni\u0119cie, wi\u0119c efekty rankingowe tych  rezultat\u00f3w w pe\u0142ni przek\u0142adaj\u0105 si\u0119 na bie\u017c\u0105cy rozk\u0142ad miejsc startowych.<\/p>\n<p class=\"contentpart contentpart--default contentpart--text\" data-position=\"8\">Na  starcie pi\u0119cioletniej klasyfikacji liderem pozostaje Anglia (101,852),  przed W\u0142ochami (87,660) i Hiszpani\u0105 (82,368). W czo\u0142\u00f3wce s\u0105 te\u017c m.in.  Niemcy, Francja i Portugalia, a pierwsz\u0105 dziesi\u0105tk\u0119 zamykaj\u0105 Czechy,  kt\u00f3re wyprzedzaj\u0105 Polsk\u0119 na progu sezonu.<\/p>\n<p class=\"contentpart contentpart--default contentpart--text\" data-position=\"9\">System  punktowania uwzgl\u0119dnia zar\u00f3wno wyniki mecz\u00f3w, jak i &#8222;wag\u0119&#8221; rozgrywek.  Za zwyci\u0119stwo w fazie ligowej\/zasadniczej jest 2 pkt, a w eliminacjach 1  pkt; remis to odpowiednio 1 i 0,5 pkt. Do tego dochodz\u0105 punkty bonusowe  m.in. za udzia\u0142 w fazie zasadniczej, miejsca w tabelach tego etapu oraz  kolejne awanse w fazie pucharowej.<\/p>\n","protected":false},"excerpt":{"rendered":"Nowy sezon europejskich puchar\u00f3w rozpoczyna si\u0119 w wyj\u0105tkowych okoliczno\u015bciach dla polskiej pi\u0142ki. Polska zajmuje obecnie 11. miejsce w&hellip;\n","protected":false},"author":2,"featured_media":569495,"comment_status":"","ping_status":"","sticky":false,"template":"","format":"standard","meta":{"footnotes":"","_share_on_mastodon":"0"},"categories":[24],"tags":[4979,215,269,42,38,40,39,41,127,126,97570,3098],"class_list":["post-569494","post","type-post","status-publish","format-standard","has-post-thumbnail","category-sport","tag-gornik-zabrze","tag-lech-poznan","tag-pilka-nozna","tag-pl","tag-poland","tag-polish","tag-polska","tag-polski","tag-sport","tag-sports","tag-studio-mundial","tag-uefa"],"share_on_mastodon":{"url":"https:\/\/pubeurope.com\/@pl\/116956685129017773","error":""},"_links":{"self":[{"href":"https:\/\/www.europesays.com\/pl\/wp-json\/wp\/v2\/posts\/569494","targetHints":{"allow":["GET"]}}],"collection":[{"href":"https:\/\/www.europesays.com\/pl\/wp-json\/wp\/v2\/posts"}],"about":[{"href":"https:\/\/www.europesays.com\/pl\/wp-json\/wp\/v2\/types\/post"}],"author":[{"embeddable":true,"href":"https:\/\/www.europesays.com\/pl\/wp-json\/wp\/v2\/users\/2"}],"replies":[{"embeddable":true,"href":"https:\/\/www.europesays.com\/pl\/wp-json\/wp\/v2\/comments?post=569494"}],"version-history":[{"count":0,"href":"https:\/\/www.europesays.com\/pl\/wp-json\/wp\/v2\/posts\/569494\/revisions"}],"wp:featuredmedia":[{"embeddable":true,"href":"https:\/\/www.europesays.com\/pl\/wp-json\/wp\/v2\/media\/569495"}],"wp:attachment":[{"href":"https:\/\/www.europesays.com\/pl\/wp-json\/wp\/v2\/media?parent=569494"}],"wp:term":[{"taxonomy":"category","embeddable":true,"href":"https:\/\/www.europesays.com\/pl\/wp-json\/wp\/v2\/categories?post=569494"},{"taxonomy":"post_tag","embeddable":true,"href":"https:\/\/www.europesays.com\/pl\/wp-json\/wp\/v2\/tags?post=569494"}],"curies":[{"name":"wp","href":"https:\/\/api.w.org\/{rel}","templated":true}]}}