{"id":569625,"date":"2026-07-21T08:28:18","date_gmt":"2026-07-21T08:28:18","guid":{"rendered":"https:\/\/www.europesays.com\/pl\/569625\/"},"modified":"2026-07-21T08:28:18","modified_gmt":"2026-07-21T08:28:18","slug":"polska-fundacja-uznana-za-ekstremistyczna-to-decyzja-sadu-na-bialorusi","status":"publish","type":"post","link":"https:\/\/www.europesays.com\/pl\/569625\/","title":{"rendered":"Polska fundacja uznana za ekstremistyczn\u0105. To decyzja s\u0105du na Bia\u0142orusi"},"content":{"rendered":"<p>Fundacja Okno na Wsch\u00f3d trafi\u0142a do rejestru &#8222;materia\u0142\u00f3w ekstremistycznych&#8221; na Bia\u0142orusi. Za takie zosta\u0142y uznane m.in. jej strona internetowa, profile na Facebooku, Instagramie i YouTube, a tak\u017ce samo logo fundacji. Wed\u0142ug o\u015bwiadczenia fundacji, zamieszczonego na Facebooku, decyzj\u0119 w tej sprawie S\u0105d Rejonowy w Grodnie podj\u0105\u0142 14 lipca. &#8222;Nie zgadzamy si\u0119 z t\u0105 decyzj\u0105. Traktujemy j\u0105 jako element dzia\u0142a\u0144 wymierzonych w niezale\u017cne polskie organizacje spo\u0142eczne oraz inicjatywy wspieraj\u0105ce prawa cz\u0142owieka i osoby potrzebuj\u0105ce pomocy&#8221; \u2014 napisa\u0142a fundacja.<\/p>\n<p>      Dalszy ci\u0105g artyku\u0142u pod materia\u0142em wideo Apel o &#8222;zachowanie szczeg\u00f3lnej ostro\u017cno\u015bci&#8221;<\/p>\n<p>Fundacja Okno na Wsch\u00f3d dzia\u0142a w Bia\u0142ymstoku prawie od dw\u00f3ch dekad. Wed\u0142ug informacji &#8222;Gazety Wyborczej&#8221; pomaga migrantom i uchod\u017acom z Europy Wschodniej, wspiera osoby poszukuj\u0105ce pracy, organizuje kursy j\u0119zyka polskiego, pomaga rodzinom w kontaktach ze szko\u0142ami i urz\u0119dami oraz prowadzi dzia\u0142ania integracyjne.<\/p>\n<p>O tym, \u017ce fundacja zosta\u0142a uznana za ekstremistyczn\u0105, jej przedstawiciele dowiedzieli si\u0119 z rejestru prowadzonego przez Ministerstwo Informacji Republiki Bia\u0142orusi. &#8222;Monitorujemy ten wykaz na bie\u017c\u0105co, poniewa\u017c ma on bezpo\u015bredni wp\u0142yw na bezpiecze\u0144stwo os\u00f3b korzystaj\u0105cych z naszego wsparcia&#8221; \u2014 m\u00f3wi &#8222;GW&#8221; prezes Fundacji Okno na Wsch\u00f3d Pawe\u0142 Mickiewicz.<\/p>\n<p>Podkre\u015bla r\u00f3wnie\u017c, \u017ce fundacja od lat informuje swoich podopiecznych o zagro\u017ceniach zwi\u0105zanych z dzia\u0142alno\u015bci\u0105 bia\u0142oruskich s\u0142u\u017cb i o tym, \u017ce podczas kontroli granicznych sprawdzana bywa zawarto\u015b\u0107 telefon\u00f3w kom\u00f3rkowych i aktywno\u015b\u0107 w mediach spo\u0142eczno\u015bciowych. Dlatego teraz zaapelowa\u0142a:<\/p>\n<p>&#8222;Apelujemy o zachowanie szczeg\u00f3lnej ostro\u017cno\u015bci do os\u00f3b przebywaj\u0105cych na Bia\u0142orusi oraz planuj\u0105cych wyjazd do tego kraju. Ze wzgl\u0119d\u00f3w bezpiecze\u0144stwa rekomendujemy, aby na czas pobytu na Bia\u0142orusi zrezygnowa\u0142y z obserwowania naszych profili w mediach spo\u0142eczno\u015bciowych i nie udost\u0119pnia\u0142y publikowanych przez nas materia\u0142\u00f3w&#8221;.<\/p>\n<p>Jednocze\u015bnie Okno na Wsch\u00f3d zapewnia, \u017ce nie zgadza si\u0119 z decyzj\u0105 bia\u0142oruskiego s\u0105du. &#8222;Nasza dzia\u0142alno\u015b\u0107 jest prowadzona zgodnie z obowi\u0105zuj\u0105cym prawem polskim i unijnym, w spos\u00f3b przejrzysty i zgodny z warto\u015bciami, kt\u00f3re od lat przy\u015bwiecaj\u0105 naszej misji&#8221; \u2014 czytamy we wpisie fundacji.<\/p>\n","protected":false},"excerpt":{"rendered":"Fundacja Okno na Wsch\u00f3d trafi\u0142a do rejestru &#8222;materia\u0142\u00f3w ekstremistycznych&#8221; na Bia\u0142orusi. Za takie zosta\u0142y uznane m.in. jej strona&hellip;\n","protected":false},"author":2,"featured_media":569626,"comment_status":"","ping_status":"","sticky":false,"template":"","format":"standard","meta":{"footnotes":"","_share_on_mastodon":"0"},"categories":[12],"tags":[986,2151,699,61195,49,48,46,47451,42,38,40,39,41,47,100098,111182],"class_list":["post-569625","post","type-post","status-publish","format-standard","has-post-thumbnail","category-polska","tag-aleksander_lukaszenko","tag-bialystok","tag-bialorus","tag-bottomfeed_styl","tag-kraj","tag-nat_styl","tag-omp","tag-organizacje_pozarzadowe_ngo","tag-pl","tag-poland","tag-polish","tag-polska","tag-polski","tag-screening_general","tag-topbar","tag-topbar_tst1"],"share_on_mastodon":{"url":"https:\/\/pubeurope.com\/@pl\/116957026961472648","error":""},"_links":{"self":[{"href":"https:\/\/www.europesays.com\/pl\/wp-json\/wp\/v2\/posts\/569625","targetHints":{"allow":["GET"]}}],"collection":[{"href":"https:\/\/www.europesays.com\/pl\/wp-json\/wp\/v2\/posts"}],"about":[{"href":"https:\/\/www.europesays.com\/pl\/wp-json\/wp\/v2\/types\/post"}],"author":[{"embeddable":true,"href":"https:\/\/www.europesays.com\/pl\/wp-json\/wp\/v2\/users\/2"}],"replies":[{"embeddable":true,"href":"https:\/\/www.europesays.com\/pl\/wp-json\/wp\/v2\/comments?post=569625"}],"version-history":[{"count":0,"href":"https:\/\/www.europesays.com\/pl\/wp-json\/wp\/v2\/posts\/569625\/revisions"}],"wp:featuredmedia":[{"embeddable":true,"href":"https:\/\/www.europesays.com\/pl\/wp-json\/wp\/v2\/media\/569626"}],"wp:attachment":[{"href":"https:\/\/www.europesays.com\/pl\/wp-json\/wp\/v2\/media?parent=569625"}],"wp:term":[{"taxonomy":"category","embeddable":true,"href":"https:\/\/www.europesays.com\/pl\/wp-json\/wp\/v2\/categories?post=569625"},{"taxonomy":"post_tag","embeddable":true,"href":"https:\/\/www.europesays.com\/pl\/wp-json\/wp\/v2\/tags?post=569625"}],"curies":[{"name":"wp","href":"https:\/\/api.w.org\/{rel}","templated":true}]}}