{"id":569643,"date":"2026-07-21T08:37:09","date_gmt":"2026-07-21T08:37:09","guid":{"rendered":"https:\/\/www.europesays.com\/pl\/569643\/"},"modified":"2026-07-21T08:37:09","modified_gmt":"2026-07-21T08:37:09","slug":"messi-nie-wrocil-do-kraju-zaskakujaca-decyzja-prezydenta-argentyny","status":"publish","type":"post","link":"https:\/\/www.europesays.com\/pl\/569643\/","title":{"rendered":"Messi nie wr\u00f3ci\u0142 do kraju. Zaskakuj\u0105ca decyzja prezydenta Argentyny"},"content":{"rendered":"\n<p class=\"contentpart contentpart--default contentpart--text\" data-position=\"0\">Cho\u0107 <a href=\"https:\/\/sportowefakty.wp.pl\/pilka-nozna\/reprezentacja-argentyny\" rel=\"nofollow noopener\" target=\"_blank\">reprezentacja Argentyny<\/a>\u00a0turniej w USA, Meksyku i Kanadzie zako\u0144czy\u0142a z wicemistrzostwem \u015bwiata, to odbierane jest to jako rozczarowanie. Celem by\u0142a obrona tytu\u0142u najlepszej dru\u017cyny globu, ale w finale Argenty\u0144czycy musieli uzna\u0107 wy\u017cszo\u015b\u0107 Hiszpan\u00f3w. Przegrali 0:1, a gola w 106. minucie strzeli\u0142 Ferran Torres.<\/p>\n<p class=\"contentpart contentpart--default contentpart--text\" data-position=\"1\">Pi\u0142karze wr\u00f3cili ju\u017c do kraju, cho\u0107 na pok\u0142adzie samolotu zabrak\u0142o <a href=\"https:\/\/sportowefakty.wp.pl\/pilka-nozna\/lionel-messi\" rel=\"nofollow noopener\" target=\"_blank\">Lionela Messiego<\/a>. To by\u0142o jednak wcze\u015bniej zaplanowane, bo lider reprezentacji Argentyny zosta\u0142 w Miami, gdzie na co dzie\u0144 mieszka.<\/p>\n<p>  <img decoding=\"async\" src=\"https:\/\/v.wpimg.pl\/X3dwLnN2d1IFFTpdYUl6R0ZNbgcnEHQREVV2TGEGbUtRT2MdOlZ2RBQUKABgQjQcDRotCStBd1IAAWMeIlM7VgwYIAorQAdEFFk_GCkQJQ\" alt=\"\" width=\"45\" height=\"58\" loading=\"lazy\"\/>  <\/p>\n<p class=\"contentpart contentpart--default contentpart--text\" data-position=\"2\">ZOBACZ WIDEO: Lewandowski b\u0119dzie \u017ca\u0142owa\u0142 transferu? &#8222;To nie jest klub krzak&#8221;<\/p>\n<p class=\"contentpart contentpart--default contentpart--text\" data-position=\"4\">Trener Lionel Scaloni i reszta zespo\u0142u zostali przywitani przed samolotem czerwonym dywanem oraz orkiestr\u0105 wojskow\u0105. T\u0142um czeka\u0142 p\u00f3\u017aniej pod kompleksem treningowym argenty\u0144skiej federacji w okolicach mi\u0119dzynarodowego lotniska Ezeiza.<\/p>\n<p class=\"contentpart contentpart--default contentpart--text\" data-position=\"5\">Jak informuj\u0105 lokalne media, fani przyszli z flagami i bia\u0142o-niebieskimi parasolami, \u017ceby os\u0142oni\u0107 si\u0119 przed m\u017cawk\u0105. Prezydent Javier Milei pocz\u0105tkowo zaplanowa\u0142, \u017ce b\u0119dzie to dzie\u0144 wolny od pracy, ale ostatecznie wszystko odwo\u0142a\u0142.<\/p>\n<p class=\"contentpart contentpart--default contentpart--text\" data-position=\"6\">Javier Milei odni\u00f3s\u0142 si\u0119 do powrotu cz\u0119\u015bci kadry narodowej na lotnisko Ezeiza w Argentynie. W rozmowie w telewizji LN+ prezydent podkre\u015bla\u0142, \u017ce mimo przygotowa\u0144 ze strony w\u0142adz, nie dojdzie do oficjalnej celebracji z pi\u0142karzami.<\/p>\n<p>  <img decoding=\"async\" src=\"https:\/\/v.wpimg.pl\/X3dwLnN2d1IFFTpdYUl6R0ZNbgcnEHQREVV2TGEGbUtRT2MdOlZ2RBQUKABgQjQcDRotCStBd1IAAWMeIlM7VgwYIAorQAdEFFk_GCkQJQ\" alt=\"\" width=\"45\" height=\"58\" loading=\"lazy\"\/>  <\/p>\n<p class=\"contentpart contentpart--default contentpart--text\" data-position=\"7\">&#8211; Pi\u0142karzom dano mo\u017cliwo\u015b\u0107 sze\u015bciu r\u00f3\u017cnych form \u015bwi\u0119towania. Wobec smutku, jaki wywo\u0142a\u0142a pora\u017cka w finale, zdecydowali, \u017ce nie b\u0119dzie fetowania &#8211; m\u00f3wi\u0142 Milei w LN+.\u00a0&#8211; Uszanujmy decyzj\u0119 zawodnik\u00f3w &#8211; doda\u0142.<\/p>\n<p class=\"contentpart contentpart--default contentpart--text\" data-position=\"8\">Prezydent oceni\u0142 jednocze\u015bnie, \u017ce wynik reprezentacji to osi\u0105gni\u0119cie wyj\u0105tkowe. &#8211; Nie wydaje mi si\u0119 normalne ani konwencjonalne, by w czterech mundialach doj\u015b\u0107 do trzech fina\u0142\u00f3w, wygra\u0107 jeden i m\u00f3c wygra\u0107 kolejne. To ogromne osi\u0105gni\u0119cie &#8211; zaznaczy\u0142.<\/p>\n","protected":false},"excerpt":{"rendered":"Cho\u0107 reprezentacja Argentyny\u00a0turniej w USA, Meksyku i Kanadzie zako\u0144czy\u0142a z wicemistrzostwem \u015bwiata, to odbierane jest to jako rozczarowanie.&hellip;\n","protected":false},"author":2,"featured_media":569644,"comment_status":"","ping_status":"","sticky":false,"template":"","format":"standard","meta":{"footnotes":"","_share_on_mastodon":"0"},"categories":[5],"tags":[32,33,36,37,27,34,35,1278,3037,9090,28,31,25,269,42,38,40,39,41,1287,97570,29,30,26],"class_list":["post-569643","post","type-post","status-publish","format-standard","has-post-thumbnail","category-naglowki","tag-breaking-news","tag-breakingnews","tag-featured-news","tag-featurednews","tag-headlines","tag-latest-news","tag-latestnews","tag-lionel-messi","tag-mistrzostwa-swiata","tag-mistrzostwa-swiata-2026","tag-naglowki","tag-najwazniejsze-artykuly","tag-news","tag-pilka-nozna","tag-pl","tag-poland","tag-polish","tag-polska","tag-polski","tag-reprezentacja-argentyny","tag-studio-mundial","tag-top-stories","tag-topstories","tag-wiadomosci"],"share_on_mastodon":{"url":"https:\/\/pubeurope.com\/@pl\/116957062711595199","error":""},"_links":{"self":[{"href":"https:\/\/www.europesays.com\/pl\/wp-json\/wp\/v2\/posts\/569643","targetHints":{"allow":["GET"]}}],"collection":[{"href":"https:\/\/www.europesays.com\/pl\/wp-json\/wp\/v2\/posts"}],"about":[{"href":"https:\/\/www.europesays.com\/pl\/wp-json\/wp\/v2\/types\/post"}],"author":[{"embeddable":true,"href":"https:\/\/www.europesays.com\/pl\/wp-json\/wp\/v2\/users\/2"}],"replies":[{"embeddable":true,"href":"https:\/\/www.europesays.com\/pl\/wp-json\/wp\/v2\/comments?post=569643"}],"version-history":[{"count":0,"href":"https:\/\/www.europesays.com\/pl\/wp-json\/wp\/v2\/posts\/569643\/revisions"}],"wp:featuredmedia":[{"embeddable":true,"href":"https:\/\/www.europesays.com\/pl\/wp-json\/wp\/v2\/media\/569644"}],"wp:attachment":[{"href":"https:\/\/www.europesays.com\/pl\/wp-json\/wp\/v2\/media?parent=569643"}],"wp:term":[{"taxonomy":"category","embeddable":true,"href":"https:\/\/www.europesays.com\/pl\/wp-json\/wp\/v2\/categories?post=569643"},{"taxonomy":"post_tag","embeddable":true,"href":"https:\/\/www.europesays.com\/pl\/wp-json\/wp\/v2\/tags?post=569643"}],"curies":[{"name":"wp","href":"https:\/\/api.w.org\/{rel}","templated":true}]}}