{"id":569651,"date":"2026-07-21T08:41:14","date_gmt":"2026-07-21T08:41:14","guid":{"rendered":"https:\/\/www.europesays.com\/pl\/569651\/"},"modified":"2026-07-21T08:41:14","modified_gmt":"2026-07-21T08:41:14","slug":"pilny-komunikat-ing-banku-slaskiego-dotyczy-wszystkich-klientow-rmf-fm-9","status":"publish","type":"post","link":"https:\/\/www.europesays.com\/pl\/569651\/","title":{"rendered":"Pilny komunikat ING Banku \u015al\u0105skiego. Dotyczy wszystkich klient\u00f3w :: RMF FM"},"content":{"rendered":"<p>W godzinach od 0:00 do 5:00 z 25 na 26 lipca ING Bank \u015al\u0105ski przeprowadzi planowane prace serwisowe, kt\u00f3re czasowo ogranicz\u0105 dost\u0119p do kart p\u0142atniczych oraz kluczowych funkcji w systemie. Zobacz, co dok\u0142adnie przestanie dzia\u0142a\u0107 i jak bezproblemowo przygotowa\u0107 si\u0119 na przerw\u0119.<\/p>\n<p><img decoding=\"async\" alt=\"\" src=\"https:\/\/www.europesays.com\/pl\/wp-content\/uploads\/2026\/07\/komunikat-ing-banku-slaskiego-1200x800-1776ce7a.jpg\" class=\"w-100\"\/><\/p>\n<p> Komunikat ING Banku \u015al\u0105skiego, \u017ar\u00f3d\u0142o: Shutterstock<\/p>\n<p>Nocne prace serwisowe ING. Sprawd\u017a, co musisz wiedzie\u0107, by unikn\u0105\u0107 problem\u00f3w<\/p>\n<p>W nocy z 25 na 26 lipca <a href=\"https:\/\/www.rmf.fm\/magazyn\/tag,ING%20Bank%20%C5%9Al%C4%85ski.html\" target=\"_blank\" rel=\"noopener noreferrer nofollow\" style=\"color:var(--rmf-navy-color);text-decoration:underline\">ING Bank \u015al\u0105ski<\/a> przeprowadzi planowane prace serwisowe, kt\u00f3re mog\u0105 wp\u0142yn\u0105\u0107 na dost\u0119pno\u015b\u0107 wielu funkcji bankowych. W godzinach od 0:00 do 5:00 klienci mog\u0105 napotka\u0107 trudno\u015bci w korzystaniu z kart p\u0142atniczych oraz innych us\u0142ug bankowych.\u00a0<\/p>\n<p>Podczas prac serwisowych klienci ING Banku \u015al\u0105skiego nie b\u0119d\u0105 mogli:<\/p>\n<p>aktywowa\u0107 kart, zmienia\u0107 limit\u00f3w transakcyjnych, ubezpiecza\u0107 kart i nadawa\u0107 kod\u00f3w PIN.Zamawia\u0107 nowych kart p\u0142atniczych.Przypisywa\u0107 kart do telefonu w aplikacji Moje ING Mobile.Dodawa\u0107 kart do zewn\u0119trznych portfeli, takich jak Apple Pay, Garmin Pay czy Google Pay.Wykonywa\u0107 operacji na rachunkach kart kredytowych.Korzysta\u0107 z po\u017cyczek oraz proces\u00f3w sprzeda\u017cowych rachunk\u00f3w bie\u017c\u0105cych i oszcz\u0119dno\u015bciowych.<\/p>\n<p>Dodatkowo, mog\u0105 wyst\u0105pi\u0107 problemy z:<\/p>\n<p>\tRealizacj\u0105 transakcji kartami p\u0142atniczymi w bankomatach, wp\u0142atomatach oraz terminalach p\u0142atniczych.P\u0142atno\u015bciami kartami w Internecie z 3DSecure, kt\u00f3re wymagaj\u0105 dodatkowego potwierdzenia w aplikacji lub jednorazowym kodem SMS.<\/p>\n<p>Czytaj te\u017c: <a href=\"https:\/\/www.rmf.fm\/styl-zycia\/news,n1010694,od-dzis-do-obiegu-wchodzi-nowa-moneta-o-nominale-20-zl-jak-wyglada.html\" target=\"_blank\" rel=\"noopener noreferrer nofollow\" style=\"color:var(--rmf-navy-color);text-decoration:underline\">Od dzi\u015b do obiegu wchodzi nowa moneta o nominale 20 z\u0142. Jak wygl\u0105da?<\/a><\/p>\n<p>Jak si\u0119 przygotowa\u0107 na przerw\u0119?<\/p>\n<p>Aby unikn\u0105\u0107 problem\u00f3w, ING Bank \u015al\u0105ski zaleca:<\/p>\n<p>dokonanie niezb\u0119dnych zakup\u00f3w przed rozpocz\u0119ciem prac serwisowych.W przypadku konieczno\u015bci zastrze\u017cenia karty, kontakt z infolini\u0105 banku pod numerem +48 32 357 00 12.<\/p>\n<p>Transakcje <a href=\"https:\/\/www.rmf.fm\/magazyn\/tag,BLIK.html\" target=\"_blank\" rel=\"noopener noreferrer nofollow\" style=\"color:var(--rmf-navy-color);text-decoration:underline\">BLIK<\/a> b\u0119d\u0105 dzia\u0142a\u0142y normalnie, co mo\u017ce by\u0107 alternatyw\u0105 dla os\u00f3b planuj\u0105cych zakupy w nocy.<\/p>\n<p>Zobacz tak\u017ce<\/p>\n<p><a href=\"https:\/\/www.rmf.fm\/styl-zycia\/news,n1010378,sejm-przyjal-ustawe-mrpips-koniec-publikacji-wizerunku-dzieci-w-sieci.html\" target=\"_blank\" rel=\"noopener noreferrer nofollow\" style=\"color:var(--rmf-navy-color);text-decoration:underline\"><img decoding=\"async\" src=\"https:\/\/www.europesays.com\/pl\/wp-content\/uploads\/2026\/07\/nowe-zasady-w-zlobkach-1200x800-8ec1b630.jpg\" width=\"290\" alt=\"\"\/><\/a><a href=\"https:\/\/www.rmf.fm\/styl-zycia\/news,n1010378,sejm-przyjal-ustawe-mrpips-koniec-publikacji-wizerunku-dzieci-w-sieci.html\" target=\"_blank\" rel=\"noopener noreferrer nofollow\" style=\"color:var(--rmf-navy-color);text-decoration:underline\">Sejm przyj\u0105\u0142 ustaw\u0119 MRPiPS.  Koniec publikacji wizerunku dzieci w sieci<\/a><\/p>\n<p>Ministerstwo Rodziny, Pracy i Polityki Spo\u0142ecznej og\u0142osi\u0142o dzi\u015b przyj\u0119cie przez Sejm nowelizacji ustawy o opiece nad dzie\u0107mi do lat 3. Nowe przepisy wprowadzaj\u0105 istotne zmiany w zakresie kwalifikacji opiekun\u00f3w, standard\u00f3w \u017cywieniowych oraz ochrony\u2026<\/p>\n","protected":false},"excerpt":{"rendered":"W godzinach od 0:00 do 5:00 z 25 na 26 lipca ING Bank \u015al\u0105ski przeprowadzi planowane prace serwisowe,&hellip;\n","protected":false},"author":2,"featured_media":569652,"comment_status":"","ping_status":"","sticky":false,"template":"","format":"standard","meta":{"footnotes":"","_share_on_mastodon":"0"},"categories":[52229],"tags":[15076,8230,42,38,40,39,41],"class_list":["post-569651","post","type-post","status-publish","format-standard","has-post-thumbnail","category-ing-bank-slaski","tag-blik","tag-ing-bank-slaski","tag-pl","tag-poland","tag-polish","tag-polska","tag-polski"],"share_on_mastodon":{"url":"","error":""},"_links":{"self":[{"href":"https:\/\/www.europesays.com\/pl\/wp-json\/wp\/v2\/posts\/569651","targetHints":{"allow":["GET"]}}],"collection":[{"href":"https:\/\/www.europesays.com\/pl\/wp-json\/wp\/v2\/posts"}],"about":[{"href":"https:\/\/www.europesays.com\/pl\/wp-json\/wp\/v2\/types\/post"}],"author":[{"embeddable":true,"href":"https:\/\/www.europesays.com\/pl\/wp-json\/wp\/v2\/users\/2"}],"replies":[{"embeddable":true,"href":"https:\/\/www.europesays.com\/pl\/wp-json\/wp\/v2\/comments?post=569651"}],"version-history":[{"count":0,"href":"https:\/\/www.europesays.com\/pl\/wp-json\/wp\/v2\/posts\/569651\/revisions"}],"wp:featuredmedia":[{"embeddable":true,"href":"https:\/\/www.europesays.com\/pl\/wp-json\/wp\/v2\/media\/569652"}],"wp:attachment":[{"href":"https:\/\/www.europesays.com\/pl\/wp-json\/wp\/v2\/media?parent=569651"}],"wp:term":[{"taxonomy":"category","embeddable":true,"href":"https:\/\/www.europesays.com\/pl\/wp-json\/wp\/v2\/categories?post=569651"},{"taxonomy":"post_tag","embeddable":true,"href":"https:\/\/www.europesays.com\/pl\/wp-json\/wp\/v2\/tags?post=569651"}],"curies":[{"name":"wp","href":"https:\/\/api.w.org\/{rel}","templated":true}]}}