{"id":56968,"date":"2025-10-19T10:53:09","date_gmt":"2025-10-19T10:53:09","guid":{"rendered":"https:\/\/www.europesays.com\/pl\/56968\/"},"modified":"2025-10-19T10:53:09","modified_gmt":"2025-10-19T10:53:09","slug":"gerhard-schroeder-przed-komisja-sledcza-bezczelnosc-wobec-polski","status":"publish","type":"post","link":"https:\/\/www.europesays.com\/pl\/56968\/","title":{"rendered":"Gerhard Schroeder przed komisj\u0105 \u015bledcz\u0105. &#8222;Bezczelno\u015b\u0107 wobec Polski&#8221;"},"content":{"rendered":"\n<p>&#13;<br \/>\nW pi\u0105tek by\u0142y kanclerz Niemiec Gerhard Schroeder w\u00a0pi\u0105tek sk\u0142ada\u0142 zeznania przed komisj\u0105 \u015bledcz\u0105 parlamentu krajowego Meklemburgii-Pomorza Przedniego. Podczas przes\u0142uchania <a href=\"https:\/\/dorzeczy.pl\/swiat\/754044\/nord-stream-2-schroeder-podal-warunki-pod-jakimi-zlozy-zeznania.html\" rel=\"nofollow noopener\" target=\"_blank\">broni\u0142 projektu budowy gazoci\u0105gu Nord Stream 2.<\/a> Twierdzi\u0142, \u017ce\u00a0chodzi\u0142o o\u00a0uniezale\u017cnienie niemieckiego zaopatrzenia w\u00a0energi\u0119 od\u00a0energii j\u0105drowej i\u00a0w\u0119glowej oraz\u00a0o\u00a0pozyskiwanie gazu ziemnego z\u00a0Rosji \u201epo rozs\u0105dnych cenach\u201d. &#13;\n<\/p>\n<p>&#13;<br \/>\nPrzed komisj\u0105 Gerhard Schroeder nazwa\u0142 \u00f3wczesn\u0105 wsp\u00f3\u0142prac\u0119 gospodarcz\u0105 z\u00a0Rosj\u0105 \u201epolityk\u0105 pokojow\u0105\u201d, kt\u00f3ra powinna by\u0107 kontynuowana r\u00f3wnie\u017c dzisiaj. &#13;\n<\/p>\n<p>&#13;<br \/>\nKomentarz do\u00a0zezna\u0144 by\u0142ego kanclerza Niemiec opublikowa\u0142 \u201eFAZ\u201d. &#13;\n<\/p>\n<p>&#13;<br \/>\n\u201eGdy Gerhard Schroeder na\u00a0pytanie o\u00a0jego kontakty z\u00a0biznesem odpowiada pos\u0142om \u00bbnie wasz interes\u00ab, to\u00a0jest to\u00a0dow\u00f3d na\u00a0brak szacunku dla\u00a0parlamentu. A\u00a0jego uwaga, \u017ce\u00a0<a href=\"https:\/\/dorzeczy.pl\/swiat\/259738\/gazprom-byly-kanclerz-niemiec-gerhard-schroeder-w-radzie.html\" rel=\"nofollow noopener\" target=\"_blank\">zastrze\u017cenia polskiego rz\u0105du wobec gazoci\u0105gu przez Ba\u0142tyk \u00bbnie interesowa\u0142y go\u00ab<\/a> jest bezczelno\u015bci\u0105 wobec kraju s\u0105siedniego, kt\u00f3ry w\u00a0przeciwie\u0144stwie do\u00a0Rosji jest sojusznikiem Niemiec\u201d \u2013\u00a0napisa\u0142 Reinhard Veser. &#13;\n<\/p>\n<p>&#13;<br \/>\nAutor komentarza zwr\u00f3ci\u0142 uwag\u0119, \u017ce\u00a0\u201eod Schroedera trudno by\u0142o oczekiwa\u0107 refleksji\u201d. &#13;\n<\/p>\n<p>&#13;<br \/>\n\u201eDo\u00a0przewidzenia by\u0142a te\u017c jego niech\u0119\u0107 do\u00a0wyja\u015bnienia dzia\u0142alno\u015bci fundacji ds. klimatu, kt\u00f3ra w\u00a0rzeczywisto\u015bci by\u0142a przykrywk\u0105 dla\u00a0wspierania polityki energetycznej Moskwy\u201d \u2013\u00a0czytamy. &#13;\n<\/p>\n<p>&#13;<br \/>\n\u201eFAZ\u201d ocenia, \u017ce\u00a0pomimo tego, wyst\u0105pienie by\u0142ego kanclerza przed komisj\u0105 nie\u00a0by\u0142o strat\u0105 czasu, gdy\u017c pozwoli\u0142o zajrze\u0107 g\u0142\u0119boko w\u00a0spos\u00f3b my\u015blenia i\u00a0dzia\u0142ania stworzonej przez niego siatki s\u0142u\u017c\u0105cej interesom rosyjskiego re\u017cimu, a\u00a0powa\u017cnie szkodz\u0105cej Niemcom. &#13;\n<\/p>\n<p>&#13;<br \/>\n\u201eSwoj\u0105 postaw\u0105 Schroeder przyczyni\u0142 si\u0119 do\u00a0ugruntowania historycznie uzasadnionej nieufno\u015bci Polak\u00f3w wobec Niemiec tak\u017ce w\u00a0proeuropejskich kr\u0119gach. To, \u017ce\u00a0\u015bwiadome ignorowanie polskich interes\u00f3w nazywa \u00bbpolityk\u0105 pokojow\u0105\u00ab, demaskuje go\u00a0\u2013 napisa\u0142 autor komentarza. &#13;\n<\/p>\n<p>&#13;<br \/>\nCzytaj te\u017c:<br \/><a href=\"https:\/\/dorzeczy.pl\/swiat\/754044\/nord-stream-2-schroeder-podal-warunki-pod-jakimi-zlozy-zeznania.html\" rel=\"follow nofollow noopener\" data-schema=\"DORZECZY\" data-image=\"https:\/\/img.dorzeczy.pl\/_thumb\/03\/22\/983efb9a0616a6e9dfaaf0fdb1c8.jpeg\" target=\"_blank\">By\u0142y kanclerz Niemiec poda\u0142 warunki, pod\u00a0jakimi z\u0142o\u017cy zeznania ws. Nord Stream 2<\/a>Czytaj te\u017c:<br \/><a href=\"https:\/\/dorzeczy.pl\/swiat\/724485\/wplywowi-politycy-z-niemiec-i-rosji-potajemnie-spotkali-sie-w-baku.html\" rel=\"follow nofollow noopener\" data-schema=\"DORZECZY\" data-image=\"https:\/\/img.dorzeczy.pl\/_thumb\/7d\/dd\/bae9e52854b113f7c092f317d4e5.jpeg\" target=\"_blank\">Tajne spotkanie niemieckich polityk\u00f3w z\u00a0lud\u017ami Putina. &#8222;\u017baden nie\u00a0zaprzeczy\u0142&#8221;<\/a> &#13;<\/p>\n","protected":false},"excerpt":{"rendered":"&#13; W pi\u0105tek by\u0142y kanclerz Niemiec Gerhard Schroeder w\u00a0pi\u0105tek sk\u0142ada\u0142 zeznania przed komisj\u0105 \u015bledcz\u0105 parlamentu krajowego Meklemburgii-Pomorza Przedniego.&hellip;\n","protected":false},"author":2,"featured_media":56969,"comment_status":"","ping_status":"","sticky":false,"template":"","format":"standard","meta":{"footnotes":""},"categories":[14],"tags":[32,33,98,15056,27,6266,34,35,8136,28,31,25,15057,103,102,40,41,87,80,29,30,26,82,83,84],"class_list":{"0":"post-56968","1":"post","2":"type-post","3":"status-publish","4":"format-standard","5":"has-post-thumbnail","7":"category-swiat","8":"tag-breaking-news","9":"tag-breakingnews","10":"tag-dorzeczy","11":"tag-gerhard-schoroeder","12":"tag-headlines","13":"tag-komisja-sledcza","14":"tag-latest-news","15":"tag-latestnews","16":"tag-lidia-lemaniak","17":"tag-naglowki","18":"tag-najwazniejsze-artykuly","19":"tag-news","20":"tag-nord-stream-2","21":"tag-obserwator-mediow","22":"tag-opinie","23":"tag-polish","24":"tag-polski","25":"tag-rosja","26":"tag-swiat","27":"tag-top-stories","28":"tag-topstories","29":"tag-wiadomosci","30":"tag-world","31":"tag-world-news","32":"tag-worldnews"},"share_on_mastodon":{"url":"","error":""},"_links":{"self":[{"href":"https:\/\/www.europesays.com\/pl\/wp-json\/wp\/v2\/posts\/56968","targetHints":{"allow":["GET"]}}],"collection":[{"href":"https:\/\/www.europesays.com\/pl\/wp-json\/wp\/v2\/posts"}],"about":[{"href":"https:\/\/www.europesays.com\/pl\/wp-json\/wp\/v2\/types\/post"}],"author":[{"embeddable":true,"href":"https:\/\/www.europesays.com\/pl\/wp-json\/wp\/v2\/users\/2"}],"replies":[{"embeddable":true,"href":"https:\/\/www.europesays.com\/pl\/wp-json\/wp\/v2\/comments?post=56968"}],"version-history":[{"count":0,"href":"https:\/\/www.europesays.com\/pl\/wp-json\/wp\/v2\/posts\/56968\/revisions"}],"wp:featuredmedia":[{"embeddable":true,"href":"https:\/\/www.europesays.com\/pl\/wp-json\/wp\/v2\/media\/56969"}],"wp:attachment":[{"href":"https:\/\/www.europesays.com\/pl\/wp-json\/wp\/v2\/media?parent=56968"}],"wp:term":[{"taxonomy":"category","embeddable":true,"href":"https:\/\/www.europesays.com\/pl\/wp-json\/wp\/v2\/categories?post=56968"},{"taxonomy":"post_tag","embeddable":true,"href":"https:\/\/www.europesays.com\/pl\/wp-json\/wp\/v2\/tags?post=56968"}],"curies":[{"name":"wp","href":"https:\/\/api.w.org\/{rel}","templated":true}]}}