{"id":569739,"date":"2026-07-21T09:39:06","date_gmt":"2026-07-21T09:39:06","guid":{"rendered":"https:\/\/www.europesays.com\/pl\/569739\/"},"modified":"2026-07-21T09:39:06","modified_gmt":"2026-07-21T09:39:06","slug":"jest-ostateczna-decyzja-w-sprawie-messiego-i-meczu-z-lewandowskim","status":"publish","type":"post","link":"https:\/\/www.europesays.com\/pl\/569739\/","title":{"rendered":"Jest ostateczna decyzja w sprawie Messiego i meczu z Lewandowskim"},"content":{"rendered":"<p>Messi wyszed\u0142 w pierwszym sk\u0142adzie we wszystkich o\u015bmiu spotkaniach i rozegra\u0142 pe\u0142ne 120 minut w niedzielnym finale, przegranym 0:1 z Hiszpani\u0105.<\/p>\n<p> Dalszy ci\u0105g artyku\u0142u pod materia\u0142em wideo <\/p>\n<p>Zgodnie z doniesieniami on oraz Rodrigo de Paul, kt\u00f3rzy zostali r\u00f3wnie\u017c powo\u0142ani na Mecz Gwiazd, zaplanowany na 29 lipca, nie wyst\u0105pi\u0105 w spotkaniu pi\u0142karzy ligi MLS przeciwko zawodnikom Ligi MX.<\/p>\n<p>Messi opu\u015bci\u0142 r\u00f3wnie\u017c Mecz Gwiazd w 2025 r., jednak w\u00f3wczas zrobi\u0142 to bez zgody ligi i zosta\u0142 zawieszony na kolejne spotkanie sezonu zasadniczego Interu Miami. Jak donosi ESPN, w tym roku klub z Miami poinformowa\u0142 lig\u0119, \u017ce Argenty\u0144czyk opu\u015bci Mecz Gwiazd.<\/p>\n<p>Leo Messi nie zagra z Chicago Fire!     <\/p>\n<p>FIFPRO, globalna organizacja reprezentuj\u0105ca zawodowych pi\u0142karzy, zaleci\u0142a 21-dniowy okres odpoczynku po ka\u017cdym sezonie ze wzgl\u0119d\u00f3w zdrowotnych. W 2025 r. FIFA i FIFPRO uzgodni\u0142y 72-godzinny okres odpoczynku mi\u0119dzy meczami mistrzostw \u015bwiata.<\/p>\n<p>Messi i De Paul na pewno nie zagraj\u0105 w \u015brod\u0119 przeciwko Chicago Fire ani w sobot\u0119 przeciwko CF Montreal. Oznacza to, \u017ce Messi nie wyst\u0105pi przeciwko Robertowi Lewandowskiemu, kt\u00f3ry w czwartek w meczu z Interem Miami najprawdopodobniej zaliczy sw\u00f3j debiut w nowym klubie.<\/p>\n<p>P\u00f3\u017aniej Inter zagra 1 sierpnia u siebie z Columbus, a nast\u0119pnie wyst\u0105pi w Pucharze Ligi, kt\u00f3ry potrwa od 5 do 12 sierpnia. Do gry w MLS wr\u00f3ci 15 sierpnia.<\/p>\n<p>Dru\u017cyna z Miami zajmuje drugie miejsce w tabeli Konferencji Wschodniej z dorobkiem 31 punkt\u00f3w.<\/p>\n<p>Messi na mistrzostwach \u015bwiata strzeli\u0142 osiem goli i zaliczy\u0142 cztery asysty, a w klasyfikacji strzelc\u00f3w zaj\u0105\u0142 drugie miejsce za Francuzem Kylianem Mbappe. Jak podaj\u0105 argenty\u0144skie media, Messi po finale uda\u0142 si\u0119 z Nowego Jorku do Miami, a stamt\u0105d poleci do rodzinnego Rosario na p\u00f3\u0142nocy Argentyny, by odpocz\u0105\u0107.<\/p>\n","protected":false},"excerpt":{"rendered":"Messi wyszed\u0142 w pierwszym sk\u0142adzie we wszystkich o\u015bmiu spotkaniach i rozegra\u0142 pe\u0142ne 120 minut w niedzielnym finale, przegranym&hellip;\n","protected":false},"author":2,"featured_media":569740,"comment_status":"","ping_status":"","sticky":false,"template":"","format":"standard","meta":{"footnotes":"","_share_on_mastodon":"0"},"categories":[52122],"tags":[61195,31027,1356,16482,16673,48,46,948,6010,752,42,38,40,39,41,300,47],"class_list":["post-569739","post","type-post","status-publish","format-standard","has-post-thumbnail","category-pko-bank-polski","tag-bottomfeed_styl","tag-chicago_fire","tag-inter_miami","tag-leo_messi","tag-mls","tag-nat_styl","tag-omp","tag-pilka_nozna","tag-pko-bank-polski","tag-pko-bp","tag-pl","tag-poland","tag-polish","tag-polska","tag-polski","tag-robert_lewandowski","tag-screening_general"],"share_on_mastodon":{"url":"","error":""},"_links":{"self":[{"href":"https:\/\/www.europesays.com\/pl\/wp-json\/wp\/v2\/posts\/569739","targetHints":{"allow":["GET"]}}],"collection":[{"href":"https:\/\/www.europesays.com\/pl\/wp-json\/wp\/v2\/posts"}],"about":[{"href":"https:\/\/www.europesays.com\/pl\/wp-json\/wp\/v2\/types\/post"}],"author":[{"embeddable":true,"href":"https:\/\/www.europesays.com\/pl\/wp-json\/wp\/v2\/users\/2"}],"replies":[{"embeddable":true,"href":"https:\/\/www.europesays.com\/pl\/wp-json\/wp\/v2\/comments?post=569739"}],"version-history":[{"count":0,"href":"https:\/\/www.europesays.com\/pl\/wp-json\/wp\/v2\/posts\/569739\/revisions"}],"wp:featuredmedia":[{"embeddable":true,"href":"https:\/\/www.europesays.com\/pl\/wp-json\/wp\/v2\/media\/569740"}],"wp:attachment":[{"href":"https:\/\/www.europesays.com\/pl\/wp-json\/wp\/v2\/media?parent=569739"}],"wp:term":[{"taxonomy":"category","embeddable":true,"href":"https:\/\/www.europesays.com\/pl\/wp-json\/wp\/v2\/categories?post=569739"},{"taxonomy":"post_tag","embeddable":true,"href":"https:\/\/www.europesays.com\/pl\/wp-json\/wp\/v2\/tags?post=569739"}],"curies":[{"name":"wp","href":"https:\/\/api.w.org\/{rel}","templated":true}]}}