{"id":569899,"date":"2026-07-21T11:15:29","date_gmt":"2026-07-21T11:15:29","guid":{"rendered":"https:\/\/www.europesays.com\/pl\/569899\/"},"modified":"2026-07-21T11:15:29","modified_gmt":"2026-07-21T11:15:29","slug":"wyja-syreny-alarmowe-wyslano-alert-rcb-wiemy-dlaczego-zostaly-uruchomione","status":"publish","type":"post","link":"https:\/\/www.europesays.com\/pl\/569899\/","title":{"rendered":"Wyj\u0105 syreny alarmowe, wys\u0142ano alert RCB. Wiemy, dlaczego zosta\u0142y uruchomione"},"content":{"rendered":"\n<p>                <a target=\"_blank\" href=\"http:\/\/www.wykop.pl\/dodaj\/link\/?url=https%3A%2F%2Fwww.radiowroclaw.pl%2Farticles%2Fview%2F162413%2FSyreny-alarmowe-zawyja-w-calym-kraju-Wiemy-dlaczego-zostana-uruchomione&amp;title=Wyj%C4%85+syreny+alarmowe%2C+wys%C5%82ano+alert+RCB.+Wiemy%2C+dlaczego+zosta%C5%82y+uruchomione&amp;desc=We+wtorek+mieszka%C5%84cy+ca%C5%82ego+kraju%2C+w+tym+Dolnego+%C5%9Al%C4%85ska%2C+us%C5%82ysz%C4%85+syreny+alarmowe.+To+element+og%C3%B3lnopolskich+%C4%87wicze%C5%84+ALARM-26%2C+kt%C3%B3re+maj%C4%85+sprawdzi%C4%87+gotowo%C5%9B%C4%87+system%C3%B3w+ostrzegania+i+procedur+kryzysowych.+S%C5%82u%C5%BCby+apeluj%C4%85%2C+by+nie+wpada%C4%87+w+panik%C4%99+-+alarm+b%C4%99dzie+wy%C5%82%C4%85cznie+testem.\" rel=\"nofollow noopener\"><img decoding=\"async\" alt=\"Dodaj do Wykop.pl\" src=\"https:\/\/www.radiowroclaw.pl\/nlayout\/layout\/wykop-social.svg\"\/><\/a><\/p>\n<p>    <img decoding=\"async\" src=\"https:\/\/www.europesays.com\/pl\/wp-content\/uploads\/2026\/07\/l0758BgeIK.jpg\" class=\"w-100\" alt=\"Wyj\u0105 syreny alarmowe, wys\u0142ano alert RCB. Wiemy, dlaczego zosta\u0142y uruchomione - Alarm us\u0142ysz\u0105 tysi\u0105ce mieszka\u0144c\u00f3w. Tym razem nie b\u0119dzie oznacza\u0142 zagro\u017cenia \u017cycia.\"\/>Alarm us\u0142ysz\u0105 tysi\u0105ce mieszka\u0144c\u00f3w. Tym razem nie b\u0119dzie oznacza\u0142 zagro\u017cenia \u017cycia.<\/p>\n<p>Fot: zdj\u0119cie ilustracyjne (mat.pras)<\/p>\n<p>We wtorek mieszka\u0144cy ca\u0142ego kraju, w tym Dolnego \u015al\u0105ska, us\u0142ysz\u0105 syreny alarmowe. To element og\u00f3lnopolskich \u0107wicze\u0144 ALARM-26, kt\u00f3re maj\u0105 sprawdzi\u0107 gotowo\u015b\u0107 system\u00f3w ostrzegania i procedur kryzysowych. S\u0142u\u017cby apeluj\u0105, by nie wpada\u0107 w panik\u0119 &#8211; alarm b\u0119dzie wy\u0142\u0105cznie testem.<\/p>\n<p style=\"text-align: justify;\">We wtorek, 21 lipca, na terenie ca\u0142ej Polski zostan\u0105 przeprowadzone \u0107wiczenia pod kryptonimem ALARM-26. Obejm\u0105 r\u00f3wnie\u017c Dolny \u015al\u0105sk, dlatego mieszka\u0144cy mog\u0105 kilkukrotnie us\u0142ysze\u0107 syreny alarmowe. Od dw\u00f3ch dni Rz\u0105dowe Centrum Bezpiecze\u0144stwa przesy\u0142a mieszka\u0144com Dolnego \u015al\u0105ska alerty informuj\u0105ce o rozpocz\u0119ciu \u0107wicze\u0144.<\/p>\n<p style=\"text-align: justify;\">Testy rozpoczn\u0105 si\u0119 o godzinie 7:00 i potrwaj\u0105 do godziny 19:00. W tym czasie uruchamiane b\u0119d\u0105 trzyminutowe sygna\u0142y d\u017awi\u0119kowe, zar\u00f3wno ci\u0105g\u0142e, jak i modulowane. Ich zadaniem jest sprawdzenie dzia\u0142ania system\u00f3w ostrzegania oraz procedur wykorzystywanych w sytuacjach kryzysowych.<\/p>\n<p style=\"text-align: justify;\">S\u0142u\u017cby podkre\u015blaj\u0105, \u017ce nie ma powod\u00f3w do niepokoju. Emitowane sygna\u0142y nie b\u0119d\u0105 zwi\u0105zane z \u017cadnym realnym zagro\u017ceniem i nie wymagaj\u0105 podejmowania jakichkolwiek dzia\u0142a\u0144 przez mieszka\u0144c\u00f3w. Je\u017celi z przyczyn organizacyjnych \u0107wiczenia nie odb\u0119d\u0105 si\u0119 zgodnie z planem, przewidziano termin rezerwowy. W takim przypadku test systemu alarmowego zostanie przeprowadzony dzie\u0144 p\u00f3\u017aniej \u2013 w \u015brod\u0119, 22 lipca.<\/p>\n<p>        <a name=\"Comments\"\/><br \/>\n    \ufeff<\/p>\n<p>\t\t\t\t<a name=\"Comments\"\/><\/p>\n<p>\t\t\t\t\tDodaj\u0105c komentarz do artyku\u0142u akceptujesz<br \/>\n\t\t\t\t\t<a class=\"fw-bold\" href=\"https:\/\/www.radiowroclaw.pl\/articles\/view\/97405\" title=\"regulamin strony\" rel=\"nofollow noopener\" target=\"_blank\">regulamin strony<\/a>.<br \/>\n\t\t\t\t\tRadio Wroc\u0142aw nie odpowiada za tre\u015b\u0107 komentarzy.<\/p>\n","protected":false},"excerpt":{"rendered":"Alarm us\u0142ysz\u0105 tysi\u0105ce mieszka\u0144c\u00f3w. Tym razem nie b\u0119dzie oznacza\u0142 zagro\u017cenia \u017cycia. Fot: zdj\u0119cie ilustracyjne (mat.pras) We wtorek mieszka\u0144cy&hellip;\n","protected":false},"author":2,"featured_media":569900,"comment_status":"","ping_status":"","sticky":false,"template":"","format":"standard","meta":{"footnotes":"","_share_on_mastodon":"0"},"categories":[51607],"tags":[112326,37311,79406,42,38,40,39,41,8250,65270,79405,86953,1853,112325,112327,86954],"class_list":["post-569899","post","type-post","status-publish","format-standard","has-post-thumbnail","category-wroclaw","tag-alarmowe","tag-alert","tag-dlaczego","tag-pl","tag-poland","tag-polish","tag-polska","tag-polski","tag-rcb","tag-syreny","tag-uruchomione","tag-wiemy","tag-wroclaw","tag-wyja","tag-wyslano","tag-zostaly"],"share_on_mastodon":{"url":"https:\/\/pubeurope.com\/@pl\/116957684955366138","error":""},"_links":{"self":[{"href":"https:\/\/www.europesays.com\/pl\/wp-json\/wp\/v2\/posts\/569899","targetHints":{"allow":["GET"]}}],"collection":[{"href":"https:\/\/www.europesays.com\/pl\/wp-json\/wp\/v2\/posts"}],"about":[{"href":"https:\/\/www.europesays.com\/pl\/wp-json\/wp\/v2\/types\/post"}],"author":[{"embeddable":true,"href":"https:\/\/www.europesays.com\/pl\/wp-json\/wp\/v2\/users\/2"}],"replies":[{"embeddable":true,"href":"https:\/\/www.europesays.com\/pl\/wp-json\/wp\/v2\/comments?post=569899"}],"version-history":[{"count":0,"href":"https:\/\/www.europesays.com\/pl\/wp-json\/wp\/v2\/posts\/569899\/revisions"}],"wp:featuredmedia":[{"embeddable":true,"href":"https:\/\/www.europesays.com\/pl\/wp-json\/wp\/v2\/media\/569900"}],"wp:attachment":[{"href":"https:\/\/www.europesays.com\/pl\/wp-json\/wp\/v2\/media?parent=569899"}],"wp:term":[{"taxonomy":"category","embeddable":true,"href":"https:\/\/www.europesays.com\/pl\/wp-json\/wp\/v2\/categories?post=569899"},{"taxonomy":"post_tag","embeddable":true,"href":"https:\/\/www.europesays.com\/pl\/wp-json\/wp\/v2\/tags?post=569899"}],"curies":[{"name":"wp","href":"https:\/\/api.w.org\/{rel}","templated":true}]}}