{"id":570135,"date":"2026-07-21T13:34:17","date_gmt":"2026-07-21T13:34:17","guid":{"rendered":"https:\/\/www.europesays.com\/pl\/570135\/"},"modified":"2026-07-21T13:34:17","modified_gmt":"2026-07-21T13:34:17","slug":"jarmark-zmienia-ruch-w-centrum-gdanska-sprawdz-gdzie-nie-wjedziesz","status":"publish","type":"post","link":"https:\/\/www.europesays.com\/pl\/570135\/","title":{"rendered":"Jarmark zmienia ruch w centrum Gda\u0144ska. Sprawd\u017a, gdzie nie wjedziesz"},"content":{"rendered":"<p>            <a href=\"https:\/\/s-trojmiasto.pl\/zdj\/c\/n\/9\/4377\/1920x0\/4377157-Przygotowania-do-Jarmarku-Dominikanskiego.webp\" target=\"_blank\" data-slide-name=\"852335\" data-lightbox-target=\"photo full\" data-sub-html=\"&lt;h4&gt;Przygotowania do Jarmarku Dominika\u0144skiego.&lt;\/h4&gt;&lt;p&gt;fot. Piotr Huka\u0142o\/Trojmiasto.pl&lt;\/p&gt;&#010;\" class=\"photoMarker__link\" data-filter-brightness=\"brightness--100\" rel=\"nofollow noopener\"><\/p>\n<p>    <img decoding=\"async\" style=\"height:499px; aspect-ratio: 1.50012\/1; filter:brightness(1);\" alt=\"Przygotowania do Jarmarku Dominika\u0144skiego.\" src=\"https:\/\/www.europesays.com\/pl\/wp-content\/uploads\/2026\/07\/4377157-Przygotowania-do-Jarmarku-Dominikanskiego.webp\" class=\"photoMarker__img \" data-slider=\"img\" fetchpriority=\"high\"\/><\/p>\n<p>            <\/a><\/p>\n<p class=\"lead\">W \u015ar\u00f3dmie\u015bciu Gda\u0144ska dzia\u0142a ju\u017c jarmarkowa organizacja ruchu, kt\u00f3ra obowi\u0105zywa\u0107 b\u0119dzie do 23 sierpnia. To coroczne zmiany zwi\u0105zane z\u00a0przygotowaniami do <a data-tklik=\"548521\" target=\"_blank\" href=\"https:\/\/www.trojmiasto.pl\/jarmark-dominikanski\/\" rel=\"nofollow noopener\">Jarmarku \u015bw. Dominika<\/a>, kt\u00f3re oznaczaj\u0105 zamkni\u0119cia cz\u0119\u015bci ulic, nowe zasady <a href=\"https:\/\/www.trojmiasto.pl\/dom\/Parkowa-i1368.html\" class=\"parse-link\" title=\"Parkowa\" rel=\"nofollow noopener\" target=\"_blank\">parkowania<\/a> i\u00a0dodatkowe miejsca postojowe dla mieszka\u0144c\u00f3w. Warto zapozna\u0107 si\u0119 z\u00a0nimi, by unikn\u0105\u0107 niepotrzebnych utrudnie\u0144.<\/p>\n<p>                                tak, cho\u0107 nie bywam ta regularnie<br \/>\n                                11%<\/p>\n<p>                                nie, bo to nie impreza dla mnie<br \/>\n                                46%<\/p>\n<p>Zmiany w\u00a0ruchu do ko\u0144ca sierpnia<\/p>\n<p>Przygotowania do jednej z\u00a0najwi\u0119kszych imprez plenerowych w\u00a0Polsce ruszy\u0142y 13 lipca wraz z\u00a0monta\u017cem stoisk i\u00a0infrastruktury. R\u00f3wnocze\u015bnie wprowadzono tymczasow\u0105 organizacj\u0119 ruchu (tzw. TOR Jarmarkowy), kt\u00f3ra b\u0119dzie obowi\u0105zywa\u0107 do 23 sierpnia.<\/p>\n<p>W praktyce oznacza to liczne ograniczenia dla kierowc\u00f3w &#8211; cz\u0119\u015b\u0107 ulic zosta\u0142a zamkni\u0119ta, a\u00a0na innych obowi\u0105zuj\u0105 ograniczenia wjazdu tylko dla uprawnionych.<\/p>\n<p>Dodatkowo do 30 sierpnia funkcjonuje tak\u017ce Strefa Ograniczonej Dost\u0119pno\u015bci Lato (SOD Lato).<\/p>\n<p><a href=\"https:\/\/www.trojmiasto.pl\/wiadomosci\/Strefa-Ograniczonej-Dostepnosci-w-Gdansku-bedzie-rozszerzona-Auto-lepiej-zostawic-na-parkingu-n220648.html\" data-tklik=\"874621\" class=\"marker-news component newsMarker\" rel=\"nofollow noopener\" target=\"_blank\"><br \/>\n            <img decoding=\"async\" src=\"https:\/\/www.europesays.com\/pl\/wp-content\/uploads\/2026\/07\/4337119__c_19_404_1267_887__kr.webp\" alt=\"Strefa Ograniczonej Dost\u0119pno\u015bci b\u0119dzie rozszerzona. Auto lepiej zostawi\u0107 na parkingu\" class=\"lazy newsMarker__img\"\/><br \/>\n        Strefa Ograniczonej Dost\u0119pno\u015bci b\u0119dzie rozszerzona. Auto lepiej zostawi\u0107 na parkingu<br \/>\n<\/a><\/p>\n<p>Dodatkowe parkingi dla mieszka\u0144c\u00f3w<\/p>\n<p>Aby ograniczy\u0107 problemy z\u00a0parkowaniem, wyznaczono cztery dodatkowe parkingi dla mieszka\u0144c\u00f3w: <\/p>\n<p>  Z\u00a0parking\u00f3w P1-P3 mog\u0105 korzysta\u0107 osoby posiadaj\u0105ce identyfikator IGM, abonament sektora FGM lub Identyfikator Jarmarku. Parking przy NOT przeznaczony jest wy\u0142\u0105cznie dla posiadaczy identyfikatora wydawanego przez organizatora &#8211; <a href=\"https:\/\/www.trojmiasto.pl\/Miedzynarodowe-Targi-Gdanskie-o346.html\" data-tklik=\"872742\" rel=\"nofollow noopener\" target=\"_blank\">Mi\u0119dzynarodowe Targi Gda\u0144skie<\/a>.<\/p>\n<p>Podobnie jak w\u00a0ubieg\u0142ym roku dzia\u0142a\u0107 b\u0119dzie r\u00f3wnie\u017c parking Park &amp; Ride przy <a data-tklik=\"126135\" href=\"https:\/\/mapa.trojmiasto.pl\/#\/location\/-45.63,178.03\/map\/-47.8,177.9,5,o\" onclick=\"openMap(this.href); return false;\" target=\"_blank\" title=\"zobacz na mapie Gda\u0144ska\" rel=\"nofollow noopener\">Placu Zebra\u0144 Ludowych<img decoding=\"async\" class=\"icon-map\" src=\"https:\/\/www.trojmiasto.pl\/_img\/svg\/ico-map-flat.svg\" alt=\"Mapka\"\/><\/a>.<\/p>\n<p>Na wszystkich parkingach wyznaczono miejsca dla os\u00f3b z\u00a0niepe\u0142nosprawno\u015bciami.<\/p>\n<p>\n            <a href=\"https:\/\/s-trojmiasto.pl\/zdj\/c\/n\/9\/4377\/1162x0\/4377169-Mapa-tymczasowej-organizacji-ruchu-w-zwiazku-z-organizacja-Jarmarku-Sw-Dominika-2026.webp\" target=\"_blank\" data-slide-name=\"852342\" data-lightbox-target=\"photo full\" data-sub-html=\"&lt;h4&gt;Mapa tymczasowej organizacji ruchu w zwi\u0105zku z organizacj\u0105 Jarmarku \u015aw. Dominika 2026.&lt;\/h4&gt;&lt;p&gt;mat. prasowe&lt;\/p&gt;&#010;\" class=\"photoMarker__link\" data-filter-brightness=\"brightness--100\" rel=\"nofollow noopener\"><\/p>\n<p>    <img decoding=\"async\" style=\"height:529px; aspect-ratio: 1.41707\/1; filter:brightness(1);\" alt=\"Mapa tymczasowej organizacji ruchu w zwi\u0105zku z organizacj\u0105 Jarmarku \u015aw. Dominika 2026.\" src=\"https:\/\/www.europesays.com\/pl\/wp-content\/uploads\/2026\/07\/4377169-Mapa-tymczasowej-organizacji-ruchu-w-zwiazku-z-organizacja-Jarmarku-Sw-Dominika.webp\" class=\"photoMarker__img lazy\" data-slider=\"img\"\/><\/p>\n<p>            <\/a><\/p>\n<p>Lepiej wybra\u0107 komunikacj\u0119 miejsk\u0105<\/p>\n<p>Organizatorzy apeluj\u0105, by na Jarmark wybiera\u0107 si\u0119 przede wszystkim komunikacj\u0105 miejsk\u0105. W\u00a0\u015bcis\u0142ym centrum liczba miejsc parkingowych jest ograniczona, a\u00a0dojazd tramwajem lub autobusem pozwala unikn\u0105\u0107 kork\u00f3w i\u00a0problem\u00f3w z\u00a0parkowaniem.<\/p>\n<p>&#8211; Zach\u0119cam wszystkich, aby korzystali z\u00a0komunikacji publicznej. W\u00a0samym sercu Gda\u0144ska nie ma mo\u017cliwo\u015bci, \u017ceby ka\u017cdy przyjecha\u0142 samochodem i\u00a0znalaz\u0142 miejsce do zaparkowania. Poza tym, korzystaj\u0105c z\u00a0oferty gastronomicznej i\u00a0wydarze\u0144, znacznie \u0142atwiej w\u00a0pe\u0142ni cieszy\u0107 si\u0119 atmosfer\u0105 Jarmarku bez samochodu &#8211; podkre\u015bla Aleksandra Dulkiewicz, prezydentka Gda\u0144ska.<br \/>Za bezpiecze\u0144stwo podczas wydarzenia odpowiadaj\u0105 miejskie s\u0142u\u017cby: stra\u017c miejska, policja i\u00a0stra\u017c po\u017carna. Jak zapowiadaj\u0105 organizatorzy, przez ca\u0142y czas trwania imprezy b\u0119d\u0105 odbywa\u0107 si\u0119 regularne odprawy i\u00a0koordynacja dzia\u0142a\u0144.<\/p>\n<p><a href=\"https:\/\/www.trojmiasto.pl\/wiadomosci\/Juz-za-tydzien-766-Jarmark-sw-Dominika-Co-nas-czeka-n222886.html\" data-tklik=\"259979\" class=\"marker-news component newsMarker\" rel=\"nofollow noopener\" target=\"_blank\"><br \/>\n            <img decoding=\"async\" src=\"https:\/\/www.europesays.com\/pl\/wp-content\/uploads\/2026\/07\/4373846__kr.webp\" alt=\"Ju\u017c za tydzie\u0144 Jarmark \u015bw. Dominika. Imprezy do godz. 22\" class=\"lazy newsMarker__img\"\/><br \/>\n        Ju\u017c za tydzie\u0144 Jarmark \u015bw. Dominika. Imprezy do godz. 22<br \/>\n<\/a><\/p>\n<p><\/p>\n<p>Jak wygl\u0105da teren jarmarku?<\/p>\n<p>Jarmark rozpocznie si\u0119 ju\u017c w\u00a0t\u0119 sobot\u0119, 25 lipca o\u00a0godz. 12 uroczyst\u0105 ceremoni\u0105 przy Przedpro\u017cu <a href=\"https:\/\/www.trojmiasto.pl\/Dwor-Artusa\" data-tklik=\"176872\" rel=\"nofollow noopener\" target=\"_blank\">Dworu Artusa<\/a> i\u00a0potrwa do 16 sierpnia. Obejmuje najwi\u0119ksze ulice i\u00a0place \u015ar\u00f3dmie\u015bcia, m.in. <a data-tklik=\"497643\" href=\"https:\/\/mapa.trojmiasto.pl\/#\/location\/-33.11,191.98\/map\/-33.1,191.45,5,o\" onclick=\"openMap(this.href); return false;\" target=\"_blank\" title=\"zobacz na mapie Gda\u0144ska\" rel=\"nofollow noopener\">Rajsk\u0105<img decoding=\"async\" class=\"icon-map\" src=\"https:\/\/www.trojmiasto.pl\/_img\/svg\/ico-map-flat.svg\" alt=\"Mapka\"\/><\/a>, <a data-tklik=\"778703\" href=\"https:\/\/mapa.trojmiasto.pl\/#\/location\/-27.99,200.54\/map\/-29.5,202.18,5,b\" onclick=\"openMap(this.href); return false;\" target=\"_blank\" title=\"zobacz na mapie Gda\u0144ska\" rel=\"nofollow noopener\">Podm\u0142y\u0144sk\u0105<img decoding=\"async\" class=\"icon-map\" src=\"https:\/\/www.trojmiasto.pl\/_img\/svg\/ico-map-flat.svg\" alt=\"Mapka\"\/><\/a>, <a data-tklik=\"4645\" href=\"https:\/\/mapa.trojmiasto.pl\/#\/location\/-27.41,202.52\/map\/-27.01,202.45,6,b\" onclick=\"openMap(this.href); return false;\" target=\"_blank\" title=\"zobacz na mapie Gda\u0144ska\" rel=\"nofollow noopener\">Pa\u0144sk\u0105<img decoding=\"async\" class=\"icon-map\" src=\"https:\/\/www.trojmiasto.pl\/_img\/svg\/ico-map-flat.svg\" alt=\"Mapka\"\/><\/a>, <a data-tklik=\"205603\" href=\"https:\/\/mapa.trojmiasto.pl\/#\/location\/-27.75,205.11\/map\/-27.28,203.89,6,b\" onclick=\"openMap(this.href); return false;\" target=\"_blank\" title=\"zobacz na mapie Gda\u0144ska\" rel=\"nofollow noopener\">Szerok\u0105<img decoding=\"async\" class=\"icon-map\" src=\"https:\/\/www.trojmiasto.pl\/_img\/svg\/ico-map-flat.svg\" alt=\"Mapka\"\/><\/a>, <a data-tklik=\"534543\" href=\"https:\/\/mapa.trojmiasto.pl\/#\/location\/-22.99,204.71\/map\/-22.89,203.71,5,b\" onclick=\"openMap(this.href); return false;\" target=\"_blank\" title=\"zobacz na mapie Gda\u0144ska\" rel=\"nofollow noopener\">Grobl\u0119 I-IV<img decoding=\"async\" class=\"icon-map\" src=\"https:\/\/www.trojmiasto.pl\/_img\/svg\/ico-map-flat.svg\" alt=\"Mapka\"\/><\/a>, <a data-tklik=\"898544\" href=\"https:\/\/mapa.trojmiasto.pl\/#\/location\/-23.71,208.76\/map\/-22.7,208.29,5,b\" onclick=\"openMap(this.href); return false;\" target=\"_blank\" title=\"zobacz na mapie Gda\u0144ska\" rel=\"nofollow noopener\">\u015aw. Ducha<img decoding=\"async\" class=\"icon-map\" src=\"https:\/\/www.trojmiasto.pl\/_img\/svg\/ico-map-flat.svg\" alt=\"Mapka\"\/><\/a>, <a data-tklik=\"839525\" href=\"https:\/\/mapa.trojmiasto.pl\/#\/location\/-32.54,207.3\/map\/-33.46,208.14,6,o\" onclick=\"openMap(this.href); return false;\" target=\"_blank\" title=\"zobacz na mapie Gda\u0144ska\" rel=\"nofollow noopener\">Targ W\u0119glowy<img decoding=\"async\" class=\"icon-map\" src=\"https:\/\/www.trojmiasto.pl\/_img\/svg\/ico-map-flat.svg\" alt=\"Mapka\"\/><\/a>, <a data-tklik=\"810282\" href=\"https:\/\/mapa.trojmiasto.pl\/#\/location\/-17.82,201.62\/map\/-17.48,201.85,6,o\" onclick=\"openMap(this.href); return false;\" target=\"_blank\" title=\"zobacz na mapie Gda\u0144ska\" rel=\"nofollow noopener\">Targ Rybny<img decoding=\"async\" class=\"icon-map\" src=\"https:\/\/www.trojmiasto.pl\/_img\/svg\/ico-map-flat.svg\" alt=\"Mapka\"\/><\/a> oraz <a data-tklik=\"736357\" href=\"https:\/\/mapa.trojmiasto.pl\/#\/location\/-14.46,205.28\/map\/-13.89,206.58,5,o\" onclick=\"openMap(this.href); return false;\" target=\"_blank\" title=\"zobacz na mapie Gda\u0144ska\" rel=\"nofollow noopener\">O\u0142owiank\u0119<img decoding=\"async\" class=\"icon-map\" src=\"https:\/\/www.trojmiasto.pl\/_img\/svg\/ico-map-flat.svg\" alt=\"Mapka\"\/><\/a>.<\/p>\n<p>Przestrze\u0144 zosta\u0142a podzielona na tematyczne &#8222;uliczki&#8221; &#8211; od r\u0119kodzie\u0142a i\u00a0antyk\u00f3w, przez kuchni\u0119 \u015bwiata, po strefy regionalne.<\/p>\n<p>\n            <a href=\"https:\/\/s-trojmiasto.pl\/zdj\/c\/n\/9\/4377\/933x0\/4377270-Uliczki-i-strefy-atrakcji-podczas-Jarmarku-Sw-Dominika-2026.webp\" target=\"_blank\" data-slide-name=\"852364\" data-lightbox-target=\"photo full\" data-sub-html=\"&lt;h4&gt;Uliczki i strefy atrakcji podczas Jarmarku \u015aw. Dominika 2026.&lt;\/h4&gt;&lt;p&gt;mat. prasowe&lt;\/p&gt;&#010;\" class=\"photoMarker__link\" data-filter-brightness=\"brightness--100\" rel=\"nofollow noopener\"><\/p>\n<p>    <img decoding=\"async\" style=\"height:600px; aspect-ratio: 1.249\/1; filter:brightness(1);\" alt=\"Uliczki i strefy atrakcji podczas Jarmarku \u015aw. Dominika 2026.\" src=\"https:\/\/www.europesays.com\/pl\/wp-content\/uploads\/2026\/07\/4377270-Uliczki-i-strefy-atrakcji-podczas-Jarmarku-Sw-Dominika-2026.webp\" class=\"photoMarker__img lazy\" data-slider=\"img\"\/><\/p>\n<p>            <\/a><\/p>\n<p>Na odwiedzaj\u0105cych czekaj\u0105 te\u017c liczne strefy wydarze\u0144, m.in. <a data-tklik=\"900710\" href=\"https:\/\/mapa.trojmiasto.pl\/#\/location\/-31.05,198.2\/map\/-25.71,198.54,5,o\" onclick=\"openMap(this.href); return false;\" target=\"_blank\" title=\"zobacz na mapie Gda\u0144ska\" rel=\"nofollow noopener\">na Skwerze Heweliusza<img decoding=\"async\" class=\"icon-map\" src=\"https:\/\/www.trojmiasto.pl\/_img\/svg\/ico-map-flat.svg\" alt=\"Mapka\"\/><\/a>, przy <a href=\"https:\/\/www.trojmiasto.pl\/Kosciol-Sw-Mikolaja-o562.html\" data-tklik=\"646207\" rel=\"nofollow noopener\" target=\"_blank\">bazylice \u015bw. Miko\u0142aja<\/a>, <a data-tklik=\"386141\" href=\"https:\/\/mapa.trojmiasto.pl\/#\/location\/-24.72,205.16\/map\/-24.54,205.97,6,o\" onclick=\"openMap(this.href); return false;\" target=\"_blank\" title=\"zobacz na mapie Gda\u0144ska\" rel=\"nofollow noopener\">na skwerze \u015awi\u0119tope\u0142ka<img decoding=\"async\" class=\"icon-map\" src=\"https:\/\/www.trojmiasto.pl\/_img\/svg\/ico-map-flat.svg\" alt=\"Mapka\"\/><\/a>, Targu W\u0119glowym czy O\u0142owiance. Wyznaczono r\u00f3wnie\u017c <a href=\"https:\/\/www.trojmiasto.pl\/dom\/Punkt-i1274.html\" class=\"parse-link\" title=\"Punkt\" rel=\"nofollow noopener\" target=\"_blank\">punkty<\/a> informacji, toalety, przystanki komunikacji i\u00a0atrakcje rodzinne.<\/p>\n<p>Dla go\u015bci spoza centrum przygotowano parkingi og\u00f3lnodost\u0119pne m.in. przy <a href=\"https:\/\/www.trojmiasto.pl\/Europejskie-Centrum-Solidarnosci-o24138.html\" data-tklik=\"299778\" rel=\"nofollow noopener\" target=\"_blank\">ECS<\/a>, <a href=\"https:\/\/www.trojmiasto.pl\/Madison-House-o87517.html\" data-tklik=\"345943\" rel=\"nofollow noopener\" target=\"_blank\">CH Madison<\/a>, <a href=\"https:\/\/www.trojmiasto.pl\/Forum-Gdansk-o52875.html\" data-tklik=\"888198\" rel=\"nofollow noopener\" target=\"_blank\">Forum Gda\u0144sk<\/a> i\u00a0<a href=\"https:\/\/www.trojmiasto.pl\/Urzad-Marszalkowski-o4346.html\" data-tklik=\"381175\" rel=\"nofollow noopener\" target=\"_blank\">Urz\u0119dzie Marsza\u0142kowskim<\/a>.<\/p>\n<p>                                    <a data-tklik=\"42226\" href=\"https:\/\/katalog.trojmiasto.pl\/turystyka_i_noclegi\/atrakcje_turystyczne\/\" rel=\"nofollow noopener\" target=\"_blank\"><br \/>\n                                                    Katalog.trojmiasto.pl \u2013<br \/>\n                                                                    Atrakcje turystyczne w Tr\u00f3jmie\u015bcie<br \/>\n                                                                    <\/a><\/p>\n<p>                <a data-tklik=\"42226\" href=\"https:\/\/katalog.trojmiasto.pl\/turystyka_i_noclegi\/atrakcje_turystyczne\/\" rel=\"nofollow noopener\" target=\"_blank\"><br \/>\n                    wi\u0119cej<\/p>\n<p>                <\/a><\/p>\n<p><\/p>\n<p>Identyfikatory &#8211; kto mo\u017ce wjecha\u0107?<\/p>\n<p>Identyfikator IGM przys\u0142uguje mieszka\u0144com strefy i\u00a0wydawany jest bezp\u0142atnie w\u00a0Biurze Obs\u0142ugi Klienta <a href=\"https:\/\/www.trojmiasto.pl\/Gdanski-Zarzad-Drog-o101684.html\" data-tklik=\"829568\" rel=\"nofollow noopener\" target=\"_blank\">Gda\u0144skiego Zarz\u0105du Dr\u00f3g<\/a> przy <a data-tklik=\"81459\" href=\"https:\/\/mapa.trojmiasto.pl\/#\/location\/-107.19,133.08\/map\/-107.46,133.32,5,o\" onclick=\"openMap(this.href); return false;\" target=\"_blank\" title=\"zobacz na mapie Gda\u0144ska\" rel=\"nofollow noopener\">ul. Partyzant\u00f3w<img decoding=\"async\" class=\"icon-map\" src=\"https:\/\/www.trojmiasto.pl\/_img\/svg\/ico-map-flat.svg\" alt=\"Mapka\"\/><\/a>.<\/p>\n<p>Z kolei identyfikator mo\u017cna uzyska\u0107 po wcze\u015bniejszym z\u0142o\u017ceniu wniosku do organizatora.\n                <\/p>\n","protected":false},"excerpt":{"rendered":"W \u015ar\u00f3dmie\u015bciu Gda\u0144ska dzia\u0142a ju\u017c jarmarkowa organizacja ruchu, kt\u00f3ra obowi\u0105zywa\u0107 b\u0119dzie do 23 sierpnia. To coroczne zmiany zwi\u0105zane&hellip;\n","protected":false},"author":2,"featured_media":570136,"comment_status":"","ping_status":"","sticky":false,"template":"","format":"standard","meta":{"footnotes":"","_share_on_mastodon":"0"},"categories":[51610],"tags":[109849,15599,15374,1048,1064,63438,20186,57038,109847,22918,7217,3803,16823,3775,42,38,40,39,41,52370,10873,88843,24581,8973,30187,1063,1640,21828,4518,109850,10316,109848,11569,5977],"class_list":["post-570135","post","type-post","status-publish","format-standard","has-post-thumbnail","category-gdansk","tag-baszta-jacek","tag-centrum","tag-dostepnosc","tag-gdansk","tag-gdynia","tag-glowne-miasto","tag-jarmark","tag-jarmark-sw-dominika","tag-jarmark-swietego-dominika","tag-madison","tag-miejsce","tag-mieszkaniec","tag-organizacja","tag-parkowanie","tag-pl","tag-poland","tag-polish","tag-polska","tag-polski","tag-postoj","tag-przygotowanie","tag-rajska","tag-rondo","tag-ruch","tag-sierpien","tag-sopot","tag-srodmiescie","tag-strefa","tag-ulica","tag-ulica-rajska","tag-utrudnienie","tag-wieza-jacek","tag-zasada","tag-zmiana"],"share_on_mastodon":{"url":"https:\/\/pubeurope.com\/@pl\/116958231843150891","error":""},"_links":{"self":[{"href":"https:\/\/www.europesays.com\/pl\/wp-json\/wp\/v2\/posts\/570135","targetHints":{"allow":["GET"]}}],"collection":[{"href":"https:\/\/www.europesays.com\/pl\/wp-json\/wp\/v2\/posts"}],"about":[{"href":"https:\/\/www.europesays.com\/pl\/wp-json\/wp\/v2\/types\/post"}],"author":[{"embeddable":true,"href":"https:\/\/www.europesays.com\/pl\/wp-json\/wp\/v2\/users\/2"}],"replies":[{"embeddable":true,"href":"https:\/\/www.europesays.com\/pl\/wp-json\/wp\/v2\/comments?post=570135"}],"version-history":[{"count":0,"href":"https:\/\/www.europesays.com\/pl\/wp-json\/wp\/v2\/posts\/570135\/revisions"}],"wp:featuredmedia":[{"embeddable":true,"href":"https:\/\/www.europesays.com\/pl\/wp-json\/wp\/v2\/media\/570136"}],"wp:attachment":[{"href":"https:\/\/www.europesays.com\/pl\/wp-json\/wp\/v2\/media?parent=570135"}],"wp:term":[{"taxonomy":"category","embeddable":true,"href":"https:\/\/www.europesays.com\/pl\/wp-json\/wp\/v2\/categories?post=570135"},{"taxonomy":"post_tag","embeddable":true,"href":"https:\/\/www.europesays.com\/pl\/wp-json\/wp\/v2\/tags?post=570135"}],"curies":[{"name":"wp","href":"https:\/\/api.w.org\/{rel}","templated":true}]}}