{"id":570192,"date":"2026-07-21T14:11:18","date_gmt":"2026-07-21T14:11:18","guid":{"rendered":"https:\/\/www.europesays.com\/pl\/570192\/"},"modified":"2026-07-21T14:11:18","modified_gmt":"2026-07-21T14:11:18","slug":"niemal-cala-polska-utonie-pod-deszczem-imgw-pokazuje-animacje-padla-data","status":"publish","type":"post","link":"https:\/\/www.europesays.com\/pl\/570192\/","title":{"rendered":"Niemal ca\u0142a Polska utonie pod deszczem. IMGW pokazuje animacj\u0119, pad\u0142a data"},"content":{"rendered":"<p>Pot\u0119\u017cna fala deszczu wkroczy do Polski. IMGW pokazuje dok\u0142adn\u0105 tras\u0119<\/p>\n<p class=\"font-primary mb-8 text-lg leading-[1.55] [&amp;_a]:text-[#23437D] [&amp;_a]:underline [&amp;_a]:font-bold\">Instytut Meteorologii i Gospodarki Wodnej (IMGW) opublikowa\u0142 now\u0105, 4-dniow\u0105 prognoz\u0119 opad\u00f3w i zachmurzenia dla Polski. Meteorolodzy wykorzystali zaawansowany model COSMO 7.0, kt\u00f3ry\u00a0precyzyjnie pokrywa obszar naszego kraju.\u00a0Dzi\u0119ki g\u0119stej siatce dok\u0142adnie prognozuje lokalne zjawiska, takie jak burze, grad, silny wiatr czy punktowe ulewy. Generuje prognozy do 96 godzin.<\/p>\n<p class=\"font-primary mb-8 text-lg leading-[1.55] [&amp;_a]:text-[#23437D] [&amp;_a]:underline [&amp;_a]:font-bold\">Pogoda zacznie si\u0119 za\u0142amywa\u0107 w \u015brod\u0119 (22 lipca) p\u00f3\u017anym wieczorem, oko\u0142o godziny 23. Tego dnia rozleg\u0142y front atmosferyczny wkroczy do Polski od p\u00f3\u0142nocnego zachodu, ze strony Niemiec. Najintensywniejsze opady powinny obj\u0105\u0107 Pomorze Zachodnie i Ziemi\u0119 Lubusk\u0105. Wed\u0142ug prognoz solidnie lunie zw\u0142aszcza w centralnych powiatach wojew\u00f3dztwa zachodniopomorskiego.<\/p>\n<p>Redakcja poleca<\/p>\n<p class=\"font-primary mb-8 text-lg leading-[1.55] [&amp;_a]:text-[#23437D] [&amp;_a]:underline [&amp;_a]:font-bold\">W nocy ze \u015brody na czwartek (22\/23 lipca) front przesunie si\u0119 bli\u017cej centrum kraju. <a href=\"https:\/\/polskieradio24.pl\/pogoda\/ulewy-na-polnocnym-wschodzie-polski-spadnie-nawet-30-litrow-deszczu\" rel=\"nofollow noopener\" target=\"_blank\">Pot\u0119\u017cna ulewa<\/a> obejmie swym zasi\u0119giem Wielkopolsk\u0119 i wojew\u00f3dztwo kujawsko-pomorskie. W tym ostatnim regionie szczeg\u00f3lnie zagro\u017cone b\u0119d\u0105 po\u0142udniowe powiaty &#8211;\u00a0inowroc\u0142awski i mogile\u0144ski.<\/p>\n<p><img alt=\"Prognoza opad\u00f3w dla Polski na 23 lipca (godz. 02.00 w nocy)\" loading=\"lazy\" width=\"1036\" height=\"584\" decoding=\"async\" data-nimg=\"1\" style=\"color:transparent\"   src=\"https:\/\/www.europesays.com\/pl\/wp-content\/uploads\/2026\/07\/1784643078_303_thumbnails.webp\"\/><\/p>\n<p class=\"font-inter text-[12px] sm:text-base font-semibold leading-[125%] text-[#000]\">Prognoza opad\u00f3w dla Polski na 23 lipca (godz. 02.00 w nocy)\/ Foto: IMGW-PIB<\/p>\n<p class=\"font-primary mb-8 text-lg leading-[1.55] [&amp;_a]:text-[#23437D] [&amp;_a]:underline [&amp;_a]:font-bold\">Nad ranem (po godzinie 8) deszczowy front zacznie obejmowa\u0107 coraz wi\u0119kszy obszar kraju. Kulminacyjnym momentem b\u0119dzie wiecz\u00f3r. Z wylicze\u0144 modelu\u00a0COSMO 7.0 wynika, \u017ce o godzinie 18\u00a0deszcz obejmie g\u0142\u00f3wnie p\u00f3\u0142nocn\u0105 i zachodni\u0105 cz\u0119\u015b\u0107 Polski.<\/p>\n<p>Te regiony s\u0105 zagro\u017cone<\/p>\n<p class=\"font-primary mb-8 text-lg leading-[1.55] [&amp;_a]:text-[#23437D] [&amp;_a]:underline [&amp;_a]:font-bold\">Rozleg\u0142a strefa opad\u00f3w rozci\u0105gnie si\u0119 od Pomorza Zachodniego i Ziemi Lubuskiej, przez Wielkopolsk\u0119 oraz Kujawy, a\u017c po Pomorze. Lokalnie, zw\u0142aszcza w rejonie Koszalina, Szczecina, Poznania i Bydgoszczy, opady mog\u0105 by\u0107 chwilami bardziej intensywne.<\/p>\n<p class=\"font-primary mb-8 text-lg leading-[1.55] [&amp;_a]:text-[#23437D] [&amp;_a]:underline [&amp;_a]:font-bold\">Przelotny deszcz pojawi si\u0119 r\u00f3wnie\u017c na p\u00f3\u0142nocnym wschodzie &#8211; na Warmii i Mazurach oraz Podlasiu. Rozproszone kom\u00f3rki opadowe rozwin\u0105 si\u0119 tak\u017ce nad Mazowszem, Ziemi\u0105 \u0141\u00f3dzk\u0105, Lubelszczyzn\u0105, Podkarpaciem i Ma\u0142opolsk\u0105.<\/p>\n<p>Wyja\u015bniamy, co oznacza powy\u017csza prognoza<\/p>\n<p class=\"font-primary mb-8 text-lg leading-[1.55] [&amp;_a]:text-[#23437D] [&amp;_a]:underline [&amp;_a]:font-bold\">Przedstawiony scenariusz nale\u017cy traktowa\u0107 jako wst\u0119pny sygna\u0142 potencjalnie niebezpiecznej sytuacji pogodowej. Dok\u0142adny zasi\u0119g oraz nat\u0119\u017cenie opad\u00f3w mog\u0105 jeszcze ulec zmianie, dlatego warto na bie\u017c\u0105co \u015bledzi\u0107 kolejne prognozy i <a href=\"https:\/\/polskieradio24.pl\/pogoda\/ostrzezenia-imgw-co-oznacza-alert-i-ii-i-iii-stopnia\" rel=\"nofollow noopener\" target=\"_blank\">ostrze\u017cenia IMGW<\/a>.<\/p>\n<p>Redakcja poleca<\/p>\n","protected":false},"excerpt":{"rendered":"Pot\u0119\u017cna fala deszczu wkroczy do Polski. IMGW pokazuje dok\u0142adn\u0105 tras\u0119 Instytut Meteorologii i Gospodarki Wodnej (IMGW) opublikowa\u0142 now\u0105,&hellip;\n","protected":false},"author":2,"featured_media":570193,"comment_status":"","ping_status":"","sticky":false,"template":"","format":"standard","meta":{"footnotes":"","_share_on_mastodon":"0"},"categories":[12],"tags":[169,167,42,38,40,39,41,1600,16655],"class_list":["post-570192","post","type-post","status-publish","format-standard","has-post-thumbnail","category-polska","tag-deszcz","tag-imgw","tag-pl","tag-poland","tag-polish","tag-polska","tag-polski","tag-prognoza-pogody","tag-ulewa"],"share_on_mastodon":{"url":"https:\/\/pubeurope.com\/@pl\/116958375754441467","error":""},"_links":{"self":[{"href":"https:\/\/www.europesays.com\/pl\/wp-json\/wp\/v2\/posts\/570192","targetHints":{"allow":["GET"]}}],"collection":[{"href":"https:\/\/www.europesays.com\/pl\/wp-json\/wp\/v2\/posts"}],"about":[{"href":"https:\/\/www.europesays.com\/pl\/wp-json\/wp\/v2\/types\/post"}],"author":[{"embeddable":true,"href":"https:\/\/www.europesays.com\/pl\/wp-json\/wp\/v2\/users\/2"}],"replies":[{"embeddable":true,"href":"https:\/\/www.europesays.com\/pl\/wp-json\/wp\/v2\/comments?post=570192"}],"version-history":[{"count":0,"href":"https:\/\/www.europesays.com\/pl\/wp-json\/wp\/v2\/posts\/570192\/revisions"}],"wp:featuredmedia":[{"embeddable":true,"href":"https:\/\/www.europesays.com\/pl\/wp-json\/wp\/v2\/media\/570193"}],"wp:attachment":[{"href":"https:\/\/www.europesays.com\/pl\/wp-json\/wp\/v2\/media?parent=570192"}],"wp:term":[{"taxonomy":"category","embeddable":true,"href":"https:\/\/www.europesays.com\/pl\/wp-json\/wp\/v2\/categories?post=570192"},{"taxonomy":"post_tag","embeddable":true,"href":"https:\/\/www.europesays.com\/pl\/wp-json\/wp\/v2\/tags?post=570192"}],"curies":[{"name":"wp","href":"https:\/\/api.w.org\/{rel}","templated":true}]}}