{"id":570210,"date":"2026-07-21T14:20:13","date_gmt":"2026-07-21T14:20:13","guid":{"rendered":"https:\/\/www.europesays.com\/pl\/570210\/"},"modified":"2026-07-21T14:20:13","modified_gmt":"2026-07-21T14:20:13","slug":"reprezentacja-polski-siatkarzy-przygotowuje-sie-do-finalow-vnl-znamy-sklad-i-plany-kadry-sport-tvp-pl","status":"publish","type":"post","link":"https:\/\/www.europesays.com\/pl\/570210\/","title":{"rendered":"Reprezentacja Polski siatkarzy przygotowuje si\u0119 do fina\u0142\u00f3w VNL. Znamy sk\u0142ad i plany kadry &#8211; sport.tvp.pl"},"content":{"rendered":"<ol>\n<li><a href=\"https:\/\/news.google.com\/rss\/articles\/CBMiugFBVV95cUxNNm1xdjgzbFUxSkVBVVdXMHppeHBZWktDMnk3b0lzc3FUeEE2cUVhZTExbWlnN293ODA4d29Kc2dKcm5JWm90bVVGdk9QU2FJZ2xmb2c4el9uR05nRFpoOXRxdkxtWDdZbWlWc2xyMjMxMlRTV3FFa2lKYnFFSHRwOE1ac1kyaTItRXJuTmJma2NQblRyd0FJaHc4T2k4Q3o3UEpfSnFyUkJJN3VMOTl2TXFHX0xYUkREZHfSAb8BQVVfeXFMTWUyTjk4TTlXVEk5a0o4YWxReXVBVTlRY2l6YUxkRk8taXctc1kyVmlheW9HZTBJZnFJRmx2SFk2SDV3TnAtRFhOb2tVSlI0aWRudkItNTFlTFZXUFhjYjNYdDVyWVpzZFVwWjRNemxOMlU4dXFLOElQU3dCeVdCR3lPMG0zYWI3QlZHZGlFamFjLU5mcGxHMnpYc2c2YU9ydUxGdno1YmMtXzUyM0xNMXlMbGZhYjFqOEYtZjdGM2M?oc=5\" target=\"_blank\" rel=\"nofollow noopener\">Reprezentacja Polski siatkarzy przygotowuje si\u0119 do fina\u0142\u00f3w VNL. Znamy sk\u0142ad i plany kadry<\/a>&nbsp;&nbsp;sport.tvp.pl<\/li>\n<li><a href=\"https:\/\/news.google.com\/rss\/articles\/CBMikgFBVV95cUxPQ0E5Y1p4cjl6eEdLSFk3UVphclc4UXJtc0szZ0RqMlFSWVJra3IzdU5UZjVicW1sVjhXYW1wOTlLY1llVmJiMDYzOWN1U3cyazZyVjVMUFJTc1ZNcHJRbUFTbXllRnNUb3ZZR05jcF9CWXJMa0Z1QzRxT2t6bGNneFI5TDZucURTSXVhRjVnOTh4dw?oc=5\" target=\"_blank\" rel=\"nofollow noopener\">Tak Nikola Grbi\u0107 podsumowa\u0142 rywali Polski w Lidze Narod\u00f3w<\/a>&nbsp;&nbsp;Przegl\u0105d Sportowy<\/li>\n<li><a href=\"https:\/\/news.google.com\/rss\/articles\/CBMiwgFBVV95cUxPdlFJSXZhcGdlWGg5MnBDdUg4MXdHV0RkSEhIN0tOUXQ3LTJrbjROMkdBRDBvSHVZaXZoQWVnMVpBZnpKOHhxa3pOVUljMFM0TlNkZVhsUU1aSElBTklMYk91TDFESlhhbW12SHdKR2IwNzcxWVpLNU1ZWk1lUUExN0ZOdVpUaWtoY0NqUFQtRnV3MFo2SnM4akN6R2dHVnZIZ3h3RTBDWWtudmtTTG9OR2J0Sl9vcThwb3EyMXpuZmRqUQ?oc=5\" target=\"_blank\" rel=\"nofollow noopener\">Program tv dla Siatk\u00f3wka m\u0119\u017cczyzn: Liga Narod\u00f3w &#8211; mecz: Brazylia &#8211; Polska<\/a>&nbsp;&nbsp;Pilot WP<\/li>\n<li><a href=\"https:\/\/news.google.com\/rss\/articles\/CBMiywFBVV95cUxNMEZxaHFSUUc0QkctRjFzbUhVajBFWDY2enFfaWZPdzNYLVpkQ0gwOXoxR1lzNDltVzA3bGhudWYzc0dGN2dXVTcyc05TQkFDamJjTS14ME9GNUZHSk5pdldhLVRpSU9TVWhPbDk3U3pnUmJDVXNxV1NCTUkyeGIwSWlHbml6RVZEcUR5M09LZkZfUnd1MTZFUWJDVndBcWROVkxsSXlVRGw3aUplZzJINWFhWTVlMGtZMnViUlptcWNuSlhBd0JaOHRXVdIB0AFBVV95cUxNVVNFclhUNHRYVjdjVEJlTHVfRVFKbU8xa0s3MEFYUDRPZk5UNDhHWTl5M0p3SEpjTml4SnAwTjNidUo2WXhWeGQ4LXRyOC1PbnpNZG5WLVdUNHRHbkc4UDNTeHNMcThDdUwwM0lnTjBHZDc2SkpzSkljVDZWMnE0cE1iYnFXbEIzc0kwUWxzMHpTZHZiZmV0ZGdMOEEyRzZYMS01aGhSTE5JMFBiQ2dVZDJIcDdzbEMtOW50c2ZKcVpxVTUyTWFLUFFiaUw1N1pD?oc=5\" target=\"_blank\" rel=\"nofollow noopener\">Nikola Grbi\u0107 szczery po wygranej reprezentacji Polski siatkarzy z USA. &#8222;Oczekiwa\u0142em du\u017co lepszego meczu&#8221;<\/a>&nbsp;&nbsp;sport.tvp.pl<\/li>\n<li><a href=\"https:\/\/news.google.com\/rss\/articles\/CBMi1gFBVV95cUxNSDFoVHQ5YnFlLVU4WXdrV0V4WGhHMENwTEVrVGhnS1ZzMlJUcHFSekNxVnBUcTlIaG5DY2t3NXJMUVcxa2VzaHhIemQ2a1hjYXRwSmEybUpqcklQMDNJYXQzSUh3MG9MV2RURGV2ZVhMUjR3SzJXN3lEc0ZaaW9pLXlrbGhCZDd6UGZGVjhDMnZQZlJWOGo1d3dFRkx0TG1sR1FrUkdZbEZTU2tGLWlZQmdLNEdvcWw2TjV0YnprZHRqMWtScFdfWmdsc2tIQ1FtNS1XNHRR?oc=5\" target=\"_blank\" rel=\"nofollow noopener\">Pokolenie Nutelli i zabawa w internecie. Mit siatkarskiej &#8222;wielkiej Brazylii&#8221; upad\u0142 ju\u017c dawno?<\/a>&nbsp;&nbsp;www.polsatsport.pl<\/li>\n<\/ol>\n","protected":false},"excerpt":{"rendered":"Reprezentacja Polski siatkarzy przygotowuje si\u0119 do fina\u0142\u00f3w VNL. Znamy sk\u0142ad i plany kadry&nbsp;&nbsp;sport.tvp.pl Tak Nikola Grbi\u0107 podsumowa\u0142 rywali&hellip;\n","protected":false},"author":2,"featured_media":570211,"comment_status":"","ping_status":"","sticky":false,"template":"","format":"standard","meta":{"footnotes":"","_share_on_mastodon":"0"},"categories":[5],"tags":[32,33,36,37,27,27146,34,35,95382,85054,28,31,25,42,38,40,39,41,337,335,334,29,30,66125,26],"class_list":["post-570210","post","type-post","status-publish","format-standard","has-post-thumbnail","category-naglowki","tag-breaking-news","tag-breakingnews","tag-featured-news","tag-featurednews","tag-headlines","tag-jakub-kochanowski","tag-latest-news","tag-latestnews","tag-liga-narodw-siatkarzy","tag-marcel-bakaj","tag-naglowki","tag-najwazniejsze-artykuly","tag-news","tag-pl","tag-poland","tag-polish","tag-polska","tag-polski","tag-reprezentacja-polski-siatkarzy","tag-siatkwka","tag-sport-tvp-pl","tag-top-stories","tag-topstories","tag-vnl","tag-wiadomosci"],"share_on_mastodon":{"url":"","error":""},"_links":{"self":[{"href":"https:\/\/www.europesays.com\/pl\/wp-json\/wp\/v2\/posts\/570210","targetHints":{"allow":["GET"]}}],"collection":[{"href":"https:\/\/www.europesays.com\/pl\/wp-json\/wp\/v2\/posts"}],"about":[{"href":"https:\/\/www.europesays.com\/pl\/wp-json\/wp\/v2\/types\/post"}],"author":[{"embeddable":true,"href":"https:\/\/www.europesays.com\/pl\/wp-json\/wp\/v2\/users\/2"}],"replies":[{"embeddable":true,"href":"https:\/\/www.europesays.com\/pl\/wp-json\/wp\/v2\/comments?post=570210"}],"version-history":[{"count":0,"href":"https:\/\/www.europesays.com\/pl\/wp-json\/wp\/v2\/posts\/570210\/revisions"}],"wp:featuredmedia":[{"embeddable":true,"href":"https:\/\/www.europesays.com\/pl\/wp-json\/wp\/v2\/media\/570211"}],"wp:attachment":[{"href":"https:\/\/www.europesays.com\/pl\/wp-json\/wp\/v2\/media?parent=570210"}],"wp:term":[{"taxonomy":"category","embeddable":true,"href":"https:\/\/www.europesays.com\/pl\/wp-json\/wp\/v2\/categories?post=570210"},{"taxonomy":"post_tag","embeddable":true,"href":"https:\/\/www.europesays.com\/pl\/wp-json\/wp\/v2\/tags?post=570210"}],"curies":[{"name":"wp","href":"https:\/\/api.w.org\/{rel}","templated":true}]}}