{"id":570347,"date":"2026-07-21T15:36:12","date_gmt":"2026-07-21T15:36:12","guid":{"rendered":"https:\/\/www.europesays.com\/pl\/570347\/"},"modified":"2026-07-21T15:36:12","modified_gmt":"2026-07-21T15:36:12","slug":"musi-odejsc-grzmi-ws-infantino-na-koniec-smutny-wniosek-sportowefakty","status":"publish","type":"post","link":"https:\/\/www.europesays.com\/pl\/570347\/","title":{"rendered":"&quot;Musi odej\u015b\u0107&quot;. Grzmi ws. Infantino. Na koniec smutny wniosek &#8211; SportoweFakty"},"content":{"rendered":"<ol>\n<li><a href=\"https:\/\/news.google.com\/rss\/articles\/CBMipgFBVV95cUxOcVFZNUtFSk1JR2lLemkzNWZSY0plTGJLYWlGX3RZOC1waklTVmltZHI0RW9BNGpGTzBRbVlnYkdUd09lTmlBR2hfbVRDdG9adDFLQmVCSlplRzBQMlZBR0gwVGpiU0hBOXZHMENVZGo3TUtpbUFLRkJXekdRQTE5WE9pT2Z4YXMwNk1ZUnFsSFM0MEJEeUVrSUFrdGpCbllELTJMd1FB?oc=5\" target=\"_blank\" rel=\"nofollow noopener\">&#8222;Musi odej\u015b\u0107&#8221;. Grzmi ws. Infantino. Na koniec smutny wniosek<\/a>&nbsp;&nbsp;SportoweFakty<\/li>\n<li><a href=\"https:\/\/news.google.com\/rss\/articles\/CBMivwFBVV95cUxNRUVQd1liNE1JU04wdXN5RkN0dlh6MWx6RjlSNEZfZmZiRHkybmpVVFFNc1pKNC1QdTFaOWhicmgtMFBkRWVaQVFLWDFld2ZTczY3RHVWTndwcDNKa040NWtpZmJ2MjktdloxcW1McWVBdWxMdUxPYWlXRG5kbXVrclB3MGZoRGJITndLQ0VaRmpTRm4wVThNZHZtOVJRakN2ejZUTmFmanRWQ1hWc1RMVlctQ0FjN3NSZE9wcUtvOA?oc=5\" target=\"_blank\" rel=\"nofollow noopener\">Infantino si\u0119 doigra\u0142. Pojawi\u0142y si\u0119 powa\u017cne zarzuty. &#8222;Nadszed\u0142 jego czas&#8221;<\/a>&nbsp;&nbsp;Interia Sport<\/li>\n<li><a href=\"https:\/\/news.google.com\/rss\/articles\/CBMirgFBVV95cUxPWE9CaGF2R1VBdmFxX3o2Qm1aQVBVRVdzNnM1dHYxVmhNS2RtTm5HOTU4MEFZdldOT05VSk81cTJzWlFLZlotVFMyVVlBSHFzdWVfUnNZV1NNREpzak9zdWxkMW1iQjFnb3VXeWJ3T0dIeE41WW54NTRNanV0Ul9uUG9aVVpNV0hxT09leVZueTFVREJRNXhIalVTQnZ6eV9VeGZDSWxaTG5CcGRMb0E?oc=5\" target=\"_blank\" rel=\"nofollow noopener\">Infantino pod ostrza\u0142em. Hiszpanie nawo\u0142uj\u0105 do odej\u015bcia z FIFA<\/a>&nbsp;&nbsp;Meczyki.pl<\/li>\n<li><a href=\"https:\/\/news.google.com\/rss\/articles\/CBMioAFBVV95cUxPSUZmSEhmdTBycFFFVFo2UVZBMXVNemF1dnFxc2pxNGJIS3FWNXB0TUNIbDN3WFFndmVJU2dUYlE2MzZuREpVdVRRNEFOMWJ6RFhjLTBnWnpURXU1eXVwMTBBYUdMWExMU1pINS10bkJKT3JSelZNeV9xNWJCUGV4Y3ZBa0F6N1YxLWVRejJ6TUZCMHZxOGk4WENNbDFZb2lC?oc=5\" target=\"_blank\" rel=\"nofollow noopener\">Tebas: Infantino powinien odej\u015b\u0107, FIFA dzia\u0142a na szkod\u0119 futbolu<\/a>&nbsp;&nbsp;RealMadryt.pl<\/li>\n<li><a href=\"https:\/\/news.google.com\/rss\/articles\/CBMid0FVX3lxTE5ZSEd1WjM4Z0FKT0JxQzM1c3BRV2MwQTEycGstUDBrV05sSk0zc1l6S1pQa0s0MjdtQk9xUU5FZDlpWGxoNkV5ckJXazY0bEFNdjlUTDNMVGxtZFFBTXVTLU5vM29KVUl1S0hVVXN5OTZoOUVKdzlZ?oc=5\" target=\"_blank\" rel=\"nofollow noopener\">Prezes La Ligi: \u201eFIFA niszczy pi\u0142k\u0119 no\u017cn\u0105\u201d<\/a>&nbsp;&nbsp;Vietnam.vn<\/li>\n<\/ol>\n","protected":false},"excerpt":{"rendered":"&#8222;Musi odej\u015b\u0107&#8221;. Grzmi ws. Infantino. Na koniec smutny wniosek&nbsp;&nbsp;SportoweFakty Infantino si\u0119 doigra\u0142. Pojawi\u0142y si\u0119 powa\u017cne zarzuty. &#8222;Nadszed\u0142 jego&hellip;\n","protected":false},"author":2,"featured_media":570348,"comment_status":"","ping_status":"","sticky":false,"template":"","format":"standard","meta":{"footnotes":"","_share_on_mastodon":"0"},"categories":[24],"tags":[105394,5116,112433,3037,9090,269,42,38,40,39,41,127,126,97570],"class_list":["post-570347","post","type-post","status-publish","format-standard","has-post-thumbnail","category-sport","tag-folarin-balogun","tag-gianni-infantino","tag-javier-tebas","tag-mistrzostwa-swiata","tag-mistrzostwa-swiata-2026","tag-pilka-nozna","tag-pl","tag-poland","tag-polish","tag-polska","tag-polski","tag-sport","tag-sports","tag-studio-mundial"],"share_on_mastodon":{"url":"https:\/\/pubeurope.com\/@pl\/116958709997089967","error":""},"_links":{"self":[{"href":"https:\/\/www.europesays.com\/pl\/wp-json\/wp\/v2\/posts\/570347","targetHints":{"allow":["GET"]}}],"collection":[{"href":"https:\/\/www.europesays.com\/pl\/wp-json\/wp\/v2\/posts"}],"about":[{"href":"https:\/\/www.europesays.com\/pl\/wp-json\/wp\/v2\/types\/post"}],"author":[{"embeddable":true,"href":"https:\/\/www.europesays.com\/pl\/wp-json\/wp\/v2\/users\/2"}],"replies":[{"embeddable":true,"href":"https:\/\/www.europesays.com\/pl\/wp-json\/wp\/v2\/comments?post=570347"}],"version-history":[{"count":0,"href":"https:\/\/www.europesays.com\/pl\/wp-json\/wp\/v2\/posts\/570347\/revisions"}],"wp:featuredmedia":[{"embeddable":true,"href":"https:\/\/www.europesays.com\/pl\/wp-json\/wp\/v2\/media\/570348"}],"wp:attachment":[{"href":"https:\/\/www.europesays.com\/pl\/wp-json\/wp\/v2\/media?parent=570347"}],"wp:term":[{"taxonomy":"category","embeddable":true,"href":"https:\/\/www.europesays.com\/pl\/wp-json\/wp\/v2\/categories?post=570347"},{"taxonomy":"post_tag","embeddable":true,"href":"https:\/\/www.europesays.com\/pl\/wp-json\/wp\/v2\/tags?post=570347"}],"curies":[{"name":"wp","href":"https:\/\/api.w.org\/{rel}","templated":true}]}}