{"id":570821,"date":"2026-07-21T20:27:07","date_gmt":"2026-07-21T20:27:07","guid":{"rendered":"https:\/\/www.europesays.com\/pl\/570821\/"},"modified":"2026-07-21T20:27:07","modified_gmt":"2026-07-21T20:27:07","slug":"daniel-obajtek-staje-w-obronie-mateusza-morawieckiego-to-jest-moja-jasna-deklaracja","status":"publish","type":"post","link":"https:\/\/www.europesays.com\/pl\/570821\/","title":{"rendered":"Daniel Obajtek staje w obronie Mateusza Morawieckiego. &#8222;To jest moja jasna deklaracja&#8221;"},"content":{"rendered":"\n<p>Co napisa\u0142 Daniel Obajtek?<\/p>\n<p>&#8222;Jestem za jedno\u015bci\u0105 w PiS&#8221; \u2014 zaznaczy\u0142 europose\u0142 PiS na wst\u0119pie swojego wpisu. &#8222;To jest moja jasna deklaracja. Natomiast ta jedno\u015b\u0107 nie powinna oznacza\u0107 wyrzucenia z partii Mateusza Morawieckiego. Prosz\u0119, \u017ceby nie wykorzystywa\u0107 mojej deklaracji o jedno\u015bci do dalszych atak\u00f3w i k\u0142\u00f3tni. Pok\u00f3j w PiS! Tego potrzebujemy. Wr\u00f3g jest gdzie indziej. O tym pami\u0119tajmy&#8221; \u2014 doda\u0142 by\u0142y prezes Orlenu.<\/p>\n","protected":false},"excerpt":{"rendered":"Co napisa\u0142 Daniel Obajtek? &#8222;Jestem za jedno\u015bci\u0105 w PiS&#8221; \u2014 zaznaczy\u0142 europose\u0142 PiS na wst\u0119pie swojego wpisu. &#8222;To&hellip;\n","protected":false},"author":2,"featured_media":570822,"comment_status":"","ping_status":"","sticky":false,"template":"","format":"standard","meta":{"footnotes":"","_share_on_mastodon":"0"},"categories":[12],"tags":[61195,32,33,4477,36,37,27,49,34,35,3946,28,31,48,25,46,529,42,38,40,39,41,47,29,30,26],"class_list":["post-570821","post","type-post","status-publish","format-standard","has-post-thumbnail","category-polska","tag-bottomfeed_styl","tag-breaking-news","tag-breakingnews","tag-daniel_obajtek","tag-featured-news","tag-featurednews","tag-headlines","tag-kraj","tag-latest-news","tag-latestnews","tag-mateusz_morawiecki","tag-naglowki","tag-najwazniejsze-artykuly","tag-nat_styl","tag-news","tag-omp","tag-pis","tag-pl","tag-poland","tag-polish","tag-polska","tag-polski","tag-screening_general","tag-top-stories","tag-topstories","tag-wiadomosci"],"share_on_mastodon":{"url":"https:\/\/pubeurope.com\/@pl\/116959854328610980","error":""},"_links":{"self":[{"href":"https:\/\/www.europesays.com\/pl\/wp-json\/wp\/v2\/posts\/570821","targetHints":{"allow":["GET"]}}],"collection":[{"href":"https:\/\/www.europesays.com\/pl\/wp-json\/wp\/v2\/posts"}],"about":[{"href":"https:\/\/www.europesays.com\/pl\/wp-json\/wp\/v2\/types\/post"}],"author":[{"embeddable":true,"href":"https:\/\/www.europesays.com\/pl\/wp-json\/wp\/v2\/users\/2"}],"replies":[{"embeddable":true,"href":"https:\/\/www.europesays.com\/pl\/wp-json\/wp\/v2\/comments?post=570821"}],"version-history":[{"count":0,"href":"https:\/\/www.europesays.com\/pl\/wp-json\/wp\/v2\/posts\/570821\/revisions"}],"wp:featuredmedia":[{"embeddable":true,"href":"https:\/\/www.europesays.com\/pl\/wp-json\/wp\/v2\/media\/570822"}],"wp:attachment":[{"href":"https:\/\/www.europesays.com\/pl\/wp-json\/wp\/v2\/media?parent=570821"}],"wp:term":[{"taxonomy":"category","embeddable":true,"href":"https:\/\/www.europesays.com\/pl\/wp-json\/wp\/v2\/categories?post=570821"},{"taxonomy":"post_tag","embeddable":true,"href":"https:\/\/www.europesays.com\/pl\/wp-json\/wp\/v2\/tags?post=570821"}],"curies":[{"name":"wp","href":"https:\/\/api.w.org\/{rel}","templated":true}]}}