{"id":570987,"date":"2026-07-21T22:20:12","date_gmt":"2026-07-21T22:20:12","guid":{"rendered":"https:\/\/www.europesays.com\/pl\/570987\/"},"modified":"2026-07-21T22:20:12","modified_gmt":"2026-07-21T22:20:12","slug":"el-lm-90-minut-cierpienia-gornika-w-stambule","status":"publish","type":"post","link":"https:\/\/www.europesays.com\/pl\/570987\/","title":{"rendered":"El. LM: 90 minut cierpienia G\u00f3rnika w Stambule"},"content":{"rendered":"\n<p class=\"contentpart contentpart--default contentpart--text\" data-position=\"0\">Niby jest to tylko jedna bramka straty, ale G\u00f3rnik Zabrze musia\u0142by w rewan\u017cu zagra\u0107 po prostu wybitnie, by wyeliminowa\u0107 Fenerbahce. A przede wszystkim pokaza\u0107 COKOLWIEK w ofensywie, bo w Stambule z tym by\u0142o \u015brednio.<\/p>\n<p class=\"contentpart contentpart--default contentpart--text\" data-position=\"1\">Wiadomo &#8211; nikt nie oczekiwa\u0142 cud\u00f3w. Fenerbahce by\u0142o zdecydowanym faworytem i ze swojej roli si\u0119 wywi\u0105za\u0142o, cho\u0107 pewnie mo\u017cna by\u0142o oczekiwa\u0107 z ich strony nieco wi\u0119cej fajerwerk\u00f3w. A ogl\u0105dali\u015bmy g\u0142\u00f3wnie bardzo cierpliwie budowany atak pozycyjny, du\u017co poda\u0144.<\/p>\n<p>  <img decoding=\"async\" src=\"https:\/\/v.wpimg.pl\/X3dwLnN2d1IFFTpdYUl6R0ZNbgcnEHQREVV2TGEGbUtRT2MdOlZ2RBQUKABgQjQcDRotCStBd1IAAWMeIlM7VgwYIAorQAdEFFk_GCkQJQ\" alt=\"\" width=\"45\" height=\"58\" loading=\"lazy\"\/>  <\/p>\n<p class=\"contentpart contentpart--default contentpart--text\" data-position=\"2\">Czego mo\u017ce \u017ca\u0142owa\u0107 G\u00f3rnik? Ano tego, \u017ce straconego gola spokojnie mo\u017cna by\u0142o unikn\u0105\u0107.<\/p>\n<p class=\"contentpart contentpart--default contentpart--text\" data-position=\"3\">Talisca odda\u0142 celny strza\u0142 z 30 metr\u00f3w i&#8230; pi\u0142ka wpad\u0142a do siatki. Philipp Schulze \u017ale ustawi\u0142 mur i Talisca momentalnie to wykorzysta\u0142. Na takim poziomie nie mo\u017cna nie dopilnowa\u0107 takich rzeczy, a Niemiec ewidentnie si\u0119 tu nie popisa\u0142 (<a href=\"https:\/\/sportowefakty.wp.pl\/pilka-nozna\/1263657\/gornik-wytrzymal-do-37-minuty-tego-gola-mozna-bylo-uniknac\" rel=\"nofollow noopener\" target=\"_blank\">&#8212;-&gt; ZOBACZ<\/a>).<\/p>\n<p class=\"contentpart contentpart--default contentpart--text\" data-position=\"4\">ZOBACZ WIDEO: Poznajesz ten dom? Naprawd\u0119 obiecali to &#8222;Lewemu&#8221;<\/p>\n<p class=\"contentpart contentpart--default contentpart--text\" data-position=\"6\">Szkoda tym bardziej, \u017ce G\u00f3rnik wygl\u0105da\u0142 naprawd\u0119 nie\u017ale w defensywie. Oczywi\u015bcie, da\u0142 si\u0119 zepchn\u0105\u0107, to by\u0142o nieuniknione, maj\u0105c po drugiej stronie tak mocnego przeciwnika. Ale gospodarze wcale nie kreowali wielu dogodnych sytuacji. W pierwszej po\u0142owie &#8211; poza strzelonym golem &#8211; nie by\u0142o du\u017cego szturmu. Dobrze czy\u015bcili wszystko Rafa\u0142 Janicki i Josema.<\/p>\n<p>  <img decoding=\"async\" src=\"https:\/\/v.wpimg.pl\/X3dwLnN2d1IFFTpdYUl6R0ZNbgcnEHQREVV2TGEGbUtRT2MdOlZ2RBQUKABgQjQcDRotCStBd1IAAWMeIlM7VgwYIAorQAdEFFk_GCkQJQ\" alt=\"\" width=\"45\" height=\"58\" loading=\"lazy\"\/>  <\/p>\n<p class=\"contentpart contentpart--default contentpart--text\" data-position=\"7\">A do przodu? Niestety prawie nic. Mo\u017cemy wspomnie\u0107 strza\u0142 Erika Janzy z ostrego k\u0105ta, z kt\u00f3rym poradzi\u0142 sobie Mert Gunok. Albo jedn\u0105 czy dwie okazje, gdy kto\u015b zagrywa\u0142 pi\u0142k\u0119 w pole bramkowe i nikt tego nie zamyka\u0142. Ale to tyle. Na tym ko\u0144czymy wyliczank\u0119. Jak wida\u0107 &#8211; wystarczy\u0142o palc\u00f3w u jednej r\u0119ki. Trener Michal Gasparik zapowiada\u0142, \u017ce G\u00f3rnik nie przyjecha\u0142 do Stambu\u0142u, by jedynie si\u0119 broni\u0107. Mo\u017ce i tak, ale rywal nie pozwoli\u0142 w zasadzie na nic.<\/p>\n<p class=\"contentpart contentpart--default contentpart--text\" data-position=\"8\">Tak czy inaczej, ko\u0144cowy wynik nie do ko\u0144ca oddaje to, co dzia\u0142o si\u0119 na boisku. No w\u0142a\u015bnie &#8211; po przerwie gospodarze przycisn\u0119li i do mia\u017cd\u017c\u0105cej przewagi w posiadaniu pi\u0142ki do\u0142o\u017cyli znacznie gro\u017aniejsze sytuacje. W jednej z nich zrehabilitowa\u0142 si\u0119 Schulze, odbijaj\u0105c pi\u0142k\u0119 na s\u0142upek po strzale g\u0142ow\u0105 Taliski. A chwil\u0119 p\u00f3\u017aniej w poprzeczk\u0119 uderzy\u0142\u00a0Bartug Elmaz. Do tego par\u0119 akcji, gdy zwyczajnie brakowa\u0142o kogo\u015b na zamkni\u0119cie.<\/p>\n<p class=\"contentpart contentpart--default contentpart--text\" data-position=\"9\">Ostatecznie Fenerbahce wygrywa 1:0 i jest bli\u017cej III rundy eliminacji. Za tydzie\u0144 rewan\u017c w Zabrzu. C\u00f3\u017c, kto wie&#8230;<\/p>\n<p>  <img decoding=\"async\" src=\"https:\/\/v.wpimg.pl\/X3dwLnN2d1IFFTpdYUl6R0ZNbgcnEHQREVV2TGEGbUtRT2MdOlZ2RBQUKABgQjQcDRotCStBd1IAAWMeIlM7VgwYIAorQAdEFFk_GCkQJQ\" alt=\"\" width=\"45\" height=\"58\" loading=\"lazy\"\/>  <\/p>\n<p class=\"contentpart contentpart--default contentpart--text\" data-position=\"10\"><a href=\"https:\/\/sportowefakty.wp.pl\/pilka-nozna\/fenerbahce-stambul\" rel=\"nofollow noopener\" target=\"_blank\">Fenerbahce SK<\/a>\u00a0&#8211; <a href=\"https:\/\/sportowefakty.wp.pl\/pilka-nozna\/gornik-zabrze\" rel=\"nofollow noopener\" target=\"_blank\">G\u00f3rnik Zabrze<\/a>\u00a01:0 (1:0)<br \/>1:0 Talisca 37&#8242;<\/p>\n<p class=\"contentpart contentpart--default contentpart--text\" data-position=\"11\">Sk\u0142ady:<\/p>\n<p class=\"contentpart contentpart--default contentpart--text\" data-position=\"12\">Fenerbahce: Mert Gunok &#8211; Nelson Semedo, Milan Skriniar, Nathan Ake (46&#8242; Levent Mercan),\u00a0Jayden Oosterwolde &#8211; Fred, Matteo Guendouzi, Bartug Elmaz (69&#8242; Marco Asensio) &#8211; Irfan Can Kahveci (83&#8242; Mason Greenwood), Talisca (87&#8242; Sidiki Cherif), Kerem Akturkoglu (69&#8242; Oguz Aydin).<\/p>\n<p class=\"contentpart contentpart--default contentpart--text\" data-position=\"13\">G\u00f3rnik: Philipp Schulze &#8211; Michal Sacek, Rafa\u0142 Janicki, Josema, Erik Janza &#8211; Yvan Ikia Dimi (72&#8242; Ondrej Zmrzly), Lukas Sadilek, Maximilian Dietz (76&#8242; Bastien Donio), Kacper Urba\u0144ski (72&#8242; Sondre Liseth), Maksym Ch\u0142a\u0144 (90+2&#8242; Patryk Warczak) &#8211; Erik Prekop.<\/p>\n<p>  <img decoding=\"async\" src=\"https:\/\/v.wpimg.pl\/X3dwLnN2d1IFFTpdYUl6R0ZNbgcnEHQREVV2TGEGbUtRT2MdOlZ2RBQUKABgQjQcDRotCStBd1IAAWMeIlM7VgwYIAorQAdEFFk_GCkQJQ\" alt=\"\" width=\"45\" height=\"58\" loading=\"lazy\"\/>  <\/p>\n<p class=\"contentpart contentpart--default contentpart--text\" data-position=\"14\">S\u0119dzia:\u00a0Manfredas Lukjancukas (Litwa).<\/p>\n","protected":false},"excerpt":{"rendered":"Niby jest to tylko jedna bramka straty, ale G\u00f3rnik Zabrze musia\u0142by w rewan\u017cu zagra\u0107 po prostu wybitnie, by&hellip;\n","protected":false},"author":2,"featured_media":570988,"comment_status":"","ping_status":"","sticky":false,"template":"","format":"standard","meta":{"footnotes":"","_share_on_mastodon":"0"},"categories":[24],"tags":[693,2290,4979,270,269,15255,278,42,38,40,39,41,127,126,41040,8472,192],"class_list":["post-570987","post","type-post","status-publish","format-standard","has-post-thumbnail","category-sport","tag-europejskie-puchary","tag-fenerbahce-sk","tag-gornik-zabrze","tag-liga-mistrzow","tag-pilka-nozna","tag-pilka-nozna-w-turcji","tag-pilka-w-europie","tag-pl","tag-poland","tag-polish","tag-polska","tag-polski","tag-sport","tag-sports","tag-stadion-fenerbahce-sukru-saracoglu-w-stambule","tag-stambul","tag-turcja"],"share_on_mastodon":{"url":"","error":""},"_links":{"self":[{"href":"https:\/\/www.europesays.com\/pl\/wp-json\/wp\/v2\/posts\/570987","targetHints":{"allow":["GET"]}}],"collection":[{"href":"https:\/\/www.europesays.com\/pl\/wp-json\/wp\/v2\/posts"}],"about":[{"href":"https:\/\/www.europesays.com\/pl\/wp-json\/wp\/v2\/types\/post"}],"author":[{"embeddable":true,"href":"https:\/\/www.europesays.com\/pl\/wp-json\/wp\/v2\/users\/2"}],"replies":[{"embeddable":true,"href":"https:\/\/www.europesays.com\/pl\/wp-json\/wp\/v2\/comments?post=570987"}],"version-history":[{"count":0,"href":"https:\/\/www.europesays.com\/pl\/wp-json\/wp\/v2\/posts\/570987\/revisions"}],"wp:featuredmedia":[{"embeddable":true,"href":"https:\/\/www.europesays.com\/pl\/wp-json\/wp\/v2\/media\/570988"}],"wp:attachment":[{"href":"https:\/\/www.europesays.com\/pl\/wp-json\/wp\/v2\/media?parent=570987"}],"wp:term":[{"taxonomy":"category","embeddable":true,"href":"https:\/\/www.europesays.com\/pl\/wp-json\/wp\/v2\/categories?post=570987"},{"taxonomy":"post_tag","embeddable":true,"href":"https:\/\/www.europesays.com\/pl\/wp-json\/wp\/v2\/tags?post=570987"}],"curies":[{"name":"wp","href":"https:\/\/api.w.org\/{rel}","templated":true}]}}