{"id":571062,"date":"2026-07-21T23:16:31","date_gmt":"2026-07-21T23:16:31","guid":{"rendered":"https:\/\/www.europesays.com\/pl\/571062\/"},"modified":"2026-07-21T23:16:31","modified_gmt":"2026-07-21T23:16:31","slug":"gigantyczne-zarobki-krakowskiego-lekarza-dyrektor-szpitala-tlumaczy","status":"publish","type":"post","link":"https:\/\/www.europesays.com\/pl\/571062\/","title":{"rendered":"Gigantyczne zarobki krakowskiego lekarza. Dyrektor szpitala t\u0142umaczy"},"content":{"rendered":"<p>Redakcja poleca192 tys. z\u0142 miesi\u0119cznie zarobi\u0142 lekarz w Krakowie<\/p>\n<p class=\"font-primary mb-8 text-lg leading-[1.55] [&amp;_a]:text-[#23437D] [&amp;_a]:underline [&amp;_a]:font-bold\">Wspomniany specjalista znalaz\u0142 si\u0119 na li\u015bcie najlepiej zarabiaj\u0105cych lekarzy w Polsce, przygotowanej przez TVN24. Tylko w 2025 roku zarobi\u0142 on 2,3 mln z\u0142 brutto, co przek\u0142ada si\u0119 na 192 tys. z\u0142 miesi\u0119cznie. W rozmowie z Radiem Krak\u00f3w dyrektor Szpitala im. J\u00f3zefa Dietla w Krakowie\u00a0lek. Wojciech Zar\u0119ba t\u0142umaczy\u0142, \u017ce zarobki specjalisty nie wynikaj\u0105 z liczby przepracowanych godzin, a wyceny wykonywanych przez niego zabieg\u00f3w.\u00a0Podkre\u015bla\u0142 przy tym, \u017ce omawiany lekarz to wysokiej klasy specjalista.\u00a0<\/p>\n<p class=\"text-dark text-center text-lg leading-[1.35] font-semibold italic md:!text-2xl\">W naszym szpitalu s\u0105 przeprowadzane operacje, kt\u00f3re wydaje si\u0119, \u017ce nie s\u0105 mo\u017cliwe do przeprowadzenia w innych jednostkach. A doktor si\u0119 ich podejmuje. I ko\u0144cz\u0105 si\u0119 one sukcesem<\/p>\n<p>lek. Wojciech Zar\u0119ba dla Radia Krak\u00f3w&#8221;To wymaga przemy\u015ble\u0144&#8221;<\/p>\n<p class=\"font-primary mb-8 text-lg leading-[1.55] [&amp;_a]:text-[#23437D] [&amp;_a]:underline [&amp;_a]:font-bold\"><a href=\"https:\/\/polskieradio24.pl\/polska\/1000-godzin-miesiecznie-i-18-mln-zl-w-rok-kolejny-skandal-w-sluzbie-zdrowia\" rel=\"nofollow noopener\" target=\"_blank\">W ramach kontraktu<\/a> lekarz otrzymuje procent od wyceny wykonanego zabiegu. Pracuje na oddziale, w poradni specjalistycznej, wykonuje procedury ambulatoryjne oraz us\u0142ugi komercyjne, kt\u00f3re s\u0105 op\u0142acane przez pacjent\u00f3w. Gigantyczne <a href=\"https:\/\/polskieradio24.pl\/polska\/chca-pokazac-mape-zarobkow-lekarzy-w-polsce-szpitale-odmawiaja\" rel=\"nofollow noopener\" target=\"_blank\">zarobki specjalisty<\/a> bior\u0105 si\u0119 z bardzo wysokiej wyceny zabieg\u00f3w ortopedycznych i neurochirurgicznych. Dyrektor plac\u00f3wki podkre\u015bli\u0142, \u017ce w ca\u0142ym kraju oddzia\u0142y takie, jak ortopedia czy urologia, utrzymuj\u0105 ca\u0142e szpitale &#8222;na powierzchni&#8221;. &#8211;\u00a0To wymaga przemy\u015blenia i zmian &#8211; zaznaczy\u0142.\u00a0<\/p>\n<p class=\"font-primary mb-8 text-lg leading-[1.55] [&amp;_a]:text-[#23437D] [&amp;_a]:underline [&amp;_a]:font-bold\">Dyrektorka\u00a0Instytutu Zdrowia Publicznego UJ\u00a0prof. Iwona Kowalska-Bobko doda\u0142a, \u017ce chodzi nie tylko o wycen\u0119 procedur, ale r\u00f3wnie\u017c rodzaju um\u00f3w pomi\u0119dzy szpitalami a lekarzami. Na przyk\u0142adzie, jakim jest ortopedia, r\u00f3\u017cnic\u0119 bardzo \u0142atwo zobrazowa\u0107. W przypadku zabiegu wycenianego na 10 tys. z\u0142, z kt\u00f3rego specjalista otrzymuje 20 proc., wystarczy przeprowadzenie 10 operacji, aby osi\u0105gn\u0105\u0107 doch\u00f3d na poziomie 40 tys. z\u0142.\u00a0<\/p>\n<p>Dlaczego kontrakty B2B?<\/p>\n<p class=\"font-primary mb-8 text-lg leading-[1.55] [&amp;_a]:text-[#23437D] [&amp;_a]:underline [&amp;_a]:font-bold\">Kontrakty B2B to szansa na wi\u0119ksze <a href=\"https:\/\/polskieradio24.pl\/polska\/premier-oglasza-ws-zarobkow-lekarzy-padla-maksymalna-stawka\" rel=\"nofollow noopener\" target=\"_blank\">zarobki dla lekarza<\/a>\u00a0oraz mniejszy &#8222;problem&#8221; dla szpitala, kt\u00f3ry nie ponosi koszt\u00f3w zatrudnienia. Wed\u0142ug Kowalskiej-Bobko wiele spo\u015br\u00f3d tych kontrakt\u00f3w w istocie spe\u0142nia warunki umowy o prac\u0119. Pa\u0144stwowa Inspekcja Pracy zgodnie z reform\u0105 mo\u017ce skorygowa\u0107 tak\u0105 umow\u0119, a cho\u0107 wed\u0142ug szefowej instytutu lekarze powinni mie\u0107 wysokie zarobki, to nie powinny one osi\u0105ga\u0107 &#8222;patologicznego poziomu&#8221;.\u00a0<\/p>\n<p class=\"font-primary mb-8 text-lg leading-[1.55] [&amp;_a]:text-[#23437D] [&amp;_a]:underline [&amp;_a]:font-bold\">&#8211;\u00a0Ja si\u0119 na to nie zgadzam i wiele os\u00f3b zapewne si\u0119 na to nie zgadza, aby lekarz zarabia\u0142 ponad 2 miliony rocznie. To jest my\u015bl\u0119, \u017ce nawet nieetyczne w stosunku do innych pracownik\u00f3w ochrony zdrowia &#8211; powiedzia\u0142a Radiu Krak\u00f3w. Wed\u0142ug niej pensja powinna by\u0107 uzale\u017cniona od miejsca pracy, jej charakteru, kompetencji medyk\u00f3w i zespo\u0142u, w jakim pracuj\u0105.\u00a0<\/p>\n<p>Redakcja poleca<\/p>\n","protected":false},"excerpt":{"rendered":"Redakcja poleca192 tys. z\u0142 miesi\u0119cznie zarobi\u0142 lekarz w Krakowie Wspomniany specjalista znalaz\u0142 si\u0119 na li\u015bcie najlepiej zarabiaj\u0105cych lekarzy&hellip;\n","protected":false},"author":2,"featured_media":571063,"comment_status":"","ping_status":"","sticky":false,"template":"","format":"standard","meta":{"footnotes":"","_share_on_mastodon":"0"},"categories":[51606],"tags":[1304,42,38,40,39,41,5602,3455],"class_list":["post-571062","post","type-post","status-publish","format-standard","has-post-thumbnail","category-krakow","tag-krakow","tag-pl","tag-poland","tag-polish","tag-polska","tag-polski","tag-szpital","tag-zarobki"],"share_on_mastodon":{"url":"https:\/\/pubeurope.com\/@pl\/116960518757686100","error":""},"_links":{"self":[{"href":"https:\/\/www.europesays.com\/pl\/wp-json\/wp\/v2\/posts\/571062","targetHints":{"allow":["GET"]}}],"collection":[{"href":"https:\/\/www.europesays.com\/pl\/wp-json\/wp\/v2\/posts"}],"about":[{"href":"https:\/\/www.europesays.com\/pl\/wp-json\/wp\/v2\/types\/post"}],"author":[{"embeddable":true,"href":"https:\/\/www.europesays.com\/pl\/wp-json\/wp\/v2\/users\/2"}],"replies":[{"embeddable":true,"href":"https:\/\/www.europesays.com\/pl\/wp-json\/wp\/v2\/comments?post=571062"}],"version-history":[{"count":0,"href":"https:\/\/www.europesays.com\/pl\/wp-json\/wp\/v2\/posts\/571062\/revisions"}],"wp:featuredmedia":[{"embeddable":true,"href":"https:\/\/www.europesays.com\/pl\/wp-json\/wp\/v2\/media\/571063"}],"wp:attachment":[{"href":"https:\/\/www.europesays.com\/pl\/wp-json\/wp\/v2\/media?parent=571062"}],"wp:term":[{"taxonomy":"category","embeddable":true,"href":"https:\/\/www.europesays.com\/pl\/wp-json\/wp\/v2\/categories?post=571062"},{"taxonomy":"post_tag","embeddable":true,"href":"https:\/\/www.europesays.com\/pl\/wp-json\/wp\/v2\/tags?post=571062"}],"curies":[{"name":"wp","href":"https:\/\/api.w.org\/{rel}","templated":true}]}}