{"id":571158,"date":"2026-07-22T00:20:13","date_gmt":"2026-07-22T00:20:13","guid":{"rendered":"https:\/\/www.europesays.com\/pl\/571158\/"},"modified":"2026-07-22T00:20:13","modified_gmt":"2026-07-22T00:20:13","slug":"antybohater-finalu-gral-z-peknietym-zebrem-szokujace-kulisy","status":"publish","type":"post","link":"https:\/\/www.europesays.com\/pl\/571158\/","title":{"rendered":"Antybohater fina\u0142u gra\u0142 z p\u0119kni\u0119tym \u017cebrem. Szokuj\u0105ce kulisy"},"content":{"rendered":"<p>Po\u00a0finale mistrzostw \u015bwiata bardzo du\u017co si\u0119 o\u00a0nim m\u00f3wi\u0142o. Jednak z\u00a0pewno\u015bci\u0105 nie\u00a0w\u00a0takim kontek\u015bcie, w\u00a0jakim by\u00a0tego oczekiwa\u0142. Po\u00a0finale wysz\u0142o na\u00a0jaw, \u017ce\u00a0przez\u00a0trzy ostatnie mecze gra\u0142 z\u00a0powa\u017cn\u0105 kontuzj\u0105, a\u00a0w\u00a0niekt\u00f3re dni mia\u0142 nawet problemy z\u00a0oddychaniem. Kilkadziesi\u0105t minut po\u00a0przegranym meczu znalaz\u0142 si\u0119 natomiast w\u00a0centrum wielkiej awantury.<\/p>\n<p>Trzy mecze z\u00a0p\u0119kni\u0119tym \u017cebrem<\/p>\n<p>Leandro Paredes mia\u0142 rozegra\u0107 trzy ostatnie spotkania mistrzostw \u015bwiata z\u00a0p\u0119kni\u0119tym \u017cebrem. Informacj\u0119 ujawni\u0142 argenty\u0144ski dziennikarz Martin Arevalo, kt\u00f3ry\u00a0przekaza\u0142, \u017ce\u00a0pomocnik zmaga\u0142 si\u0119 z\u00a0urazem podczas mecz\u00f3w ze\u00a0Szwajcari\u0105, Angli\u0105 i\u00a0Hiszpani\u0105. Wed\u0142ug jego relacji kontuzja by\u0142a na\u00a0tyle bolesna, \u017ce\u00a0zdarza\u0142y si\u0119 dni, w\u00a0kt\u00f3rych\u00a0zawodnikowi trudno by\u0142o nawet oddycha\u0107.<\/p>\n<p>Problem mia\u0142 by\u0107 utrzymywany w\u00a0tajemnicy z\u00a0bardzo konkretnego powodu. Argenty\u0144czycy obawiali si\u0119, \u017ce\u00a0rywale b\u0119d\u0105 pr\u00f3bowali celowo atakowa\u0107 kontuzjowane miejsce i\u00a0wykorzystywa\u0107 s\u0142abo\u015b\u0107 Paredesa. Nie\u00a0chodzi\u0142o wi\u0119c\u00a0wy\u0142\u0105cznie o\u00a0ochron\u0119 informacji przed\u00a0mediami, ale\u00a0r\u00f3wnie\u017c o\u00a0to, by\u00a0przeciwnicy nie\u00a0dostali jasnej wskaz\u00f3wki, gdzie mo\u017cna szczeg\u00f3lnie mocno uderzy\u0107.<\/p>\n<blockquote class=\"twitter-tweet\">\n<p dir=\"ltr\" lang=\"es\">\ud83c\udde6\ud83c\uddf7\u274c Leandro Paredes disput\u00f3 los \u00daLTIMOS TRES PARTIDOS con una FISURA EN\u00a0UNA COSTILLA.<\/p>\n<p>\u26d4\ufe0f Hubo d\u00edas donde incluso le COST\u00d3 RESPIRAR.<\/p>\n<p>\u26a0\ufe0f Esta noticia NO\u00a0TRASCENDI\u00d3 para evitar que los rivales vayan a\u00a0buscarlo.<\/p>\n<p>v\u00eda <a href=\"https:\/\/x.com\/arevalo_martin?ref_src=twsrc%5Etfw\" target=\"_blank\" rel=\"noopener noreferrer nofollow\">@arevalo_martin<\/a> <a href=\"https:\/\/t.co\/biWoy40ywX\" target=\"_blank\" rel=\"noopener noreferrer nofollow\">pic.twitter.com\/biWoy40ywX<\/a><\/p>\n<p>\u2014\u00a0JS (@juegosimple__) <a href=\"https:\/\/x.com\/juegosimple__\/status\/2079212400356593972?ref_src=twsrc%5Etfw\" target=\"_blank\" rel=\"noopener noreferrer nofollow\">July 20, 2026<\/a><\/p>\n<\/blockquote>\n<p>Antybohater fina\u0142u<\/p>\n<p>W\u00a0przegranym 0:1 po\u00a0dogrywce finale z\u00a0Hiszpani\u0105 Paredes rozpocz\u0105\u0142 spotkanie na\u00a0\u0142awce rezerwowych. Na\u00a0boisku pojawi\u0142 si\u0119 na\u00a0pocz\u0105tku drugiej po\u0142owy, zmieniaj\u0105c Nico Gonzaleza. Sama obecno\u015b\u0107 pomocnika w\u00a0tak\u00a0trudnym momencie turnieju pokazuje, jak du\u017c\u0105 rol\u0119 mia\u0142 u\u00a0trenera Scaloniego.<\/p>\n<p>Kontuzja nie\u00a0sprawi\u0142a jednak, \u017ce\u00a0jego wyst\u0119p w\u00a0finale przeszed\u0142 bez\u00a0kontrowersji. Wr\u0119cz przeciwnie. Paredes by\u0142 jednym z\u00a0najbardziej widocznych uczestnik\u00f3w awantury, do\u00a0kt\u00f3rej\u00a0dosz\u0142o ju\u017c po\u00a0ko\u0144cowym gwizdku.<\/p>\n<p>Utrata kontroli i\u00a0awantura z\u00a0Hiszpanami<\/p>\n<p>Po\u00a0zwyci\u0119stwie Hiszpanii na\u00a0murawie dosz\u0142o do\u00a0przepychanek mi\u0119dzy zawodnikami obu dru\u017cyn. Paredes star\u0142 si\u0119 z\u00a0Erikiem Garci\u0105, a\u00a0p\u00f3\u017aniej w\u0142\u0105czy\u0142 si\u0119 r\u00f3wnie\u017c w\u00a0konflikt z\u00a0Gavim.<\/p>\n<p>Jego zachowanie spotka\u0142o si\u0119 z\u00a0ostr\u0105 krytyk\u0105. Byli pi\u0142karze i\u00a0eksperci podkre\u015blali, \u017ce\u00a0pora\u017cka w\u00a0finale mo\u017ce bole\u0107, ale\u00a0nie\u00a0usprawiedliwia przemocy po\u00a0zako\u0144czeniu spotkania. Trudno si\u0119 dziwi\u0107 takim komentarzom. Paredesowi po\u00a0prostu \u201eodci\u0119\u0142o pr\u0105d\u201d.<\/p>\n<p>Nic nie\u00a0usprawiedliwia jego zachowania<\/p>\n<p class=\"isSelectedEnd\">Informacja o\u00a0grze z\u00a0p\u0119kni\u0119tym \u017cebrem bez\u00a0w\u0105tpienia zmienia spojrzenie na\u00a0wysi\u0142ek Paredesa podczas ko\u0144c\u00f3wki mundialu. Trudno ignorowa\u0107 fakt, \u017ce\u00a0przez\u00a0trzy mecze mia\u0142 wyst\u0119powa\u0107 z\u00a0powa\u017cnym urazem, kt\u00f3ry\u00a0wed\u0142ug relacji momentami utrudnia\u0142 mu\u00a0oddychanie. To\u00a0pokazuje ogromne po\u015bwi\u0119cenie dla reprezentacji.<\/p>\n<p>Nie\u00a0mo\u017cna jednak u\u017cywa\u0107 kontuzji jako usprawiedliwienia dla wydarze\u0144 po\u00a0finale. Paredes m\u00f3g\u0142 zagra\u0107 z\u00a0b\u00f3lem i\u00a0da\u0107 z\u00a0siebie wszystko na\u00a0boisku, ale\u00a0po\u00a0ko\u0144cowym gwizdku jego zachowanie by\u0142o osobn\u0105 spraw\u0105. Jedno nie\u00a0kasuje drugiego.<\/p>\n<p>Dwa oblicza Paredesa<\/p>\n<p>W\u00a0efekcie mundial Paredesa ma\u00a0dzi\u015b dwa zupe\u0142nie r\u00f3\u017cne oblicza. Z\u00a0jednej strony jest historia zawodnika, kt\u00f3ry\u00a0mia\u0142 przez\u00a0trzy spotkania gra\u0107 z\u00a0p\u0119kni\u0119tym \u017cebrem i\u00a0mimo problem\u00f3w fizycznych pomaga\u0107 Argentynie w\u00a0walce o\u00a0tytu\u0142. Z\u00a0drugiej, widzimy obraz pi\u0142karza, kt\u00f3ry\u00a0po\u00a0przegranym finale da\u0142 si\u0119 wci\u0105gn\u0105\u0107 w\u00a0przepychanki i\u00a0zako\u0144czy\u0142 turniej w\u00a0fatalnym stylu, tak\u00a0jak i\u00a0jego kadra.<\/p>\n<p>Fot.\u00a0Newspix<\/p>\n<p>                    <script async src=\"https:\/\/platform.twitter.com\/widgets.js\" charset=\"utf-8\"><\/script><\/p>\n","protected":false},"excerpt":{"rendered":"Po\u00a0finale mistrzostw \u015bwiata bardzo du\u017co si\u0119 o\u00a0nim m\u00f3wi\u0142o. Jednak z\u00a0pewno\u015bci\u0105 nie\u00a0w\u00a0takim kontek\u015bcie, w\u00a0jakim by\u00a0tego oczekiwa\u0142. Po\u00a0finale wysz\u0142o na\u00a0jaw,&hellip;\n","protected":false},"author":2,"featured_media":571159,"comment_status":"","ping_status":"","sticky":false,"template":"","format":"standard","meta":{"footnotes":"","_share_on_mastodon":"0"},"categories":[24],"tags":[968,112127,42,38,40,39,41,127,126],"class_list":["post-571158","post","type-post","status-publish","format-standard","has-post-thumbnail","category-sport","tag-argentyna","tag-leandro-paredes","tag-pl","tag-poland","tag-polish","tag-polska","tag-polski","tag-sport","tag-sports"],"share_on_mastodon":{"url":"https:\/\/pubeurope.com\/@pl\/116960770490425146","error":""},"_links":{"self":[{"href":"https:\/\/www.europesays.com\/pl\/wp-json\/wp\/v2\/posts\/571158","targetHints":{"allow":["GET"]}}],"collection":[{"href":"https:\/\/www.europesays.com\/pl\/wp-json\/wp\/v2\/posts"}],"about":[{"href":"https:\/\/www.europesays.com\/pl\/wp-json\/wp\/v2\/types\/post"}],"author":[{"embeddable":true,"href":"https:\/\/www.europesays.com\/pl\/wp-json\/wp\/v2\/users\/2"}],"replies":[{"embeddable":true,"href":"https:\/\/www.europesays.com\/pl\/wp-json\/wp\/v2\/comments?post=571158"}],"version-history":[{"count":0,"href":"https:\/\/www.europesays.com\/pl\/wp-json\/wp\/v2\/posts\/571158\/revisions"}],"wp:featuredmedia":[{"embeddable":true,"href":"https:\/\/www.europesays.com\/pl\/wp-json\/wp\/v2\/media\/571159"}],"wp:attachment":[{"href":"https:\/\/www.europesays.com\/pl\/wp-json\/wp\/v2\/media?parent=571158"}],"wp:term":[{"taxonomy":"category","embeddable":true,"href":"https:\/\/www.europesays.com\/pl\/wp-json\/wp\/v2\/categories?post=571158"},{"taxonomy":"post_tag","embeddable":true,"href":"https:\/\/www.europesays.com\/pl\/wp-json\/wp\/v2\/tags?post=571158"}],"curies":[{"name":"wp","href":"https:\/\/api.w.org\/{rel}","templated":true}]}}