{"id":571178,"date":"2026-07-22T00:33:11","date_gmt":"2026-07-22T00:33:11","guid":{"rendered":"https:\/\/www.europesays.com\/pl\/571178\/"},"modified":"2026-07-22T00:33:11","modified_gmt":"2026-07-22T00:33:11","slug":"porownanie-ceny-hurtowej-paliwa-dla-ukrainy-z-detaliczna-w-polsce-to-manipulacja","status":"publish","type":"post","link":"https:\/\/www.europesays.com\/pl\/571178\/","title":{"rendered":"Por\u00f3wnanie ceny hurtowej paliwa dla Ukrainy z detaliczn\u0105 w Polsce to manipulacja"},"content":{"rendered":"<p>W zwi\u0105zku z odpowiedzi\u0105 na <a href=\"https:\/\/www.sejm.gov.pl\/Sejm10.nsf\/interpelacja.xsp?typ=ZAP&amp;nr=3296\" rel=\"nofollow noopener\" target=\"_blank\">zapytanie<\/a> z\u0142o\u017cone przez Andrzeja Zapa\u0142owskiego, pos\u0142a Konfederacji, w sieci pojawi\u0142a si\u0119 narracja por\u00f3wnuj\u0105ca ceny hurtowe paliwa sprzedawanego Ukrainie z cenami detalicznymi na polskich stacjach. W artykule wyja\u015bniamy, dlaczego takie zestawienie jest manipulacj\u0105.<\/p>\n<p>Teza:<\/p>\n<p>\nSprzedajemy Ukrainie paliwo za nieca\u0142e 3 z\u0142, a polscy kierowcy p\u0142ac\u0105 w tym czasie ponad 7 z\u0142 za litr.<\/p>\n<p><a href=\"https:\/\/x.com\/A_Zapalowski\/status\/2079090614302355531\" target=\"_blank\" rel=\"noopener nofollow\"><img data-lazyloaded=\"1\" fetchpriority=\"high\" decoding=\"async\" class=\"wp-image-25412 size-full\" src=\"https:\/\/www.europesays.com\/pl\/wp-content\/uploads\/2026\/07\/Zapalowski.jpg\" alt=\"Paliwo za 3 z\u0142\" width=\"716\" height=\"934\"  data-\/><\/a>\u0179r\u00f3d\u0142o: X\/Andrzej Zapa\u0142owskiManipulacja w cenach paliwa<\/p>\n<p>Odpowied\u017a na <a href=\"https:\/\/www.sejm.gov.pl\/Sejm10.nsf\/interpelacja.xsp?typ=ZAP&amp;nr=3296\" target=\"_blank\" rel=\"nofollow noopener\">zapytanie<\/a> pos\u0142a Zapa\u0142owskiego w sprawie sprzeda\u017cy oleju nap\u0119dowego i benzyny na Ukrainie wp\u0142yn\u0119\u0142a 6 maja 2026 roku. Du\u017c\u0105 popularno\u015b\u0107 zyska\u0142a po tym, gdy parlamentarzysta <a href=\"https:\/\/x.com\/A_Zapalowski\/status\/2079090614302355531\" target=\"_blank\" rel=\"nofollow noopener\">opublikowa\u0142<\/a> j\u0105 20 lipca na swoim koncie na portalu X. Post z za\u0142\u0105cznikiem opatrzy\u0142 komentarzem: \u201eNarzekacie na ceny paliw? Ukraina dostaje od Polski poni\u017cej 3 z\u0142\u201d.<\/p>\n<p>Podobnie skomentowa\u0142 to inny pose\u0142 Konfederacji, Przemys\u0142aw Wipler, por\u00f3wnuj\u0105c cen\u0119 hurtow\u0105 paliwa dla Ukrainy w przeliczeniu na litr z cenami detalicznymi dla polskich kierowc\u00f3w.<\/p>\n<p><a href=\"https:\/\/x.com\/Wipler1978\/status\/2079167337761026356\" target=\"_blank\" rel=\"noopener nofollow\"><img loading=\"lazy\" data-lazyloaded=\"1\" decoding=\"async\" class=\"wp-image-25413 size-full\" src=\"https:\/\/www.europesays.com\/pl\/wp-content\/uploads\/2026\/07\/Wipler.jpg\" alt=\"Paliwo dla Ukrainy\" width=\"793\" height=\"196\"  data-\/><\/a>\u0179r\u00f3d\u0142o: X\/Przemys\u0142aw Wipler<\/p>\n<p>Spraw\u0119 ceny sprzeda\u017cy paliwa Ukrainie skomentowa\u0142 te\u017c m.in. Tygodnik Solidarno\u015b\u0107 we <a href=\"https:\/\/www.facebook.com\/story.php?story_fbid=1475839347905864&amp;id=100064394394055\" target=\"_blank\" rel=\"nofollow noopener\">wpisie<\/a> na Facebooku. Post uzupe\u0142niono grafik\u0105 u\u015bmiechni\u0119tego prezydenta Ze\u0142enskiego przy dystrybutorach. Wiele komentarzy pod wpisem \u015bwiadczy o tym, \u017ce czytelnicy czasopisma b\u0142\u0119dnie zinterpretowali odpowied\u017a Ministerstwa Finans\u00f3w, przyr\u00f3wnuj\u0105c cen\u0119 eksportow\u0105 z 2025 roku do aktualnych cen detalicznych na stacjach paliw.<\/p>\n<p><img loading=\"lazy\" data-lazyloaded=\"1\" decoding=\"async\" class=\"wp-image-25416 size-full\" src=\"https:\/\/www.europesays.com\/pl\/wp-content\/uploads\/2026\/07\/tysol-1.jpg\" alt=\"Paliwo dla Ukrainy\" width=\"1980\" height=\"1830\"  data-\/>\u0179r\u00f3d\u0142o: Facebook\/Tygodnik Solidarno\u015b\u0107Wyja\u015bnienia sp\u00f3\u0142ki Orlen<\/p>\n<p>Por\u00f3wnanie ceny eksportowej paliwa dla Ukrainy w przeliczeniu na litr do ceny detalicznej oleju nap\u0119dowego czy benzyny na pylonie to manipulacja.<\/p>\n<p>R\u00f3\u017cnica wynika przede wszystkim z narzut\u00f3w\u00a0w cenie ko\u0144cowej w Polsce, kt\u00f3ra opr\u00f3cz hurtowej ceny netto <a href=\"https:\/\/www.e-petrol.pl\/notowania\/pomocne-informacje\/podzial-skladnikow-cen-paliw\" target=\"_blank\" rel=\"nofollow noopener\">zawiera<\/a>:akcyz\u0119 + op\u0142at\u0119 paliwow\u0105,op\u0142at\u0119 emisyjn\u0105,VAT 23%,mar\u017c\u0119 stacji detalicznej.<\/p>\n<p>Cena eksportowa dla Ukrainy wyliczona przez pos\u0142a Zapa\u0142owskiego (2,94 z\u0142\/l w 2025 r.) to cena hurtowa netto z mar\u017c\u0105 oraz kosztem transportu. Nie wlicza si\u0119 do niej akcyzy, op\u0142aty paliwowej, emisyjnej i mar\u017cy stacji detalicznej. Finalna cena detaliczna, kt\u00f3r\u0105 p\u0142ac\u0105 kierowcy, zawiera r\u00f3wnie\u017c dodatkowe op\u0142aty. <\/p>\n<p>Aktualnie <a href=\"https:\/\/www.cargopedia.pl\/europejskie-ceny-paliw\" target=\"_blank\" rel=\"nofollow noopener\">ceny<\/a> benzyny i oleju nap\u0119dowego u naszego wschodniego s\u0105siada s\u0105 o kilkadziesi\u0105t groszy ni\u017csze ni\u017c w Polsce. Wp\u0142yw na to ma znacznie <a href=\"https:\/\/ips.ligazakon.net\/document\/sh000576\" target=\"_blank\" rel=\"nofollow noopener\">ni\u017csza<\/a> akcyza i inne obci\u0105\u017cenia fiskalne na paliwa. Dla por\u00f3wnania w Polsce VAT na paliwa to 23%, w Ukrainie stawka VAT to <a href=\"https:\/\/taxsummaries.pwc.com\/ukraine\/corporate\/other-taxes\" rel=\"nofollow noopener\" target=\"_blank\">20%<\/a>. Nasi s\u0105siedzi s\u0105 poza Uni\u0105 Europejsk\u0105, zatem nie musz\u0105 dolicza\u0107 op\u0142aty emisyjnej. W Polsce warto\u015b\u0107 tej daniny <a href=\"https:\/\/sip.lex.pl\/akty-prawne\/dzu-dziennik-ustaw\/prawo-ochrony-srodowiska-16901353\/tyt-5-dz-5\" target=\"_blank\" rel=\"nofollow noopener\">wynosi<\/a> 8 groszy na litr.<\/p>\n<p>Sp\u00f3\u0142ka Orlen odnios\u0142a si\u0119 do tej kr\u0105\u017c\u0105cej w sieci manipulacji w <a href=\"https:\/\/x.com\/b_prasoweORLEN\/status\/2053844137313534391\" target=\"_blank\" rel=\"nofollow noopener\">komunikacie<\/a> z 11 maja, wyja\u015bniaj\u0105c w nim nieuczciwo\u015b\u0107 w por\u00f3wnaniu tych dw\u00f3ch cen. Koncern zaznaczy\u0142 jednocze\u015bnie, \u017ce na sprzeda\u017cy do Ukrainy nie traci, lecz zarabia.\u00a0<\/p>\n<p>Prawda jest zatem taka, \u017ce polska cena hurtowa bez danin i op\u0142at, skalkulowana tak samo jak ukrai\u0144ska, wynosi\u0142a wtedy 2,84 z\u0142 (!!).<\/p>\n<p>Podsumowanie<\/p>\n<p>Por\u00f3wnanie ceny eksportowej paliwa sprzedawanego Ukrainie z cen\u0105 detaliczn\u0105 na polskich stacjach jest manipulacj\u0105. Obie ceny r\u00f3\u017cni\u0105 si\u0119 struktur\u0105 op\u0142at i danin publicznych. Wed\u0142ug informacji upublicznionych przez koncern Orlen osi\u0105ga zysk na sprzeda\u017cy paliw na Ukrain\u0119.<\/p>\n<p>\u0179r\u00f3d\u0142a<\/p>\n<p>sejm.gov.pl: <a href=\"https:\/\/www.sejm.gov.pl\/Sejm10.nsf\/interpelacja.xsp?typ=ZAP&amp;nr=3296\" target=\"_blank\" rel=\"nofollow noopener\">Zapytanie nr 3296 w sprawie sprzeda\u017cy oleju nap\u0119dowego i benzyny na Ukrain\u0119<\/a><\/p>\n<p>e-petrol: <a href=\"https:\/\/www.e-petrol.pl\/notowania\/pomocne-informacje\/podzial-skladnikow-cen-paliw\" target=\"_blank\" rel=\"nofollow noopener\">Podzial sk\u0142adnik\u00f3w cen paliw<\/a><\/p>\n<p>ligazakon.net: <a href=\"https:\/\/ips.ligazakon.net\/document\/sh000576\" target=\"_blank\" rel=\"nofollow noopener\">\u0421\u0442\u0430\u0432\u043a\u0438 \u0430\u043a\u0446\u0438\u0437\u043d\u043e\u0433\u043e \u043f\u043e\u0434\u0430\u0442\u043a\u0443 \u043d\u0430 \u043d\u0430\u0444\u0442\u043e\u043f\u0440\u043e\u0434\u0443\u043a\u0442\u0438, \u0441\u043a\u0440\u0430\u043f\u043b\u0435\u043d\u0438\u0439 \u0433\u0430\u0437 \u0443 2026 \u0440\u043e\u0446\u0456 <\/a><\/p>\n<p>sip.lex.pl: <a href=\"https:\/\/sip.lex.pl\/akty-prawne\/dzu-dziennik-ustaw\/prawo-ochrony-srodowiska-16901353\/tyt-5-dz-5\" target=\"_blank\" rel=\"nofollow noopener\">Op\u0142ata emisyjna \u2013 Prawo ochrony \u015brodowiska. Czytaj wi\u0119cej w Systemie Informacji Prawnej LEX: https:\/\/sip.lex.pl\/akty-prawne\/dzu-dziennik-ustaw\/prawo-ochrony-srodowiska-16901353\/tyt-5-dz-5<\/a><\/p>\n<p>pwc.com: <a href=\"https:\/\/taxsummaries.pwc.com\/ukraine\/corporate\/other-taxes\" target=\"_blank\" rel=\"nofollow noopener\">Ukraine Corporate \u2013 Other taxes<\/a><\/p>\n<p><a href=\"https:\/\/x.com\/b_prasoweORLEN\/status\/2053844137313534391\" target=\"_blank\" rel=\"nofollow noopener\">Biuro Prasowe Orlen<\/a><\/p>\n","protected":false},"excerpt":{"rendered":"W zwi\u0105zku z odpowiedzi\u0105 na zapytanie z\u0142o\u017cone przez Andrzeja Zapa\u0142owskiego, pos\u0142a Konfederacji, w sieci pojawi\u0142a si\u0119 narracja por\u00f3wnuj\u0105ca&hellip;\n","protected":false},"author":2,"featured_media":571179,"comment_status":"","ping_status":"","sticky":false,"template":"","format":"standard","meta":{"footnotes":"","_share_on_mastodon":"0"},"categories":[52097],"tags":[774,5021,42,38,15446,40,39,41,415],"class_list":["post-571178","post","type-post","status-publish","format-standard","has-post-thumbnail","category-orlen","tag-orlen","tag-paliwo","tag-pl","tag-poland","tag-polecane","tag-polish","tag-polska","tag-polski","tag-ukraina"],"share_on_mastodon":{"url":"https:\/\/pubeurope.com\/@pl\/116960822093166455","error":""},"_links":{"self":[{"href":"https:\/\/www.europesays.com\/pl\/wp-json\/wp\/v2\/posts\/571178","targetHints":{"allow":["GET"]}}],"collection":[{"href":"https:\/\/www.europesays.com\/pl\/wp-json\/wp\/v2\/posts"}],"about":[{"href":"https:\/\/www.europesays.com\/pl\/wp-json\/wp\/v2\/types\/post"}],"author":[{"embeddable":true,"href":"https:\/\/www.europesays.com\/pl\/wp-json\/wp\/v2\/users\/2"}],"replies":[{"embeddable":true,"href":"https:\/\/www.europesays.com\/pl\/wp-json\/wp\/v2\/comments?post=571178"}],"version-history":[{"count":0,"href":"https:\/\/www.europesays.com\/pl\/wp-json\/wp\/v2\/posts\/571178\/revisions"}],"wp:featuredmedia":[{"embeddable":true,"href":"https:\/\/www.europesays.com\/pl\/wp-json\/wp\/v2\/media\/571179"}],"wp:attachment":[{"href":"https:\/\/www.europesays.com\/pl\/wp-json\/wp\/v2\/media?parent=571178"}],"wp:term":[{"taxonomy":"category","embeddable":true,"href":"https:\/\/www.europesays.com\/pl\/wp-json\/wp\/v2\/categories?post=571178"},{"taxonomy":"post_tag","embeddable":true,"href":"https:\/\/www.europesays.com\/pl\/wp-json\/wp\/v2\/tags?post=571178"}],"curies":[{"name":"wp","href":"https:\/\/api.w.org\/{rel}","templated":true}]}}