{"id":571188,"date":"2026-07-22T00:39:22","date_gmt":"2026-07-22T00:39:22","guid":{"rendered":"https:\/\/www.europesays.com\/pl\/571188\/"},"modified":"2026-07-22T00:39:22","modified_gmt":"2026-07-22T00:39:22","slug":"lech-poznan-zagral-jak-zespol-z-ligi-mistrzow-to-byl-pokaz-sily-opinia","status":"publish","type":"post","link":"https:\/\/www.europesays.com\/pl\/571188\/","title":{"rendered":"Lech Pozna\u0144 zagra\u0142 jak zesp\u00f3\u0142 z Ligi Mistrz\u00f3w! To by\u0142 pokaz si\u0142y [OPINIA]"},"content":{"rendered":"\n<p class=\"contentpart contentpart--default contentpart--text\" data-position=\"0\">Nie ukrywam, \u017ce tu\u017c po losowaniu rywala dla Lecha w tej rundzie kwalifikacji Ligi Mistrz\u00f3w pomstowa\u0142em na wielkiego pecha, jaki dopad\u0142 &#8222;Kolejorza&#8221;. Bo oto mistrz Polski, mimo \u017ce mia\u0142 uprzywilejowan\u0105 pozycj\u0119 i by\u0142 losowany jako zesp\u00f3\u0142 rozstawiony, trafi\u0142 najgorzej, jak m\u00f3g\u0142. Ze wszystkich potencjalnych rywali Aarhus by\u0142 tym najmocniejszym. I nie trzeba by\u0142o by\u0107 \u017cyciowym pesymist\u0105, by tak stwierdzi\u0107.<\/p>\n<p class=\"contentpart contentpart--default contentpart--text\" data-position=\"1\">Dlatego przyjemnie znale\u017a\u0107 si\u0119 w momencie, kiedy mistrz Danii nie jest dla nas postrachem. Ale \u017ceby tak si\u0119 sta\u0142o, trzeba by\u0142o poczeka\u0107, a\u017c takiego rywala wylosuje Lech Pozna\u0144 &#8211; bezsprzecznie najlepsza dru\u017cyna i klub pi\u0142karski w Polsce. Budowany od dawna, m\u0105drze i konsekwentnie. Taki, kt\u00f3ry przed batali\u0105 o Lig\u0119 Mistrz\u00f3w nie tylko si\u0119 nie os\u0142abia, ale wr\u0119cz wzmacnia.<\/p>\n<p>  <img decoding=\"async\" src=\"https:\/\/v.wpimg.pl\/X3dwLnN2d1IFFTpdYUl6R0ZNbgcnEHQREVV2TGEGbUtRT2MdOlZ2RBQUKABgQjQcDRotCStBd1IAAWMeIlM7VgwYIAorQAdEFFk_GCkQJQ\" alt=\"\" width=\"45\" height=\"58\" loading=\"lazy\"\/>  <\/p>\n<p class=\"contentpart contentpart--default contentpart--text\" data-position=\"2\">ZOBACZ WIDEO: Mistrz Polski walczy o Lig\u0119 Mistrz\u00f3w. &#8222;Lech jest gotowy&#8221;<\/p>\n<p class=\"contentpart contentpart--default contentpart--text\" data-position=\"4\">Wygrywaj\u0105c 4:1 w Danii, Lech da\u0142 pokaz si\u0142y i jako\u015bci pi\u0142karskiej. \u015awiadczy o tym wyko\u0144czenie akcji na 0:1 Mikaela Ishaka. \u015awiadczy o tym r\u00f3wnie\u017c wymiana pi\u0142ki na ma\u0142ej przestrzeni przez Antoniego Kozubala i Patrika Walemarka przy golu na 2:0. Drugi gol Walemarka to te\u017c pokaz, jak \u015bwietnie przyj\u0105\u0107 pi\u0142k\u0119 i na pe\u0142nym spokoju trafi\u0107 do bramki.<\/p>\n<p class=\"contentpart contentpart--default contentpart--text\" data-position=\"5\">Ale najwi\u0119cej po tym spotkaniu b\u0119dzie si\u0119 m\u00f3wi\u0107 o bramce Terry&#8217;ego Yegbe. \u015arodkowy obro\u0144ca z Ghany kropn\u0105\u0142 z dystansu z tak\u0105 si\u0142\u0105 i tak\u0105 precyzj\u0105, \u017ce pi\u0142ka wpad\u0142a do bramki w samo okno. Cudowny gol, zarezerwowany dla czo\u0142owych pi\u0142karzy Europy i na najwi\u0119kszych stadionach.<\/p>\n<p class=\"contentpart contentpart--default contentpart--text\" data-position=\"6\">Kiedy zobaczy\u0142em to trafienie, od razu przysz\u0142a mi do g\u0142owy bramka Vincenta Kompany&#8217;ego, obro\u0144cy Manchesteru City, w s\u0142ynnym meczu z Leicester (1:0), kiedy City \u015bcigali si\u0119 z Liverpoolem o mistrzostwo Anglii. Kiedy Kompany zbiera\u0142 si\u0119 do oddania strza\u0142u, s\u0142ysza\u0142 krzyk koleg\u00f3w, by przypadkiem nie strzela\u0142, bo i tak pi\u0142ka poleci gdzie\u015b w trybuny. Belg nie pos\u0142ucha\u0142 i strzeli\u0142 dok\u0142adnie w taki spos\u00f3b, jak Yegbe. Obie bramki \u2013 palce liza\u0107.<\/p>\n<p>  <img decoding=\"async\" src=\"https:\/\/v.wpimg.pl\/X3dwLnN2d1IFFTpdYUl6R0ZNbgcnEHQREVV2TGEGbUtRT2MdOlZ2RBQUKABgQjQcDRotCStBd1IAAWMeIlM7VgwYIAorQAdEFFk_GCkQJQ\" alt=\"\" width=\"45\" height=\"58\" loading=\"lazy\"\/>  <\/p>\n<p>Liga Mistrz\u00f3w. Rewan\u017c Lecha Pozna\u0144 powinien by\u0107 formalno\u015bci\u0105<\/p>\n<p class=\"contentpart contentpart--default contentpart--text\" data-position=\"8\">Ale wr\u00f3\u0107my na ziemi\u0119. Yegbe to nie Kompany, a Lech to nie Manchester City. Jednak to nie ma znaczenia. Lech zagra\u0142 w Danii, jak uczestnik fazy ligowej Ligi Mistrz\u00f3w. Przed Lechem jeszcze rewan\u017c, ale to powinna by\u0107 formalno\u015b\u0107. Aarhus by\u0142 tak bezradny, \u017ce trener poznaniak\u00f3w Niels Frederiksen mia\u0142 komfort, by Ishaka i Walemarka zdj\u0105\u0107 ju\u017c w 66. minucie.<\/p>\n<p class=\"contentpart contentpart--default contentpart--text\" data-position=\"9\">Komfort przed starciem w Poznaniu jest taki, \u017ce kibice mog\u0105 zacz\u0105\u0107 ju\u017c my\u015ble\u0107 o nast\u0119pnej przeszkodzie. B\u0119dzie ni\u0105 albo Sabah &#8211; mistrz Azerbejd\u017canu, w kt\u00f3rym wyst\u0119puje by\u0142y zawodnik Lecha Tymoteusz Puchacz &#8211; albo mistrz Finlandii Kuopion Palloseura (KuPS).<\/p>\n<p class=\"contentpart contentpart--default contentpart--text\" data-position=\"10\">Po bardzo prawdopodobnym ograniu Aarhus w dwumeczu \u017caden z tych rywali nie jawi si\u0119 jak bariera nie do przeskoczenia.<\/p>\n<p>  <img decoding=\"async\" src=\"https:\/\/v.wpimg.pl\/X3dwLnN2d1IFFTpdYUl6R0ZNbgcnEHQREVV2TGEGbUtRT2MdOlZ2RBQUKABgQjQcDRotCStBd1IAAWMeIlM7VgwYIAorQAdEFFk_GCkQJQ\" alt=\"\" width=\"45\" height=\"58\" loading=\"lazy\"\/>  <\/p>\n<p class=\"contentpart contentpart--default contentpart--text\" data-position=\"11\">Jaros\u0142aw Koli\u0144ski, WP SportoweFakty<\/p>\n","protected":false},"excerpt":{"rendered":"Nie ukrywam, \u017ce tu\u017c po losowaniu rywala dla Lecha w tej rundzie kwalifikacji Ligi Mistrz\u00f3w pomstowa\u0142em na wielkiego&hellip;\n","protected":false},"author":2,"featured_media":571189,"comment_status":"","ping_status":"","sticky":false,"template":"","format":"standard","meta":{"footnotes":"","_share_on_mastodon":"0"},"categories":[51609],"tags":[693,215,270,269,1724,42,38,40,39,41,1817,97570],"class_list":["post-571188","post","type-post","status-publish","format-standard","has-post-thumbnail","category-poznan","tag-europejskie-puchary","tag-lech-poznan","tag-liga-mistrzow","tag-pilka-nozna","tag-pko-ekstraklasa","tag-pl","tag-poland","tag-polish","tag-polska","tag-polski","tag-poznan","tag-studio-mundial"],"share_on_mastodon":{"url":"https:\/\/pubeurope.com\/@pl\/116960845189613988","error":""},"_links":{"self":[{"href":"https:\/\/www.europesays.com\/pl\/wp-json\/wp\/v2\/posts\/571188","targetHints":{"allow":["GET"]}}],"collection":[{"href":"https:\/\/www.europesays.com\/pl\/wp-json\/wp\/v2\/posts"}],"about":[{"href":"https:\/\/www.europesays.com\/pl\/wp-json\/wp\/v2\/types\/post"}],"author":[{"embeddable":true,"href":"https:\/\/www.europesays.com\/pl\/wp-json\/wp\/v2\/users\/2"}],"replies":[{"embeddable":true,"href":"https:\/\/www.europesays.com\/pl\/wp-json\/wp\/v2\/comments?post=571188"}],"version-history":[{"count":0,"href":"https:\/\/www.europesays.com\/pl\/wp-json\/wp\/v2\/posts\/571188\/revisions"}],"wp:featuredmedia":[{"embeddable":true,"href":"https:\/\/www.europesays.com\/pl\/wp-json\/wp\/v2\/media\/571189"}],"wp:attachment":[{"href":"https:\/\/www.europesays.com\/pl\/wp-json\/wp\/v2\/media?parent=571188"}],"wp:term":[{"taxonomy":"category","embeddable":true,"href":"https:\/\/www.europesays.com\/pl\/wp-json\/wp\/v2\/categories?post=571188"},{"taxonomy":"post_tag","embeddable":true,"href":"https:\/\/www.europesays.com\/pl\/wp-json\/wp\/v2\/tags?post=571188"}],"curies":[{"name":"wp","href":"https:\/\/api.w.org\/{rel}","templated":true}]}}