{"id":571319,"date":"2026-07-22T02:06:28","date_gmt":"2026-07-22T02:06:28","guid":{"rendered":"https:\/\/www.europesays.com\/pl\/571319\/"},"modified":"2026-07-22T02:06:28","modified_gmt":"2026-07-22T02:06:28","slug":"kosmos-ile-wladowal-juz-w-wisle-krakow","status":"publish","type":"post","link":"https:\/\/www.europesays.com\/pl\/571319\/","title":{"rendered":"Kosmos, ile w\u0142adowa\u0142 ju\u017c w Wis\u0142\u0119 Krak\u00f3w"},"content":{"rendered":"\n<p class=\"contentpart contentpart--default contentpart--text\" data-position=\"0\">Wis\u0142a Krak\u00f3w wchodzi w nowy sezon w elicie po okresie, kt\u00f3ry by\u0142 dla klubu jednym z najtrudniejszych w historii. Po spadku w 2022 roku dru\u017cyna d\u0142ugo nie potrafi\u0142a wr\u00f3ci\u0107 na najwy\u017cszy poziom, a kolejne kampanie przynosi\u0142y narastaj\u0105ce rozczarowanie.<\/p>\n<p class=\"contentpart contentpart--default contentpart--text\" data-position=\"1\">Tu\u017c przed startem rozgrywek <a href=\"https:\/\/sportowefakty.wp.pl\/pilka-nozna\/jaroslaw-krolewski\" rel=\"nofollow noopener\" target=\"_blank\">Jaros\u0142aw Kr\u00f3lewski<\/a>\u00a0udzieli\u0142 d\u0142ugiego wywiadu Bogdanowi Rymanowskiemu. Prezes i w\u0142a\u015bciciel klubu odni\u00f3s\u0142 si\u0119 w nim do finansowego zaanga\u017cowania w Wis\u0142\u0119.<\/p>\n<p>  <img decoding=\"async\" src=\"https:\/\/v.wpimg.pl\/X3dwLnN2d1IFFTpdYUl6R0ZNbgcnEHQREVV2TGEGbUtRT2MdOlZ2RBQUKABgQjQcDRotCStBd1IAAWMeIlM7VgwYIAorQAdEFFk_GCkQJQ\" alt=\"\" width=\"45\" height=\"58\" loading=\"lazy\"\/>  <\/p>\n<p class=\"contentpart contentpart--default contentpart--text\" data-position=\"2\">ZOBACZ WIDEO: Lewandowski b\u0119dzie \u017ca\u0142owa\u0142 transferu? &#8222;To nie jest klub krzak&#8221;<\/p>\n<p class=\"contentpart contentpart--default contentpart--text\" data-position=\"4\">&#8211; Musia\u0142bym sprawdzi\u0107, ale my\u015bl\u0119, \u017ce to jest ponad 25 milion\u00f3w z\u0142otych. Nie \u017ca\u0142uj\u0119, a jakbym mia\u0142 wi\u0119cej, to bym pewnie zainwestowa\u0142 wi\u0119cej. Jestem na pocz\u0105tku swojej drogi &#8211; powiedzia\u0142 Jaros\u0142aw Kr\u00f3lewski w rozmowie z Bogdanem Rymanowskim.<\/p>\n<p class=\"contentpart contentpart--default contentpart--text\" data-position=\"5\">&#8211; Jak przychodzi\u0142em do Wis\u0142y (w 2019 roku &#8211; dop. red.), to zaczyna\u0142em swoj\u0105 karier\u0119 zwi\u0105zan\u0105 z w\u0142asn\u0105 sp\u00f3\u0142k\u0119. Jak patrz\u0119, jak to wszystko ro\u015bnie razem i dojrzewa, to ciep\u0142o si\u0119 robi na sercu. To taka dyscyplina, kt\u00f3ra b\u0119dzie tylko rosn\u0105\u0107 w przysz\u0142o\u015bci &#8211; doda\u0142 Rymanowski.<\/p>\n<p class=\"contentpart contentpart--default contentpart--text\" data-position=\"6\">Kr\u00f3lewski jest w\u0142a\u015bcicielem ponad po\u0142owy akcji sp\u00f3\u0142ki i jednocze\u015bnie prezesem klubu.<\/p>\n<p class=\"contentpart contentpart--default contentpart--text\" data-position=\"7\">Wis\u0142a po czterech sezonach wr\u00f3ci\u0142a do PKO Ekstraklasy. Pierwszy mecz nowego sezonu Bia\u0142a Gwiazda rozegra 26 lipca, kiedy to u siebie zmierzy si\u0119 z GKS-em Katowice. Spotkanie zaplanowano na godzin\u0119 20:15.<\/p>\n","protected":false},"excerpt":{"rendered":"Wis\u0142a Krak\u00f3w wchodzi w nowy sezon w elicie po okresie, kt\u00f3ry by\u0142 dla klubu jednym z najtrudniejszych w&hellip;\n","protected":false},"author":2,"featured_media":549336,"comment_status":"","ping_status":"","sticky":false,"template":"","format":"standard","meta":{"footnotes":"","_share_on_mastodon":"0"},"categories":[51606],"tags":[19666,1304,269,1724,42,38,40,39,41,97570,5810],"class_list":["post-571319","post","type-post","status-publish","format-standard","has-post-thumbnail","category-krakow","tag-jaroslaw-krolewski","tag-krakow","tag-pilka-nozna","tag-pko-ekstraklasa","tag-pl","tag-poland","tag-polish","tag-polska","tag-polski","tag-studio-mundial","tag-wisla-krakow"],"share_on_mastodon":{"url":"https:\/\/pubeurope.com\/@pl\/116961188599660103","error":""},"_links":{"self":[{"href":"https:\/\/www.europesays.com\/pl\/wp-json\/wp\/v2\/posts\/571319","targetHints":{"allow":["GET"]}}],"collection":[{"href":"https:\/\/www.europesays.com\/pl\/wp-json\/wp\/v2\/posts"}],"about":[{"href":"https:\/\/www.europesays.com\/pl\/wp-json\/wp\/v2\/types\/post"}],"author":[{"embeddable":true,"href":"https:\/\/www.europesays.com\/pl\/wp-json\/wp\/v2\/users\/2"}],"replies":[{"embeddable":true,"href":"https:\/\/www.europesays.com\/pl\/wp-json\/wp\/v2\/comments?post=571319"}],"version-history":[{"count":0,"href":"https:\/\/www.europesays.com\/pl\/wp-json\/wp\/v2\/posts\/571319\/revisions"}],"wp:featuredmedia":[{"embeddable":true,"href":"https:\/\/www.europesays.com\/pl\/wp-json\/wp\/v2\/media\/549336"}],"wp:attachment":[{"href":"https:\/\/www.europesays.com\/pl\/wp-json\/wp\/v2\/media?parent=571319"}],"wp:term":[{"taxonomy":"category","embeddable":true,"href":"https:\/\/www.europesays.com\/pl\/wp-json\/wp\/v2\/categories?post=571319"},{"taxonomy":"post_tag","embeddable":true,"href":"https:\/\/www.europesays.com\/pl\/wp-json\/wp\/v2\/tags?post=571319"}],"curies":[{"name":"wp","href":"https:\/\/api.w.org\/{rel}","templated":true}]}}