{"id":571334,"date":"2026-07-22T02:15:14","date_gmt":"2026-07-22T02:15:14","guid":{"rendered":"https:\/\/www.europesays.com\/pl\/571334\/"},"modified":"2026-07-22T02:15:14","modified_gmt":"2026-07-22T02:15:14","slug":"media-trump-chce-szefa-fifa-w-onz-infantino-mialby-zastapic-guterresa","status":"publish","type":"post","link":"https:\/\/www.europesays.com\/pl\/571334\/","title":{"rendered":"Media: Trump chce szefa FIFA w ONZ. Infantino mia\u0142by zast\u0105pi\u0107 Guterresa"},"content":{"rendered":"<p>Donald Trump zacie\u015bni\u0142 relacje z Giannim Infantinem podczas tegorocznych mistrzostw \u015bwiata. Szwajcarski dzia\u0142acz sportowy mia\u0142 aktywnie zabiega\u0107 o wzgl\u0119dy prezydenta USA, anga\u017cuj\u0105c go w p\u00f3\u0142nocnoameryka\u0144skie rozgrywki i wr\u0119czaj\u0105c mu w grudniu inauguracyjn\u0105 <a href=\"https:\/\/businessinsider.com.pl\/wiadomosci\/to-pierwsza-taka-nagroda-w-historii-fifa-otrzymal-ja-donald-trump\/1tlw7kk\" id=\"95fc50c1-ec9e-4a90-a7c3-5a5c519ee11f\" rel=\"nofollow noopener\" target=\"_blank\">Pokojow\u0105 Nagrod\u0119 FIFA.<\/a> Dalszy ci\u0105g artyku\u0142u pod materia\u0142em wideo <\/p>\n<p>Nowy sekretarz generalny ONZ zostanie wybrany jeszcze w tym roku, a najpierw uzyska\u0107 poparcie Rady Bezpiecze\u0144stwa oraz Zgromadzenia Og\u00f3lnego.<\/p>\n<p>Nie wiadomo, czy Trump rozmawia\u0142 z szefem FIFA o nowym pomy\u015ble<\/p>\n<p>Nie jest jasne, czy Infantino rozwa\u017ca kandydowanie na stanowisko sekretarza generalnego ONZ, ani czy Trump prowadzi\u0142 z nim na ten temat rozmowy \u2014 informuje &#8222;New York Post&#8221;. W\u015br\u00f3d potencjalnych rywali wymienia si\u0119 m.in. by\u0142\u0105 prezydentk\u0119 Chile Michelle Bachelet oraz Rafaela Grossiego z Argentyny, obecnego szefa Mi\u0119dzynarodowej Agencji Energii Atomowej.<\/p>\n<p>Kandydatura Infantino oznacza\u0142aby odej\u015bcie od nieformalnej zasady geograficznej rotacji, zgodnie z kt\u00f3r\u0105 stanowisko powinno przypa\u015b\u0107 przedstawicielowi Ameryki \u0141aci\u0144skiej lub Karaib\u00f3w. Jednak, jak twierdz\u0105 rozm\u00f3wcy gazety, nie jest to przeszkoda nie do pokonania, a Infantino m\u00f3g\u0142by liczy\u0107 na poparcie niekt\u00f3rych pa\u0144stw spoza USA.<\/p>\n<p>      &#8222;Wszyscy zakochali si\u0119 w USA&#8221;. Bia\u0142y Dom \u015bwi\u0119tuje sukces mundialu. Kontrowersje jednak nie milkn\u0105   <img class=\"ods-a-photo ods-a-photo--background\" src=\"https:\/\/www.europesays.com\/pl\/wp-content\/uploads\/2026\/07\/4JCk9lBaHR0cHM6Ly9vY2RuLmV1L3B1bHNjbXMvTURBXy9mMjhjN2E0NjQzYTViNjc1MjFhYmYyMjNjM2JkNDRkMi5qcGeRlQLNA.jpeg\" height=\"300\" width=\"450\" alt=\"Prezydent USA Donald Trump wraz z prezesem FIFA Giannim Infantino podczas przyj\u0119cia zorganizowanego przez FIFA w Nowym Jorku, 17 lipca 2026 r. \" loading=\"lazy\" fetchpriority=\"low\" decoding=\"async\"\/>  Trudne relacje Trumpa z ONZ<a href=\"https:\/\/wiadomosci.onet.pl\/swiat\/donald-trump-uderza-w-onz-jaki-jest-cel-istnienia-tej-organizacji\/e6m8s80\" id=\"bf53309d-e661-42f5-b7a6-738f3a4617b5\" rel=\"nofollow noopener\" target=\"_blank\">Donald Trump od dawna krytykuje Organizacj\u0119 Narod\u00f3w Zjednoczonych <\/a>za brak skuteczno\u015bci w rozwi\u0105zywaniu globalnych konflikt\u00f3w. W ubieg\u0142ym roku powo\u0142a\u0142 w USA now\u0105 Rad\u0119 Pokoju, co wywo\u0142a\u0142o spekulacje o mo\u017cliwym tworzeniu alternatywnej organizacji.<\/p>\n<p>Prezydent USA zaprzeczy\u0142 jednak tym doniesieniom, podkre\u015blaj\u0105c, \u017ce liczy na bardziej aktywn\u0105 rol\u0119 ONZ. Od czasu powrotu do Bia\u0142ego Domu Trump ograniczy\u0142 ameryka\u0144ski wk\u0142ad finansowy do ONZ i wycofa\u0142 kraj z kilku \u015bwiatowych organizacji, w tym WHO, UNESCO i Rady Praw Cz\u0142owieka ONZ. W opinii komentator\u00f3w gazety powo\u0142anie Infantino mog\u0142oby poprawi\u0107 relacje Trumpa z organizacj\u0105.<\/p>\n","protected":false},"excerpt":{"rendered":"Donald Trump zacie\u015bni\u0142 relacje z Giannim Infantinem podczas tegorocznych mistrzostw \u015bwiata. Szwajcarski dzia\u0142acz sportowy mia\u0142 aktywnie zabiega\u0107 o&hellip;\n","protected":false},"author":2,"featured_media":571335,"comment_status":"","ping_status":"","sticky":false,"template":"","format":"standard","meta":{"footnotes":"","_share_on_mastodon":"0"},"categories":[14],"tags":[61195,32,33,44,5056,5633,27,34,35,28,31,48,25,46,1191,40,41,47,80,29,30,26,82,83,84],"class_list":["post-571334","post","type-post","status-publish","format-standard","has-post-thumbnail","category-swiat","tag-bottomfeed_styl","tag-breaking-news","tag-breakingnews","tag-donald_trump","tag-fifa_organizacja_pilkarska","tag-gianni_infantino","tag-headlines","tag-latest-news","tag-latestnews","tag-naglowki","tag-najwazniejsze-artykuly","tag-nat_styl","tag-news","tag-omp","tag-onz","tag-polish","tag-polski","tag-screening_general","tag-swiat","tag-top-stories","tag-topstories","tag-wiadomosci","tag-world","tag-world-news","tag-worldnews"],"share_on_mastodon":{"url":"https:\/\/pubeurope.com\/@pl\/116961223582552788","error":""},"_links":{"self":[{"href":"https:\/\/www.europesays.com\/pl\/wp-json\/wp\/v2\/posts\/571334","targetHints":{"allow":["GET"]}}],"collection":[{"href":"https:\/\/www.europesays.com\/pl\/wp-json\/wp\/v2\/posts"}],"about":[{"href":"https:\/\/www.europesays.com\/pl\/wp-json\/wp\/v2\/types\/post"}],"author":[{"embeddable":true,"href":"https:\/\/www.europesays.com\/pl\/wp-json\/wp\/v2\/users\/2"}],"replies":[{"embeddable":true,"href":"https:\/\/www.europesays.com\/pl\/wp-json\/wp\/v2\/comments?post=571334"}],"version-history":[{"count":0,"href":"https:\/\/www.europesays.com\/pl\/wp-json\/wp\/v2\/posts\/571334\/revisions"}],"wp:featuredmedia":[{"embeddable":true,"href":"https:\/\/www.europesays.com\/pl\/wp-json\/wp\/v2\/media\/571335"}],"wp:attachment":[{"href":"https:\/\/www.europesays.com\/pl\/wp-json\/wp\/v2\/media?parent=571334"}],"wp:term":[{"taxonomy":"category","embeddable":true,"href":"https:\/\/www.europesays.com\/pl\/wp-json\/wp\/v2\/categories?post=571334"},{"taxonomy":"post_tag","embeddable":true,"href":"https:\/\/www.europesays.com\/pl\/wp-json\/wp\/v2\/tags?post=571334"}],"curies":[{"name":"wp","href":"https:\/\/api.w.org\/{rel}","templated":true}]}}