{"id":571336,"date":"2026-07-22T02:16:13","date_gmt":"2026-07-22T02:16:13","guid":{"rendered":"https:\/\/www.europesays.com\/pl\/571336\/"},"modified":"2026-07-22T02:16:13","modified_gmt":"2026-07-22T02:16:13","slug":"sad-blokuje-zmiane-nazwy-partii-brauna-wniosek-oddalony","status":"publish","type":"post","link":"https:\/\/www.europesays.com\/pl\/571336\/","title":{"rendered":"S\u0105d blokuje zmian\u0119 nazwy partii Brauna. &#8222;Wniosek oddalony&#8221;"},"content":{"rendered":"\n<p>&#13;<br \/>\nRedaktor naczelny &#8222;Najwy\u017cszego Czasu!&#8221; Tomasz Sommer przekaza\u0142 w\u00a0czerwcu, \u017ce\u00a0partia Grzegorza Brauna zmieni nazw\u0119 \u2013\u00a0zamiast Konfederacji Korony Polskiej, b\u0119dzie Konfederacja Korony Polskiej Grzegorza Brauna. \u2013\u00a0Po\u00a0to, \u017ceby uzyska\u0107 nieco lepszy wynik, gdy\u017c niekt\u00f3rym wyborcom mog\u0105 si\u0119 Konfederacje myli\u0107. I\u00a0kr\u00f3tko m\u00f3wi\u0105c nie\u00a0wiedz\u0105, kt\u00f3ra z\u00a0nich jest Grzegorza Brauna \u2013\u00a0wyja\u015bni\u0142 dziennikarz i\u00a0publicysta. &#13;\n<\/p>\n<p>&#13;<br \/>\nDo <a href=\"https:\/\/dorzeczy.pl\/opinie\/898966\/konfederacja-korony-polskiej-grzegorz-braun-zmieni-nazwe.html\" rel=\"nofollow noopener\" target=\"_blank\">zmiany nazwy<\/a> partii Brauna \u2013\u00a0przynajmniej na\u00a0razie \u2013\u00a0jednak nie\u00a0dojdzie. Zablokowa\u0142 to\u00a0s\u0105d. \u2013\u00a0Wniosek zosta\u0142 oddalony postanowieniem z\u00a022 czerwca 2026\u00a0r. Postanowienie nie\u00a0jest prawomocne \u2013\u00a0poinformowa\u0142a w\u00a0rozmowie z\u00a0dziennikiem &#8222;Rzeczpospolita&#8221; Sylwia Urba\u0144ska\u2011Tkocz, rzecznik prasowa ds. cywilnych S\u0105du Okr\u0119gowego w\u00a0Warszawie. Nie\u00a0poda\u0142a powod\u00f3w takiej decyzji, t\u0142umacz\u0105c, \u017ce\u00a0motywy rozstrzygni\u0119cia zostan\u0105 wskazane w\u00a0pisemnym uzasadnieniu orzeczenia, kt\u00f3re nie\u00a0zosta\u0142o jeszcze sporz\u0105dzone. &#13;\n<\/p>\n<p>Co teraz planuje Korona?<\/p>\n<p>&#13;<br \/>\nDo tej pory g\u0142osu w\u00a0sprawie nie\u00a0zabra\u0142 ani Grzegorz Braun, ani \u017caden inny przedstawiciel Konfederacji Korony Polskiej. Natomiast, jak poda\u0142a &#8222;Rz&#8221;, ugrupowanie ju\u017c z\u0142o\u017cy\u0142o wniosek o\u00a0sporz\u0105dzenie pisemnego uzasadnienia postanowienia, co\u00a0jest warunkiem do\u00a0wniesienia apelacji. &#13;\n<\/p>\n<p>&#13;<br \/>\nPo co\u00a0w\u00a0og\u00f3le zmiana nazwy partii i\u00a0dodanie nazwiska lidera? \u2013\u00a0Ja bym mo\u017ce nawet ze\u00a0wzgl\u0119d\u00f3w osobistych wola\u0142 nie\u00a0wychodzi\u0107 na\u00a0afisz akurat w\u00a0taki spos\u00f3b, ale\u00a0prosz\u0119 bardzo, skoro werdykt wydali respondenci, to\u00a0tego b\u0119dziemy si\u0119 trzymali \u2013\u00a0m\u00f3wi\u0142 w\u00a0rozmowie z\u00a0&#8222;Najwy\u017cszym Czasem!&#8221; sam Braun. &#13;\n<\/p>\n<p>&#13;<br \/>\nJak przekonywa\u0142, niekt\u00f3rzy wyborcy mogli &#8222;w\u00a0nat\u0142oku&#8221; przeoczy\u0107 informacj\u0119, \u017ce\u00a0jego \u015brodowisko polityczne nie\u00a0jest ju\u017c cz\u0119\u015bci\u0105 Konfederacji Wolno\u015b\u0107 i\u00a0Niepodleg\u0142o\u015b\u0107. \u2013\u00a0Zastanowili\u015bmy si\u0119, czy\u00a0przypadkiem nie\u00a0nale\u017cy rozwia\u0107 jakichkolwiek niejasno\u015bci i\u00a0czy nie\u00a0nale\u017cy u\u0142atwi\u0107 wyborcy dokonania wyboru w\u0142a\u015bnie poprzez uwidocznienie w\u00a0nazwie formalnie, legalnie zarejestrowanej mojego imienia i\u00a0nazwiska \u2013\u00a0wyja\u015bni\u0142 eurodeputowany. &#13;\n<\/p>\n<p>&#13;<br \/>\n\u2013 Te\u00a0p\u00f3\u0142 procenta mo\u017ce si\u0119 prze\u0142o\u017cy\u0107 na, uwaga, zdolno\u015b\u0107 do\u00a0przechylania szali w\u00a0szerokim uk\u0142adzie parlamentarnym i\u00a0dlatego nie\u00a0wolno nam tego zlekcewa\u017cy\u0107 \u2013\u00a0doda\u0142. &#13;\n<\/p>\n<p>&#13;<br \/>\n   Czytaj te\u017c:<br \/><a href=\"https:\/\/dorzeczy.pl\/opinie\/916867\/wraca-pomysl-delegalizacji-partii-grzegorza-brauna.html\" rel=\"follow nofollow noopener\" data-schema=\"DORZECZY\" data-image=\"https:\/\/img.dorzeczy.pl\/_thumb\/1c\/a4\/2e426c167329ba03daeccf25d33e.jpeg\" target=\"_blank\">Wraca pomys\u0142 delegalizacji partii Brauna<\/a>&#13;<\/p>\n","protected":false},"excerpt":{"rendered":"&#13; Redaktor naczelny &#8222;Najwy\u017cszego Czasu!&#8221; Tomasz Sommer przekaza\u0142 w\u00a0czerwcu, \u017ce\u00a0partia Grzegorza Brauna zmieni nazw\u0119 \u2013\u00a0zamiast Konfederacji Korony Polskiej,&hellip;\n","protected":false},"author":2,"featured_media":571337,"comment_status":"","ping_status":"","sticky":false,"template":"","format":"standard","meta":{"footnotes":"","_share_on_mastodon":"0"},"categories":[12],"tags":[18048,32,33,662,98,36,37,27,22086,13518,49,34,35,28,31,25,103,13357,42,38,40,39,41,29,30,26,112770],"class_list":["post-571336","post","type-post","status-publish","format-standard","has-post-thumbnail","category-polska","tag-braun","tag-breaking-news","tag-breakingnews","tag-dawid-sienkowski","tag-dorzeczy","tag-featured-news","tag-featurednews","tag-headlines","tag-konfederacja-korony-polskiej","tag-korona","tag-kraj","tag-latest-news","tag-latestnews","tag-naglowki","tag-najwazniejsze-artykuly","tag-news","tag-obserwator-mediow","tag-partia-brauna","tag-pl","tag-poland","tag-polish","tag-polska","tag-polski","tag-top-stories","tag-topstories","tag-wiadomosci","tag-zmiana-nazwy"],"share_on_mastodon":{"url":"https:\/\/pubeurope.com\/@pl\/116961226621764921","error":""},"_links":{"self":[{"href":"https:\/\/www.europesays.com\/pl\/wp-json\/wp\/v2\/posts\/571336","targetHints":{"allow":["GET"]}}],"collection":[{"href":"https:\/\/www.europesays.com\/pl\/wp-json\/wp\/v2\/posts"}],"about":[{"href":"https:\/\/www.europesays.com\/pl\/wp-json\/wp\/v2\/types\/post"}],"author":[{"embeddable":true,"href":"https:\/\/www.europesays.com\/pl\/wp-json\/wp\/v2\/users\/2"}],"replies":[{"embeddable":true,"href":"https:\/\/www.europesays.com\/pl\/wp-json\/wp\/v2\/comments?post=571336"}],"version-history":[{"count":0,"href":"https:\/\/www.europesays.com\/pl\/wp-json\/wp\/v2\/posts\/571336\/revisions"}],"wp:featuredmedia":[{"embeddable":true,"href":"https:\/\/www.europesays.com\/pl\/wp-json\/wp\/v2\/media\/571337"}],"wp:attachment":[{"href":"https:\/\/www.europesays.com\/pl\/wp-json\/wp\/v2\/media?parent=571336"}],"wp:term":[{"taxonomy":"category","embeddable":true,"href":"https:\/\/www.europesays.com\/pl\/wp-json\/wp\/v2\/categories?post=571336"},{"taxonomy":"post_tag","embeddable":true,"href":"https:\/\/www.europesays.com\/pl\/wp-json\/wp\/v2\/tags?post=571336"}],"curies":[{"name":"wp","href":"https:\/\/api.w.org\/{rel}","templated":true}]}}