{"id":571359,"date":"2026-07-22T02:33:30","date_gmt":"2026-07-22T02:33:30","guid":{"rendered":"https:\/\/www.europesays.com\/pl\/571359\/"},"modified":"2026-07-22T02:33:30","modified_gmt":"2026-07-22T02:33:30","slug":"interwencja-sluzb-na-lotnisku-w-balicach-powodem-byl-zart-pasazera","status":"publish","type":"post","link":"https:\/\/www.europesays.com\/pl\/571359\/","title":{"rendered":"Interwencja s\u0142u\u017cb na lotnisku w Balicach. Powodem by\u0142 &#8222;\u017cart&#8221; pasa\u017cera"},"content":{"rendered":"<p>Do zdarzenia dosz\u0142o w poniedzia\u0142ek, 20 lipca, podczas kontroli bezpiecze\u0144stwa przed rejsem do Dubaju. M\u0119\u017cczyzna, odpowiadaj\u0105c na pytania zadawane przez obs\u0142ug\u0119 lotniska, o\u015bwiadczy\u0142, \u017ce w jego walizce znajduj\u0105 si\u0119 bomba oraz no\u017ce.<\/p>\n<p>Na miejsce natychmiast skierowano funkcjonariuszy Zespo\u0142u Interwencji Specjalnych. Zgodnie z obowi\u0105zuj\u0105cymi procedurami dok\u0142adnie sprawdzono zar\u00f3wno pasa\u017cera, jak i jego baga\u017ce. Walizki zosta\u0142y skontrolowane przy u\u017cyciu urz\u0105dzenia rentgenowskiego, a nast\u0119pnie poddane kontroli manualnej.<\/p>\n<p>Kontrola nie wykaza\u0142a obecno\u015bci \u017cadnych materia\u0142\u00f3w wybuchowych ani innych przedmiot\u00f3w zabronionych. Funkcjonariusze sprawdzili r\u00f3wnie\u017c dane m\u0119\u017cczyzny w dost\u0119pnych bazach \u2014 nie figurowa\u0142 w nich jako osoba poszukiwana ani stwarzaj\u0105ca zagro\u017cenie.<\/p>\n<p>Jak si\u0119 okaza\u0142o, pasa\u017cer chcia\u0142 jedynie za\u017cartowa\u0107 z pyta\u0144 zadawanych podczas kontroli. Tego typu zachowanie zosta\u0142o jednak potraktowane bardzo powa\u017cnie. W zwi\u0105zku z naruszeniem art. 210 ust. 1 pkt 5a ustawy Prawo lotnicze funkcjonariusze ukarali go mandatem karnym.<\/p>\n","protected":false},"excerpt":{"rendered":"Do zdarzenia dosz\u0142o w poniedzia\u0142ek, 20 lipca, podczas kontroli bezpiecze\u0144stwa przed rejsem do Dubaju. M\u0119\u017cczyzna, odpowiadaj\u0105c na pytania&hellip;\n","protected":false},"author":2,"featured_media":571360,"comment_status":"","ping_status":"","sticky":false,"template":"","format":"standard","meta":{"footnotes":"","_share_on_mastodon":"0"},"categories":[51606],"tags":[61195,8889,399,1304,48,46,55,42,38,40,39,41,47],"class_list":["post-571359","post","type-post","status-publish","format-standard","has-post-thumbnail","category-krakow","tag-bottomfeed_styl","tag-glos24","tag-informacje","tag-krakow","tag-nat_styl","tag-omp","tag-phx","tag-pl","tag-poland","tag-polish","tag-polska","tag-polski","tag-screening_general"],"share_on_mastodon":{"url":"https:\/\/pubeurope.com\/@pl\/116961293509697741","error":""},"_links":{"self":[{"href":"https:\/\/www.europesays.com\/pl\/wp-json\/wp\/v2\/posts\/571359","targetHints":{"allow":["GET"]}}],"collection":[{"href":"https:\/\/www.europesays.com\/pl\/wp-json\/wp\/v2\/posts"}],"about":[{"href":"https:\/\/www.europesays.com\/pl\/wp-json\/wp\/v2\/types\/post"}],"author":[{"embeddable":true,"href":"https:\/\/www.europesays.com\/pl\/wp-json\/wp\/v2\/users\/2"}],"replies":[{"embeddable":true,"href":"https:\/\/www.europesays.com\/pl\/wp-json\/wp\/v2\/comments?post=571359"}],"version-history":[{"count":0,"href":"https:\/\/www.europesays.com\/pl\/wp-json\/wp\/v2\/posts\/571359\/revisions"}],"wp:featuredmedia":[{"embeddable":true,"href":"https:\/\/www.europesays.com\/pl\/wp-json\/wp\/v2\/media\/571360"}],"wp:attachment":[{"href":"https:\/\/www.europesays.com\/pl\/wp-json\/wp\/v2\/media?parent=571359"}],"wp:term":[{"taxonomy":"category","embeddable":true,"href":"https:\/\/www.europesays.com\/pl\/wp-json\/wp\/v2\/categories?post=571359"},{"taxonomy":"post_tag","embeddable":true,"href":"https:\/\/www.europesays.com\/pl\/wp-json\/wp\/v2\/tags?post=571359"}],"curies":[{"name":"wp","href":"https:\/\/api.w.org\/{rel}","templated":true}]}}