{"id":571764,"date":"2026-07-22T07:15:40","date_gmt":"2026-07-22T07:15:40","guid":{"rendered":"https:\/\/www.europesays.com\/pl\/571764\/"},"modified":"2026-07-22T07:15:40","modified_gmt":"2026-07-22T07:15:40","slug":"handball-stal-mielec-intensywnie-przygotowuje-sie-do-nowego-sezonu-orlen-superligi","status":"publish","type":"post","link":"https:\/\/www.europesays.com\/pl\/571764\/","title":{"rendered":"Handball Stal Mielec intensywnie przygotowuje si\u0119 do nowego sezonu ORLEN Superligi"},"content":{"rendered":"<p><a href=\"https:\/\/korso.pl\/k\/sport\" rel=\"nofollow noopener\" target=\"_blank\">Sport<\/a>Cho\u0107 do rozpocz\u0119cia rozgrywek ORLEN Superligi 2026\/2027 pozosta\u0142o jeszcze troch\u0119 czasu, zawodnicy Handball Stali Mielec nie zwalniaj\u0105 tempa. Okres przygotowawczy trwa w najlepsze, a ka\u017cdy kolejny trening to kolejny krok w stron\u0119 inauguracji nowego sezonu.<\/p>\n<p>Sztab szkoleniowy konsekwentnie realizuje plan przygotowa\u0144, a zawodnicy pracuj\u0105 nad wytrzyma\u0142o\u015bci\u0105, si\u0142\u0105 oraz zgraniem zespo\u0142u. Intensywne treningi maj\u0105 zapewni\u0107 odpowiedni\u0105 dyspozycj\u0119 ju\u017c od pierwszych spotka\u0144 ligowych.<\/p>\n<p>Okres przygotowawczy jest jednym z najwa\u017cniejszych etap\u00f3w przed rozpocz\u0119ciem sezonu. To w\u0142a\u015bnie teraz budowana jest forma, kt\u00f3ra ma zaprocentowa\u0107 w rywalizacji na parkietach ORLEN Superligi.1 z 19<img decoding=\"async\" src=\"https:\/\/www.europesays.com\/pl\/wp-content\/uploads\/2026\/07\/daf416e4-d9c0-42d3-bbe0-daaa9f19d60a.webp\" alt=\"Trening medialny Handball Stali\" data-not-lazy=\"true\"\/>2 z 19<img decoding=\"async\" src=\"https:\/\/www.europesays.com\/pl\/wp-content\/uploads\/2026\/07\/8f99cd87-89db-4674-9920-31eb4e15bd4f.webp\" alt=\"\" data-not-lazy=\"true\"\/>3 z 19<img decoding=\"async\" src=\"https:\/\/www.europesays.com\/pl\/wp-content\/uploads\/2026\/07\/fc8b08ae-cd3b-4d51-b61f-43a7fbf7a479.webp\" alt=\"\" data-not-lazy=\"true\"\/>4 z 19<img lazy-src=\"https:\/\/www.europesays.com\/pl\/wp-content\/uploads\/2026\/07\/ed8b8539-a440-44b2-b195-34de4424ef6d.webp\" alt=\"\" data-not-lazy=\"false\"\/><\/p>\n<p> Fot. Jb<\/p>\n<p>5 z 19<img lazy-src=\"https:\/\/www.europesays.com\/pl\/wp-content\/uploads\/2026\/07\/94bf00db-e5b9-4d18-83f1-3e596d6e893b.webp\" alt=\"\" data-not-lazy=\"false\"\/><\/p>\n<p> Fot. Jb<\/p>\n<p>6 z 19<img lazy-src=\"https:\/\/www.europesays.com\/pl\/wp-content\/uploads\/2026\/07\/87ce6365-42ce-4442-ab28-c4d8a4b3e14f.webp\" alt=\"\" data-not-lazy=\"false\"\/><\/p>\n<p> Fot. Jb<\/p>\n<p>7 z 19<img lazy-src=\"https:\/\/www.europesays.com\/pl\/wp-content\/uploads\/2026\/07\/4118db8c-3a8d-4614-bc02-c92f903a9bdf.webp\" alt=\"\" data-not-lazy=\"false\"\/><\/p>\n<p> Fot. Jb<\/p>\n<p>8 z 19<img lazy-src=\"https:\/\/www.europesays.com\/pl\/wp-content\/uploads\/2026\/07\/273da775-42f6-40df-9878-f84d335e38aa.webp\" alt=\"\" data-not-lazy=\"false\"\/><\/p>\n<p> Fot. Jb<\/p>\n<p>9 z 19<img lazy-src=\"https:\/\/www.europesays.com\/pl\/wp-content\/uploads\/2026\/07\/6f14d903-db26-4f12-99ac-9c870484abaf.webp\" alt=\"\" data-not-lazy=\"false\"\/><\/p>\n<p> Fot. Jb<\/p>\n<p>10 z 19<img lazy-src=\"https:\/\/www.europesays.com\/pl\/wp-content\/uploads\/2026\/07\/b006f7c6-6158-479e-b4cc-72a83e013e19.webp\" alt=\"\" data-not-lazy=\"false\"\/><\/p>\n<p> Fot. Jb<\/p>\n<p>11 z 19<img lazy-src=\"https:\/\/www.europesays.com\/pl\/wp-content\/uploads\/2026\/07\/69e2ee14-9d32-4fe2-ba66-ff41d94d422f.webp\" alt=\"\" data-not-lazy=\"false\"\/><\/p>\n<p> Fot. Jb<\/p>\n<p>12 z 19<img lazy-src=\"https:\/\/www.europesays.com\/pl\/wp-content\/uploads\/2026\/07\/76e2155a-3945-40c1-afb9-03fc3208caa6.webp\" alt=\"\" data-not-lazy=\"false\"\/><\/p>\n<p> Fot. Jb<\/p>\n<p>13 z 19<img lazy-src=\"https:\/\/www.europesays.com\/pl\/wp-content\/uploads\/2026\/07\/88b718ca-b77e-4cd8-831d-9290171a1dc8.webp\" alt=\"\" data-not-lazy=\"false\"\/><\/p>\n<p> Fot. Jb<\/p>\n<p>14 z 19<img lazy-src=\"https:\/\/www.europesays.com\/pl\/wp-content\/uploads\/2026\/07\/f25f303e-2912-4199-a60b-b1da5a288924.webp\" alt=\"\" data-not-lazy=\"false\"\/><\/p>\n<p> Fot. Jb<\/p>\n<p>15 z 19<img lazy-src=\"https:\/\/www.europesays.com\/pl\/wp-content\/uploads\/2026\/07\/1cd30642-8dc9-47fd-9034-950d9cfa1429.webp\" alt=\"\" data-not-lazy=\"false\"\/><\/p>\n<p> Fot. Jb<\/p>\n<p>16 z 19<img lazy-src=\"https:\/\/www.europesays.com\/pl\/wp-content\/uploads\/2026\/07\/357e089e-33c5-476a-9ad0-9fa60dbf82fc.webp\" alt=\"\" data-not-lazy=\"false\"\/><\/p>\n<p> Fot. Jb<\/p>\n<p>17 z 19<img lazy-src=\"https:\/\/www.europesays.com\/pl\/wp-content\/uploads\/2026\/07\/2d1c033f-0967-4370-a754-6d933744c151.webp\" alt=\"\" data-not-lazy=\"false\"\/><\/p>\n<p> Fot. Jb<\/p>\n<p>18 z 19<img lazy-src=\"https:\/\/www.europesays.com\/pl\/wp-content\/uploads\/2026\/07\/d0220746-6764-482e-91b7-3dc188992d96.webp\" alt=\"\" data-not-lazy=\"false\"\/><\/p>\n<p> Fot. Jb<\/p>\n<p>19 z 19<img lazy-src=\"https:\/\/www.europesays.com\/pl\/wp-content\/uploads\/2026\/07\/34d6a13b-c4c6-4781-ab2d-e8eb0f57034a.webp\" alt=\"\" data-not-lazy=\"false\"\/><\/p>\n<p> Fot. Jb<\/p>\n","protected":false},"excerpt":{"rendered":"SportCho\u0107 do rozpocz\u0119cia rozgrywek ORLEN Superligi 2026\/2027 pozosta\u0142o jeszcze troch\u0119 czasu, zawodnicy Handball Stali Mielec nie zwalniaj\u0105 tempa.&hellip;\n","protected":false},"author":2,"featured_media":571765,"comment_status":"","ping_status":"","sticky":false,"template":"","format":"standard","meta":{"footnotes":"","_share_on_mastodon":"0"},"categories":[52097],"tags":[17516,14432,774,15166,42,38,40,39,41],"class_list":["post-571764","post","type-post","status-publish","format-standard","has-post-thumbnail","category-orlen","tag-handball-stal-mielec","tag-mielec","tag-orlen","tag-orlen-superliga","tag-pl","tag-poland","tag-polish","tag-polska","tag-polski"],"share_on_mastodon":{"url":"https:\/\/pubeurope.com\/@pl\/116962403686019056","error":""},"_links":{"self":[{"href":"https:\/\/www.europesays.com\/pl\/wp-json\/wp\/v2\/posts\/571764","targetHints":{"allow":["GET"]}}],"collection":[{"href":"https:\/\/www.europesays.com\/pl\/wp-json\/wp\/v2\/posts"}],"about":[{"href":"https:\/\/www.europesays.com\/pl\/wp-json\/wp\/v2\/types\/post"}],"author":[{"embeddable":true,"href":"https:\/\/www.europesays.com\/pl\/wp-json\/wp\/v2\/users\/2"}],"replies":[{"embeddable":true,"href":"https:\/\/www.europesays.com\/pl\/wp-json\/wp\/v2\/comments?post=571764"}],"version-history":[{"count":0,"href":"https:\/\/www.europesays.com\/pl\/wp-json\/wp\/v2\/posts\/571764\/revisions"}],"wp:featuredmedia":[{"embeddable":true,"href":"https:\/\/www.europesays.com\/pl\/wp-json\/wp\/v2\/media\/571765"}],"wp:attachment":[{"href":"https:\/\/www.europesays.com\/pl\/wp-json\/wp\/v2\/media?parent=571764"}],"wp:term":[{"taxonomy":"category","embeddable":true,"href":"https:\/\/www.europesays.com\/pl\/wp-json\/wp\/v2\/categories?post=571764"},{"taxonomy":"post_tag","embeddable":true,"href":"https:\/\/www.europesays.com\/pl\/wp-json\/wp\/v2\/tags?post=571764"}],"curies":[{"name":"wp","href":"https:\/\/api.w.org\/{rel}","templated":true}]}}