{"id":571838,"date":"2026-07-22T07:57:14","date_gmt":"2026-07-22T07:57:14","guid":{"rendered":"https:\/\/www.europesays.com\/pl\/571838\/"},"modified":"2026-07-22T07:57:14","modified_gmt":"2026-07-22T07:57:14","slug":"boniek-wbil-szpilke-wysockiej-schnepf-jestem-polakiem","status":"publish","type":"post","link":"https:\/\/www.europesays.com\/pl\/571838\/","title":{"rendered":"Boniek wbi\u0142 szpilk\u0119 Wysockiej-Schnepf. &#8222;Jestem Polakiem&#8221;"},"content":{"rendered":"\n<p class=\"contentpart contentpart--default contentpart--text\" data-position=\"0\">W finale M\u015a reprezentacja Hiszpanii pokona\u0142a po dogrywce Argentyn\u0119. Jedynego gola w 106. minucie zdoby\u0142 Ferran Torres.<\/p>\n<p class=\"contentpart contentpart--default contentpart--text\" data-position=\"1\">Dzie\u0144 po tym meczu dziennikarka TVP Dorota Wysocka-Schnepf rozmawia\u0142a na swoim kanale w serwisie YouTube ze Zbigniewem Bo\u0144kiem. Kobieta nie kry\u0142a rado\u015bci z powodu wygranej Hiszpan\u00f3w i wyst\u0105pi\u0142a w koszulce tej reprezentacji. &#8211; Od wczoraj \u015bwi\u0119tuj\u0119 &#8211; m\u00f3wi\u0142a, a po chwili zapyta\u0142a Bo\u0144ka, czy podziela jej odczucia. Ten w odpowiedzi jasno zaznaczy\u0142, \u017ce interesuj\u0105 go przede wszystkim wyniki naszej kadry.<\/p>\n<p>  <img decoding=\"async\" src=\"https:\/\/v.wpimg.pl\/X3dwLnN2d1IFFTpdYUl6R0ZNbgcnEHQREVV2TGEGbUtRT2MdOlZ2RBQUKABgQjQcDRotCStBd1IAAWMeIlM7VgwYIAorQAdEFFk_GCkQJQ\" alt=\"\" width=\"45\" height=\"58\" loading=\"lazy\"\/>  <\/p>\n<p class=\"contentpart contentpart--default contentpart--text\" data-position=\"2\">ZOBACZ WIDEO: Mistrz Polski walczy o Lig\u0119 Mistrz\u00f3w. &#8222;Lech jest gotowy&#8221;<\/p>\n<p class=\"contentpart contentpart--default contentpart--text\" data-position=\"4\">&#8211; Ja jestem Polakiem i musz\u0119 pani powiedzie\u0107, \u017ce generalnie \u015bwi\u0119tuj\u0119, jak wygra polska dru\u017cyna. Nie b\u0119d\u0119 si\u0119 pod\u0142\u0105cza\u0142 ani pod sukces Hiszpan\u00f3w, ani Argentyny &#8211; stwierdzi\u0142 Boniek.<\/p>\n<p class=\"contentpart contentpart--default contentpart--text\" data-position=\"5\">&#8211; Nawet gdyby wygrali W\u0142osi, to pewnie z\u0142o\u017cy\u0142bym im tylko serdeczne gratulacje. Natomiast ja nie jestem taki, by \u015bwi\u0119towa\u0107 zwyci\u0119stwo innych reprezentacji i innych kraj\u00f3w ni\u017c reprezentacja Polski &#8211; kontynuowa\u0142. Wysocka-Schnepf natychmiast wyja\u015bni\u0142a, \u017ce r\u00f3wnie\u017c w pierwszej kolejno\u015bci kibicuje Bia\u0142o-Czerwonym, tych jednak zabrak\u0142o na M\u015a. Przegrali bowiem fina\u0142 bara\u017cy ze Szwecj\u0105.<\/p>\n<p class=\"contentpart contentpart--default contentpart--text\" data-position=\"6\">Boniek nieprzypadkowo wspomnia\u0142 o W\u0142oszech. Jest bowiem blisko zwi\u0105zany z tym krajem. Gra\u0142 tam przez sze\u015b\u0107 lat &#8211; najpierw w Juventusie, a potem w AS Romie, gdzie ko\u0144czy\u0142 karier\u0119 &#8211; a obecnie mieszka w Rzymie. Jego s\u0142owa jasno dowodz\u0105 jednak, \u017ce znacznie bardziej zale\u017cy mu na sukcesach reprezentacji Polski.<\/p>\n<p>  <img decoding=\"async\" src=\"https:\/\/v.wpimg.pl\/X3dwLnN2d1IFFTpdYUl6R0ZNbgcnEHQREVV2TGEGbUtRT2MdOlZ2RBQUKABgQjQcDRotCStBd1IAAWMeIlM7VgwYIAorQAdEFFk_GCkQJQ\" alt=\"\" width=\"45\" height=\"58\" loading=\"lazy\"\/>  <\/p>\n<p class=\"contentpart contentpart--default contentpart--text\" data-position=\"7\">P\u00f3\u017aniej wspomnia\u0142 tak\u017ce, \u017ce w\u015br\u00f3d uczestnik\u00f3w mistrzostw \u015bwiata jego najwi\u0119ksz\u0105 sympati\u0105 cieszy\u0142y si\u0119 Maroko, Norwegia i Francja, natomiast w niedzielnym finale nie kibicowa\u0142 \u017cadnej dru\u017cynie. Podkre\u015bli\u0142 za to, \u017ce Hiszpania zas\u0142u\u017cenie wygra\u0142a ten mecz.<\/p>\n","protected":false},"excerpt":{"rendered":"W finale M\u015a reprezentacja Hiszpanii pokona\u0142a po dogrywce Argentyn\u0119. Jedynego gola w 106. minucie zdoby\u0142 Ferran Torres. Dzie\u0144&hellip;\n","protected":false},"author":2,"featured_media":571839,"comment_status":"","ping_status":"","sticky":false,"template":"","format":"standard","meta":{"footnotes":"","_share_on_mastodon":"0"},"categories":[24],"tags":[3037,9090,269,42,38,40,39,41,127,268,126,97570,4061],"class_list":["post-571838","post","type-post","status-publish","format-standard","has-post-thumbnail","category-sport","tag-mistrzostwa-swiata","tag-mistrzostwa-swiata-2026","tag-pilka-nozna","tag-pl","tag-poland","tag-polish","tag-polska","tag-polski","tag-sport","tag-sportowybar","tag-sports","tag-studio-mundial","tag-zbigniew-boniek"],"share_on_mastodon":{"url":"https:\/\/pubeurope.com\/@pl\/116962568326073522","error":""},"_links":{"self":[{"href":"https:\/\/www.europesays.com\/pl\/wp-json\/wp\/v2\/posts\/571838","targetHints":{"allow":["GET"]}}],"collection":[{"href":"https:\/\/www.europesays.com\/pl\/wp-json\/wp\/v2\/posts"}],"about":[{"href":"https:\/\/www.europesays.com\/pl\/wp-json\/wp\/v2\/types\/post"}],"author":[{"embeddable":true,"href":"https:\/\/www.europesays.com\/pl\/wp-json\/wp\/v2\/users\/2"}],"replies":[{"embeddable":true,"href":"https:\/\/www.europesays.com\/pl\/wp-json\/wp\/v2\/comments?post=571838"}],"version-history":[{"count":0,"href":"https:\/\/www.europesays.com\/pl\/wp-json\/wp\/v2\/posts\/571838\/revisions"}],"wp:featuredmedia":[{"embeddable":true,"href":"https:\/\/www.europesays.com\/pl\/wp-json\/wp\/v2\/media\/571839"}],"wp:attachment":[{"href":"https:\/\/www.europesays.com\/pl\/wp-json\/wp\/v2\/media?parent=571838"}],"wp:term":[{"taxonomy":"category","embeddable":true,"href":"https:\/\/www.europesays.com\/pl\/wp-json\/wp\/v2\/categories?post=571838"},{"taxonomy":"post_tag","embeddable":true,"href":"https:\/\/www.europesays.com\/pl\/wp-json\/wp\/v2\/tags?post=571838"}],"curies":[{"name":"wp","href":"https:\/\/api.w.org\/{rel}","templated":true}]}}