{"id":571845,"date":"2026-07-22T08:01:24","date_gmt":"2026-07-22T08:01:24","guid":{"rendered":"https:\/\/www.europesays.com\/pl\/571845\/"},"modified":"2026-07-22T08:01:24","modified_gmt":"2026-07-22T08:01:24","slug":"gdy-mial-18-lat-przezyl-masakre-na-wyspie-utoya-w-norwegii-tak-teraz-zyje","status":"publish","type":"post","link":"https:\/\/www.europesays.com\/pl\/571845\/","title":{"rendered":"Gdy mia\u0142 18 lat, prze\u017cy\u0142 masakr\u0119 na wyspie Utoya w Norwegii. Tak teraz \u017cyje"},"content":{"rendered":"<p>Dzie\u0144 22 lipca 2011 r. na zawsze zmieni\u0142 histori\u0119 Norwegii. Najpierw w centrum Oslo dosz\u0142o do eksplozji, a nast\u0119pnie Anders Behring Breivik dokona\u0142 rzezi na wyspie Utoya. W sumie zgin\u0119\u0142o 77 os\u00f3b, a setki zosta\u0142o rannych. To by\u0142a jedna z najwi\u0119kszych masakr XXI w. Rok p\u00f3\u017aniej terrorysta zosta\u0142 skazany za oba te ataki na 21 lat wi\u0119zienia z mo\u017cliwo\u015bci\u0105 przed\u0142u\u017cenia wyroku.<\/p>\n<p>Magnus Haakonson, kt\u00f3ry ocala\u0142 z zamachu, w 2011 r. mia\u0142 18 lat. Obecnie dzia\u0142a jako wiceprzewodnicz\u0105cy Grupy Wsparcia 22 Lipca dla ocala\u0142ych, bliskich ofiar i innych os\u00f3b dotkni\u0119tych tamtymi wydarzeniami.<\/p>\n<blockquote class=\"ods-o-quote\">\n<p class=\"ods-o-quote__paragraph\">Czas nie leczy ran, on zmienia ranionego cz\u0142owieka. W 2011 r. by\u0142em kim\u015b zupe\u0142nie innym. (Dzi\u015b) inaczej prze\u017cywam stres, inaczej t\u0119skni\u0119, stawiam inne pytania i inaczej na pytania odpowiadam<\/p>\n<\/blockquote>\n<p>\u2014 m\u00f3wi w rozmowie z PAP Magnus.<\/p>\n<p>Kiedy zwolennik skrajnej prawicy Anders Breivik zacz\u0105\u0142 zabija\u0107 na wyspie Utoya uczestnik\u00f3w obozu m\u0142odzie\u017c\u00f3wki norweskiej Partii Pracy, Magnus pr\u00f3bowa\u0142 uciec na l\u0105d, p\u0142yn\u0105c wp\u0142aw. W wodzie sp\u0119dzi\u0142 ponad godzin\u0119. Temperatura jego cia\u0142a spad\u0142a poni\u017cej 34 st. C.<\/p>\n<p> Dalszy ci\u0105g artyku\u0142u pod materia\u0142em wideo Gdy mia\u0142 18 lat, prze\u017cy\u0142 masakr\u0119 na wyspie Utoya w Norwegii. Tak teraz \u017cyje     <\/p>\n<p>Siedem lat po zamachu, gdy Magnus Haakonson wraca\u0142 tramwajem z pracy, nagle upad\u0142. Lekarze stwierdzili u niego atak paniki. To u\u015bwiadomi\u0142o mu, \u017ce potrzebuje rozmowy z lud\u017ami, kt\u00f3rzy prze\u017cyli co\u015b podobnego. W 2018 r. pojecha\u0142 na organizowan\u0105 co dwa lata konferencj\u0119 dla os\u00f3b ocala\u0142ych z zamach\u00f3w Breivika w Oslo i na wyspie Utoya. Spotkanie to pozwoli\u0142o mu po raz pierwszy uporz\u0105dkowa\u0107 w\u0142asn\u0105 histori\u0119.<\/p>\n<p>Dzi\u015b jest wiceprzewodnicz\u0105cym organizacji zrzeszaj\u0105cej oko\u0142o 2 tys. ocala\u0142ych, bliskich ofiar oraz przyjaci\u00f3\u0142 i krewnych os\u00f3b w ten czy inny spos\u00f3b dotkni\u0119tych zamachami. Grupa reprezentuje ich w kontaktach z w\u0142adzami. O pomoc i swoje prawa ocalali oraz rodziny zabitych musieli si\u0119 jednak dopomina\u0107. Spotykali si\u0119 te\u017c ze stygmatyzacj\u0105.<\/p>\n<p>Grupa Wsparcia 22 Lipca wsp\u00f3\u0142pracuje z Norweskim Centrum Bada\u0144 nad Przemoc\u0105 i Stresem Traumatycznym. Prowadzi r\u00f3wnie\u017c finansowane przez rz\u0105d projekty, w ramach kt\u00f3rych ocaleni opowiadaj\u0105 o swoich prze\u017cyciach uczniom i nauczycielom.<\/p>\n<p>Magnus, kt\u00f3ry sam zajmuje si\u0119 nauczaniem, uwa\u017ca, \u017ce edukacja mo\u017ce ogranicza\u0107 popularno\u015b\u0107 pogl\u0105d\u00f3w ekstremistycznych, ale szko\u0142a nie powinna przekazywa\u0107 m\u0142odzie\u017cy gotowego zestawu dozwolonych opinii.<\/p>\n<p>Opublikowane w czerwcu wyniki bada\u0144 Uniwersytetu w Oslo wskaza\u0142y, \u017ce 3 proc. Norweg\u00f3w prezentuje lub popiera skrajnie prawicowe postawy.<\/p>\n<blockquote class=\"ods-o-quote\">\n<p class=\"ods-o-quote__paragraph\">Dlatego samo powiedzenie uczniowi, \u017ce nie wolno mu tak my\u015ble\u0107, nie rozwi\u0105\u017ce problemu. Powinni\u015bmy pyta\u0107, dlaczego m\u00f3wi to, co m\u00f3wi, i sk\u0105d bior\u0105 si\u0119 jego przekonania. Cz\u0119sto za radykalnymi s\u0142owami stoi potrzeba bycia zauwa\u017conym i wys\u0142uchanym<\/p>\n<\/blockquote>\n<p>\u2014 opisuje Magnus.<\/p>\n<p> Kupowa\u0142 nawozy, uczy\u0142 si\u0119 strzela\u0107. D\u0142ugo si\u0119 przygotowywa\u0142 do masakry student\u00f3w   <img class=\"ods-a-photo ods-a-photo--background\" src=\"https:\/\/www.europesays.com\/pl\/wp-content\/uploads\/2026\/07\/1784707284_386_0FTk9lBaHR0cHM6Ly9vY2RuLmV1L3B1bHNjbXMvTURBXy8yNjhiOWM4M2YxZGY5ZTY2NzgyZjNmZjQ3OTU1MTk1NS5wbmeRlQLNA.jpeg\" height=\"253\" width=\"450\" loading=\"lazy\" fetchpriority=\"low\" decoding=\"async\"\/>  <\/p>\n","protected":false},"excerpt":{"rendered":"Dzie\u0144 22 lipca 2011 r. na zawsze zmieni\u0142 histori\u0119 Norwegii. Najpierw w centrum Oslo dosz\u0142o do eksplozji, a&hellip;\n","protected":false},"author":2,"featured_media":571846,"comment_status":"","ping_status":"","sticky":false,"template":"","format":"standard","meta":{"footnotes":"","_share_on_mastodon":"0"},"categories":[14],"tags":[71640,61195,32,33,5012,27,34,35,28,31,48,25,3155,17178,46,4369,40,41,47,511,1277,80,29,30,112915,26,82,83,84,1152],"class_list":["post-571845","post","type-post","status-publish","format-standard","has-post-thumbnail","category-swiat","tag-anders_breivik","tag-bottomfeed_styl","tag-breaking-news","tag-breakingnews","tag-eksplozja","tag-headlines","tag-latest-news","tag-latestnews","tag-naglowki","tag-najwazniejsze-artykuly","tag-nat_styl","tag-news","tag-norwegia","tag-ofiary","tag-omp","tag-oslo","tag-polish","tag-polski","tag-screening_general","tag-smierc","tag-strzelanina","tag-swiat","tag-top-stories","tag-topstories","tag-utoya","tag-wiadomosci","tag-world","tag-world-news","tag-worldnews","tag-zamach"],"share_on_mastodon":{"url":"https:\/\/pubeurope.com\/@pl\/116962584247193306","error":""},"_links":{"self":[{"href":"https:\/\/www.europesays.com\/pl\/wp-json\/wp\/v2\/posts\/571845","targetHints":{"allow":["GET"]}}],"collection":[{"href":"https:\/\/www.europesays.com\/pl\/wp-json\/wp\/v2\/posts"}],"about":[{"href":"https:\/\/www.europesays.com\/pl\/wp-json\/wp\/v2\/types\/post"}],"author":[{"embeddable":true,"href":"https:\/\/www.europesays.com\/pl\/wp-json\/wp\/v2\/users\/2"}],"replies":[{"embeddable":true,"href":"https:\/\/www.europesays.com\/pl\/wp-json\/wp\/v2\/comments?post=571845"}],"version-history":[{"count":0,"href":"https:\/\/www.europesays.com\/pl\/wp-json\/wp\/v2\/posts\/571845\/revisions"}],"wp:featuredmedia":[{"embeddable":true,"href":"https:\/\/www.europesays.com\/pl\/wp-json\/wp\/v2\/media\/571846"}],"wp:attachment":[{"href":"https:\/\/www.europesays.com\/pl\/wp-json\/wp\/v2\/media?parent=571845"}],"wp:term":[{"taxonomy":"category","embeddable":true,"href":"https:\/\/www.europesays.com\/pl\/wp-json\/wp\/v2\/categories?post=571845"},{"taxonomy":"post_tag","embeddable":true,"href":"https:\/\/www.europesays.com\/pl\/wp-json\/wp\/v2\/tags?post=571845"}],"curies":[{"name":"wp","href":"https:\/\/api.w.org\/{rel}","templated":true}]}}