{"id":572064,"date":"2026-07-22T10:19:13","date_gmt":"2026-07-22T10:19:13","guid":{"rendered":"https:\/\/www.europesays.com\/pl\/572064\/"},"modified":"2026-07-22T10:19:13","modified_gmt":"2026-07-22T10:19:13","slug":"nowe-dane-gus-polska-powiekszyla-sie-o-433-hektary","status":"publish","type":"post","link":"https:\/\/www.europesays.com\/pl\/572064\/","title":{"rendered":"Nowe dane GUS. Polska powi\u0119kszy\u0142a si\u0119 o 433 hektary"},"content":{"rendered":"<p>Gdzie znajduj\u0105 si\u0119 nowe terytoria?<\/p>\n<p class=\"font-primary mb-8 text-lg leading-[1.55] [&amp;_a]:text-[#23437D] [&amp;_a]:underline [&amp;_a]:font-bold\">Najwi\u0119kszy przyrost powierzchni odnotowano na Pomorzu Zachodnim, a przede wszystkim w pow. s\u0142awie\u0144skim. Jak t\u0142umaczy GUS, jest to spowodowane &#8222;dostosowaniem granic jednostek\u00a0terytorialnych po\u0142o\u017conych wzd\u0142u\u017c brzegu Morza Ba\u0142tyckiego do linii podstawowej morza terytorialnego&#8221;. Zmiany dotycz\u0105 jednak r\u00f3wnie\u017c innych region\u00f3w.\u00a0<\/p>\n<p class=\"font-primary mb-8 text-lg leading-[1.55] [&amp;_a]:text-[#23437D] [&amp;_a]:underline [&amp;_a]:font-bold\">Wed\u0142ug statystyk w o\u015bmiu wojew\u00f3dztwach nast\u0105pi\u0142 przyrost powierzchni, a w siedmiu redukcja. R\u00f3\u017cnice wynosz\u0105 od 3 do 12 hektar\u00f3w. Cz\u0119\u015b\u0107 obszar\u00f3w wodnych, kt\u00f3re wcze\u015bniej nie stanowi\u0142y terytorium Polski, obecnie s\u0105 ju\u017c jego cz\u0119\u015bci\u0105. Przewa\u017cnie s\u0105 to kwestie administracyjne zwi\u0105zane z wyodr\u0119bnianiem nowych dzia\u0142ek lub tor\u00f3w wodnych.\u00a0<\/p>\n<p class=\"font-primary mb-8 text-lg leading-[1.55] [&amp;_a]:text-[#23437D] [&amp;_a]:underline [&amp;_a]:font-bold\">Dobrym przyk\u0142adem jest tutaj m.in. Gda\u0144sk, kt\u00f3ry &#8211; jak podaje money.pl &#8211; w 2023 roku poszerzy\u0142 swoje granice. Te zosta\u0142y przed\u0142u\u017cone do linii podstawowej morza terytorialnego. Zreszt\u0105 r\u00f3wnie\u017c wody wewn\u0119trzne cz\u0119\u015bci Zatoki Gda\u0144skiej zosta\u0142y w\u0142\u0105czone w obr\u0119b miasta. Takie zmiany zazwyczaj maj\u0105 wp\u0142yw na p\u00f3\u017aniejsze inwestycje i inne decyzje zwi\u0105zane z terenami.\u00a0<\/p>\n<p>Uby\u0142o ponad 156 tys. Polak\u00f3w<\/p>\n<p class=\"font-primary mb-8 text-lg leading-[1.55] [&amp;_a]:text-[#23437D] [&amp;_a]:underline [&amp;_a]:font-bold\">Podano r\u00f3wnie\u017c statystyki dotycz\u0105ce ludno\u015bci Polski. W ci\u0105gu 2025 roku spad\u0142a ona o 156,6 tys. os\u00f3b i wynios\u0142a 37,33 mln os\u00f3b. Spadek odnotowano w 15 z 16 wojew\u00f3dztw &#8211; najwi\u0119kszy (29,6 tys.) w woj. \u015bl\u0105skim. Jedynie w woj. ma\u0142opolskim nast\u0105pi\u0142 niewielki wzrost &#8211; o 0,3 tys. Ze statystyk wynika r\u00f3wnie\u017c, \u017ce nast\u0119puje spadek liczby mieszka\u0144c\u00f3w teren\u00f3w wiejskich na korzy\u015b\u0107 miast. To jednak jest zwi\u0105zane m.in. z decyzjami administracyjnymi, w wyniku kt\u00f3rych granice miast zosta\u0142y skorygowane.\u00a0<\/p>\n<p>Redakcja poleca<\/p>\n","protected":false},"excerpt":{"rendered":"Gdzie znajduj\u0105 si\u0119 nowe terytoria? Najwi\u0119kszy przyrost powierzchni odnotowano na Pomorzu Zachodnim, a przede wszystkim w pow. s\u0142awie\u0144skim.&hellip;\n","protected":false},"author":2,"featured_media":572065,"comment_status":"","ping_status":"","sticky":false,"template":"","format":"standard","meta":{"footnotes":"","_share_on_mastodon":"0"},"categories":[12],"tags":[1704,42,38,40,39,41],"class_list":["post-572064","post","type-post","status-publish","format-standard","has-post-thumbnail","category-polska","tag-gus","tag-pl","tag-poland","tag-polish","tag-polska","tag-polski"],"share_on_mastodon":{"url":"","error":""},"_links":{"self":[{"href":"https:\/\/www.europesays.com\/pl\/wp-json\/wp\/v2\/posts\/572064","targetHints":{"allow":["GET"]}}],"collection":[{"href":"https:\/\/www.europesays.com\/pl\/wp-json\/wp\/v2\/posts"}],"about":[{"href":"https:\/\/www.europesays.com\/pl\/wp-json\/wp\/v2\/types\/post"}],"author":[{"embeddable":true,"href":"https:\/\/www.europesays.com\/pl\/wp-json\/wp\/v2\/users\/2"}],"replies":[{"embeddable":true,"href":"https:\/\/www.europesays.com\/pl\/wp-json\/wp\/v2\/comments?post=572064"}],"version-history":[{"count":0,"href":"https:\/\/www.europesays.com\/pl\/wp-json\/wp\/v2\/posts\/572064\/revisions"}],"wp:featuredmedia":[{"embeddable":true,"href":"https:\/\/www.europesays.com\/pl\/wp-json\/wp\/v2\/media\/572065"}],"wp:attachment":[{"href":"https:\/\/www.europesays.com\/pl\/wp-json\/wp\/v2\/media?parent=572064"}],"wp:term":[{"taxonomy":"category","embeddable":true,"href":"https:\/\/www.europesays.com\/pl\/wp-json\/wp\/v2\/categories?post=572064"},{"taxonomy":"post_tag","embeddable":true,"href":"https:\/\/www.europesays.com\/pl\/wp-json\/wp\/v2\/tags?post=572064"}],"curies":[{"name":"wp","href":"https:\/\/api.w.org\/{rel}","templated":true}]}}