{"id":572137,"date":"2026-07-22T10:59:12","date_gmt":"2026-07-22T10:59:12","guid":{"rendered":"https:\/\/www.europesays.com\/pl\/572137\/"},"modified":"2026-07-22T10:59:12","modified_gmt":"2026-07-22T10:59:12","slug":"dino-pozywa-zwiazkowca-siec-sklepow-domaga-sie-znacznej-kwoty","status":"publish","type":"post","link":"https:\/\/www.europesays.com\/pl\/572137\/","title":{"rendered":"Dino pozywa zwi\u0105zkowca. Sie\u0107 sklep\u00f3w domaga si\u0119 znacznej kwoty."},"content":{"rendered":"<p>Wojciech Jendrusiak, przewodnicz\u0105cy OPZZ Konfederacja Pracy wielokrotnie alarmowa\u0142 o z\u0142ych warunkach pracy w sieci market\u00f3w Dino &#8211; o \u0142amaniu praw pracowniczych, mro\u017ceniu pracownik\u00f3w, zwalnianiu sygnalist\u00f3w. Robi\u0142 to tak\u017ce na \u0142amach TOK FM.<\/p>\n<p>Teraz\u00a0Dino Polska zarzuca mu naruszenie d\u00f3br osobistych i \u017c\u0105da od niego 50 tys. z\u0142 odszkodowania, publikacji przeprosin oraz zakazu rozpowszechniania tre\u015bci dotycz\u0105cych sp\u00f3\u0142ki.<\/p>\n<p>&#8222;Dino oszcz\u0119dza\u0142o miliony, mro\u017c\u0105c pracownik\u00f3w w sklepach w sezonie zimowym. Teraz \u017c\u0105daj\u0105 pieni\u0119dzy za to, \u017ce g\u0142o\u015bno o tym m\u00f3wili\u015bmy. G\u0142\u00f3wny Inspektor Pracy potwierdzi\u0142 ten proceder. Do tej pory w Dino stwierdzono ponad 1300 narusze\u0144. Sp\u00f3\u0142ka Dino pokazuje, \u017ce na \u0142amaniu prawa mo\u017cna dobrze zarobi\u0107&#8230; podw\u00f3jnie? Zwyci\u0119\u017cymy!&#8221; &#8211; napisa\u0142 Wojciech Jendrusiak w swoich mediach spo\u0142eczno\u015bciowych.\u00a0<\/p>\n<p>To nie jedyna sprawa s\u0105dowa, z jak\u0105 musi si\u0119 mierzy\u0107 zwi\u0105zkowiec.\u00a0Od niemieckiej sieci Kaufland otrzyma\u0142 ju\u017c kilka pozw\u00f3w, w kt\u00f3rych sp\u00f3\u0142ka domaga si\u0119 od niego \u0142\u0105cznie 220 tys. z\u0142 odszkodowania.\u00a0<\/p>\n<p>Zdaniem Jendrusiaka te pozwy to tzw. SLAPP. &#8222;Zmasowany atak Dino i Kauflandu! Chc\u0105 mnie uciszy\u0107 pozwami zastraszaj\u0105cymi (SLAPP).\u00a0W obu przypadkach sieci handlowe korzystaj\u0105 z us\u0142ug tej samej kancelarii prawnej \u2013 PCS Paruch (PCS | Littler). Dzia\u0142ania te nosz\u0105 wszelkie znamiona tzw. SLAPP (Strategic Lawsuits Against Public Participation), czyli pozw\u00f3w zastraszaj\u0105cych, bezzasadnych, kt\u00f3re wygrywamy!&#8221; &#8211; napisa\u0142 na swoim profilu.\u00a0&#8222;Kaufland skierowa\u0142 przeciwko naszym zwi\u0105zkowcom oraz samemu zwi\u0105zkowi ju\u017c kilkana\u015bcie pozw\u00f3w o charakterze zastraszaj\u0105cym. To systemowa pr\u00f3ba sparali\u017cowania naszej dzia\u0142alno\u015bci statutowej.\u00a0Dino debiutuje w tej roli, kieruj\u0105c pierwszy pozew bezpo\u015brednio we mnie i \u017c\u0105daj\u0105c wysokiego zado\u015b\u0107uczynienia&#8221; &#8211; doda\u0142.\u00a0<\/p>\n<p>W Dino Polska obowi\u0105zuje obecnie pogotowie strajkowe, a na wrzesie\u0144 planowany jest strajk generalny.<\/p>\n<p>Poprosili\u015bmy sie\u0107 Dino o komentarz na temat sprawy. Czekamy na odpowied\u017a.\u00a0<\/p>\n<p>\u0179r\u00f3d\u0142o: TOK FM<\/p>\n","protected":false},"excerpt":{"rendered":"Wojciech Jendrusiak, przewodnicz\u0105cy OPZZ Konfederacja Pracy wielokrotnie alarmowa\u0142 o z\u0142ych warunkach pracy w sieci market\u00f3w Dino &#8211; o&hellip;\n","protected":false},"author":2,"featured_media":572138,"comment_status":"","ping_status":"","sticky":false,"template":"","format":"standard","meta":{"footnotes":"","_share_on_mastodon":"0"},"categories":[52249],"tags":[857,41997,42,38,40,39,41,43894,2676,17102],"class_list":["post-572137","post","type-post","status-publish","format-standard","has-post-thumbnail","category-dino-polska","tag-dino","tag-dino-polska","tag-pl","tag-poland","tag-polish","tag-polska","tag-polski","tag-prawa-pracownika","tag-sklepy","tag-zwiazki-zawodowe"],"share_on_mastodon":{"url":"https:\/\/pubeurope.com\/@pl\/116963283135470115","error":""},"_links":{"self":[{"href":"https:\/\/www.europesays.com\/pl\/wp-json\/wp\/v2\/posts\/572137","targetHints":{"allow":["GET"]}}],"collection":[{"href":"https:\/\/www.europesays.com\/pl\/wp-json\/wp\/v2\/posts"}],"about":[{"href":"https:\/\/www.europesays.com\/pl\/wp-json\/wp\/v2\/types\/post"}],"author":[{"embeddable":true,"href":"https:\/\/www.europesays.com\/pl\/wp-json\/wp\/v2\/users\/2"}],"replies":[{"embeddable":true,"href":"https:\/\/www.europesays.com\/pl\/wp-json\/wp\/v2\/comments?post=572137"}],"version-history":[{"count":0,"href":"https:\/\/www.europesays.com\/pl\/wp-json\/wp\/v2\/posts\/572137\/revisions"}],"wp:featuredmedia":[{"embeddable":true,"href":"https:\/\/www.europesays.com\/pl\/wp-json\/wp\/v2\/media\/572138"}],"wp:attachment":[{"href":"https:\/\/www.europesays.com\/pl\/wp-json\/wp\/v2\/media?parent=572137"}],"wp:term":[{"taxonomy":"category","embeddable":true,"href":"https:\/\/www.europesays.com\/pl\/wp-json\/wp\/v2\/categories?post=572137"},{"taxonomy":"post_tag","embeddable":true,"href":"https:\/\/www.europesays.com\/pl\/wp-json\/wp\/v2\/tags?post=572137"}],"curies":[{"name":"wp","href":"https:\/\/api.w.org\/{rel}","templated":true}]}}