{"id":572251,"date":"2026-07-22T12:09:08","date_gmt":"2026-07-22T12:09:08","guid":{"rendered":"https:\/\/www.europesays.com\/pl\/572251\/"},"modified":"2026-07-22T12:09:08","modified_gmt":"2026-07-22T12:09:08","slug":"lodzki-szpital-tlumaczy-sie-przed-nfz-pacjenci-odsylani-z-kwitkiem","status":"publish","type":"post","link":"https:\/\/www.europesays.com\/pl\/572251\/","title":{"rendered":"\u0141\u00f3dzki szpital t\u0142umaczy si\u0119 przed NFZ. Pacjenci odsy\u0142ani z kwitkiem?"},"content":{"rendered":"<p>Jakie wyja\u015bnienia przedstawi\u0142 CSK w odpowiedzi do NFZ.<\/p>\n<p>Co spowodowa\u0142o wstrzymanie przyj\u0119\u0107 pacjent\u00f3w onkologicznych.<\/p>\n<p>Kt\u00f3re \u0142\u00f3dzkie plac\u00f3wki przyj\u0119\u0142y pacjent\u00f3w odes\u0142anych przez CSK.<\/p>\n<p>Jak CSK zapewnia ci\u0105g\u0142o\u015b\u0107 diagnostyki onkologicznej.<\/p>\n<p>    <a name=\"eztoc42344900_0_5\" id=\"eztoc42344900_0_5\"\/>\u0141\u00f3d\u017a: CSK odpowiada na \u017c\u0105danie NFZ<\/p>\n<p>\n<a href=\"https:\/\/wiadomosci.radiozet.pl\/tag\/kategoria\/nfz\" target=\"_self\" rel=\"dofollow noopener\">NFZ<\/a> otrzyma\u0142 odpowied\u017a z Centralnego Szpitala Klinicznego Uniwersytetu Medycznego w \u0141odzi. Fundusz domaga\u0142 si\u0119 wyja\u015bnie\u0144 po tym, jak do przestrzeni publicznej trafi\u0142y informacje o rzekomym odes\u0142aniu do NFZ pacjent\u00f3w onkologicznych.\u00a0<\/p>\n<p>Szpital mia\u0142 wstrzyma\u0107 przyj\u0119cia, jako pow\u00f3d podaj\u0105c brak mo\u017cliwo\u015bci sfinansowania \u015bwiadcze\u0144. Wed\u0142ug nieoficjalnych informacji sprawa dotyczy o\u015bmiorga pacjent\u00f3w. Plac\u00f3wka t\u0142umaczy\u0142a, \u017ce nie otrzyma\u0142a od NFZ pieni\u0119dzy za nadwykonania w programach lekowych &#8211; chodzi o 3 mln z\u0142otych.\u00a0<\/p>\n<p>W odpowiedzi przes\u0142anej do NFZ szpital nie przyznaje wprost, \u017ce odes\u0142a\u0142 pacjent\u00f3w do innych plac\u00f3wek. &#8211; Szpital twierdzi, \u017ce w ostatnich dw\u00f3ch tygodniach kilkoro pacjent\u00f3w otrzyma\u0142o informacj\u0119, \u017ce\u00a0mo\u017ce rozpocz\u0105\u0107 leczenie w innych \u0142\u00f3dzkich plac\u00f3wkach po kontakcie z oddzia\u0142em NFZ. Szpital przyzna\u0142, \u017ce cz\u0119\u015b\u0107 z tych pacjent\u00f3w trafi\u0142a do innych plac\u00f3wek, a kilkoro wr\u00f3ci\u0142o do CSK i rozpocz\u0119\u0142o tam leczenie &#8211; powiedzia\u0142a Radiu ZET Anna Leder z \u0142\u00f3dzkiego oddzia\u0142u NFZ.\u00a0<\/p>\n<p><a name=\"eztoc42344900_0_6\" id=\"eztoc42344900_0_6\"\/>Plac\u00f3wka zapewnia: Nie ma przerw w diagnostyce<\/p>\n<p>Przypomnijmy, \u017ce\u00a0do \u0142\u00f3dzkiego oddzia\u0142u NFZ zg\u0142osi\u0142o si\u0119 dwoje pacjent\u00f3w odes\u0142anych przez CSK. Zostali oni przekierowani i przyj\u0119ci przez szpitale\u00a0 Kopernia i Bonifrat\u00f3w. &#8211; Je\u015bli sytuacja si\u0119 powt\u00f3rzy, tam b\u0119d\u0105 kierowani kolejni pacjenci &#8211; m\u00f3wi\u0142a Anna Leder.\u00a0<\/p>\n<p>CSK zapewnia jednocze\u015bnie, \u017ce nie ma przerw w diagnostyce i badaniach. &#8211;\u00a0Plac\u00f3wka zapewni\u0142a, \u017ce\u00a0nieprzerwanie realizuje wszystkie umowy w zakresie onkologicznych program\u00f3w lekowych. Podkre\u015bli\u0142a\u00a0te\u017c, \u017ce pacjenci zakwalifikowani do program\u00f3w pozostaj\u0105 pod sta\u0142\u0105 opiek\u0105 szpitala, i \u017ce na bie\u017c\u0105co prowadzona jest diagnostyka i wykonywanie bada\u0144 w celu zakwalifikowania nowych zg\u0142aszaj\u0105cych si\u0119 do plac\u00f3wki os\u00f3b &#8211; doda\u0142a Leder.\u00a0<\/p>\n<p>\u0179r\u00f3d\u0142o: Radio ZET<\/p>\n<p>By\u0142e\u015b \u015bwiadkiem czego\u015b niespodziewanego? Masz temat, kt\u00f3rym powinni\u015bmy si\u0119 zaj\u0105\u0107?<\/p>\n<p>Zg\u0142o\u015b spraw\u0119 przez <a href=\"https:\/\/wiadomosci.radiozet.pl\/czerwony-telefon\" target=\"_blank\" title=\"Czerwony telefon Radia Zet\" rel=\"nofollow noopener\">Czerwony telefon Radia ZET<\/a><\/p>\n","protected":false},"excerpt":{"rendered":"Jakie wyja\u015bnienia przedstawi\u0142 CSK w odpowiedzi do NFZ. Co spowodowa\u0142o wstrzymanie przyj\u0119\u0107 pacjent\u00f3w onkologicznych. Kt\u00f3re \u0142\u00f3dzkie plac\u00f3wki przyj\u0119\u0142y&hellip;\n","protected":false},"author":2,"featured_media":572252,"comment_status":"","ping_status":"","sticky":false,"template":"","format":"standard","meta":{"footnotes":"","_share_on_mastodon":"0"},"categories":[51608],"tags":[3652,229,42,38,40,39,41,5602],"class_list":["post-572251","post","type-post","status-publish","format-standard","has-post-thumbnail","category-lodz","tag-lodz","tag-nfz","tag-pl","tag-poland","tag-polish","tag-polska","tag-polski","tag-szpital"],"share_on_mastodon":{"url":"https:\/\/pubeurope.com\/@pl\/116963558393141992","error":""},"_links":{"self":[{"href":"https:\/\/www.europesays.com\/pl\/wp-json\/wp\/v2\/posts\/572251","targetHints":{"allow":["GET"]}}],"collection":[{"href":"https:\/\/www.europesays.com\/pl\/wp-json\/wp\/v2\/posts"}],"about":[{"href":"https:\/\/www.europesays.com\/pl\/wp-json\/wp\/v2\/types\/post"}],"author":[{"embeddable":true,"href":"https:\/\/www.europesays.com\/pl\/wp-json\/wp\/v2\/users\/2"}],"replies":[{"embeddable":true,"href":"https:\/\/www.europesays.com\/pl\/wp-json\/wp\/v2\/comments?post=572251"}],"version-history":[{"count":0,"href":"https:\/\/www.europesays.com\/pl\/wp-json\/wp\/v2\/posts\/572251\/revisions"}],"wp:featuredmedia":[{"embeddable":true,"href":"https:\/\/www.europesays.com\/pl\/wp-json\/wp\/v2\/media\/572252"}],"wp:attachment":[{"href":"https:\/\/www.europesays.com\/pl\/wp-json\/wp\/v2\/media?parent=572251"}],"wp:term":[{"taxonomy":"category","embeddable":true,"href":"https:\/\/www.europesays.com\/pl\/wp-json\/wp\/v2\/categories?post=572251"},{"taxonomy":"post_tag","embeddable":true,"href":"https:\/\/www.europesays.com\/pl\/wp-json\/wp\/v2\/tags?post=572251"}],"curies":[{"name":"wp","href":"https:\/\/api.w.org\/{rel}","templated":true}]}}