{"id":572416,"date":"2026-07-22T13:45:14","date_gmt":"2026-07-22T13:45:14","guid":{"rendered":"https:\/\/www.europesays.com\/pl\/572416\/"},"modified":"2026-07-22T13:45:14","modified_gmt":"2026-07-22T13:45:14","slug":"sluzby-zabraly-szymoolowi-telefon-z-haslami-z-konta-wyparowalo-76-mln-zlotych","status":"publish","type":"post","link":"https:\/\/www.europesays.com\/pl\/572416\/","title":{"rendered":"S\u0142u\u017cby zabra\u0142y Szymoolowi telefon z has\u0142ami. Z konta wyparowa\u0142o 7,6 mln z\u0142otych"},"content":{"rendered":"<p>Szymool to jeden z najpopularniejszych polskich streamer\u00f3w, kt\u00f3ry w ci\u0105gu ostatnich lat dorobi\u0142 si\u0119 niema\u0142ej fortuny. Cz\u0119\u015b\u0107 os\u00f3b b\u0119dzie go kojarzy\u0142a z dawnych stream\u00f3w IRL, natomiast nowi widzowie ju\u017c bardziej wi\u0105\u017c\u0105 go ze streamami kasynowymi.<\/p>\n<p>Przez dzia\u0142alno\u015b\u0107 Szymoola, prokuratura regionalna w Warszawie prowadzi wobec niego post\u0119powanie karne dotycz\u0105ce m.in. promocji nielegalnego hazardu. Sam Szymool przekonuje, \u017ce od 2,5 roku mieszka na Malcie, gdzie jego dzia\u0142alno\u015b\u0107 jest w pe\u0142ni legalna i opodatkowana.<\/p>\n<p>20 listopada 2025 roku funkcjonariusze Urz\u0119du Celno-Skarbowego w Opolu (dzia\u0142aj\u0105c na polecenie Prokuratury Regionalnej w Warszawie) zatrzymali streamera i zabezpieczyli jego telefon (iPhone 16 Pro Max) oraz tablet (iPad Pro).<\/p>\n<p>Urz\u0105dzenia te by\u0142y zalogowane do tego samego konta iCloud, co powodowa\u0142o synchronizacj\u0119 mi\u0119dzy innymi aplikacji Notatki).<\/p>\n<p>W jednej z notatek znajdowa\u0142a si\u0119 tzw. seed phrase (has\u0142o daj\u0105ce pe\u0142n\u0105 kontrol\u0119 nad portfelem kryptowalutowym). Szymol przyznaje, \u017ce zapomnia\u0142 o obecno\u015bci tego has\u0142a w telefonie.<\/p>\n<p>1 kwietnia 2026 roku streamer zauwa\u017cy\u0142 znikni\u0119cie kryptowalut z portfela (ponad 2 miliony dolar\u00f3w, czyli ok. 7,6 miliona z\u0142otych). Transakcja zosta\u0142a odnotowana w publicznym rejestrze Ethereum.<\/p>\n<p><a href=\"https:\/\/boop.pl\/img\/#https:\/\/img.boop.pl\/uploads\/2026\/07\/280222272385-sluzby-zabraly-szymoolowi-telefon-z.jpg?class=full\" data-no-instant=\"\" rel=\"noopener nofollow\" aria-label=\"Obrazek 706x1013\" target=\"_blank\"><img decoding=\"async\" loading=\"lazy\" class=\"aligncenter size-full img-436785\" src=\"https:\/\/www.europesays.com\/pl\/wp-content\/uploads\/2026\/07\/280222272385-sluzby-zabraly-szymoolowi-telefon-z.jpg\"   width=\"706\" height=\"1013\" alt=\"\"\/><\/a><\/p>\n<p>Krytycznym elementem uk\u0142adanki jest data: przelew znikn\u0105\u0142 dok\u0142adnie w dniu, w kt\u00f3rym informatycy badaj\u0105cy sprz\u0119t zwr\u00f3cili go funkcjonariuszce opolskiego urz\u0119du celno-skarbowego.<\/p>\n<p><a href=\"https:\/\/boop.pl\/img\/#https:\/\/img.boop.pl\/uploads\/2026\/07\/170222347195-sluzby-zabraly-szymoolowi-telefon-z.jpg?class=full\" data-no-instant=\"\" rel=\"noopener nofollow\" aria-label=\"Obrazek 969x615\" target=\"_blank\"><img decoding=\"async\" loading=\"lazy\" class=\"aligncenter size-full img-436786\" src=\"https:\/\/www.europesays.com\/pl\/wp-content\/uploads\/2026\/07\/170222347195-sluzby-zabraly-szymoolowi-telefon-z.jpg\"   width=\"969\" height=\"615\" alt=\"\"\/><\/a><\/p>\n<p>8 dni po kradzie\u017cy (9 kwietnia) z portfela odbiorcy przelano 10 000 USD, kt\u00f3re wymieniono na Bitcoin. Dane z narz\u0119dzia Criminal IP mia\u0142y wskazywa\u0107, \u017ce ta transakcja zosta\u0142a wykonana z Opola, dok\u0142adnie z miejsca, w kt\u00f3rym znajdowa\u0142y si\u0119 zabezpieczone urz\u0105dzenia.<\/p>\n<p><a href=\"https:\/\/boop.pl\/img\/#https:\/\/img.boop.pl\/uploads\/2026\/07\/080222191701-sluzby-zabraly-szymoolowi-telefon-z.jpg?class=full\" data-no-instant=\"\" rel=\"noopener nofollow\" aria-label=\"Obrazek 1777x412\" target=\"_blank\"><img decoding=\"async\" loading=\"lazy\" class=\"aligncenter size-full img-436784\" src=\"https:\/\/www.europesays.com\/pl\/wp-content\/uploads\/2026\/07\/080222191701-sluzby-zabraly-szymoolowi-telefon-z.jpg\"   width=\"1777\" height=\"412\" alt=\"\"\/><\/a><\/p>\n<p>Spraw\u0119 t\u0119 przedstawi\u0142 szerzej Kana\u0142 Zero. W tym momencie wiele wskazuje na to, \u017ce kto\u015b m\u00f3g\u0142 pos\u0142u\u017cy\u0107 si\u0119 zapisanymi przez Szymoola has\u0142ami w jego telefonie i po prostu ukra\u015b\u0107 mu krypto.<\/p>\n<p><img decoding=\"async\" loading=\"lazy\" class=\"yt-thumb\" alt=\"Video\"  \/><\/p>\n<p>W tym momencie \u015brodki te zosta\u0142y zamro\u017cone i nie ma mo\u017cliwo\u015bci ich dalszego przelewania. By\u0142o to mo\u017cliwe dzi\u0119ki szybkiej wsp\u00f3\u0142pracy z malta\u0144sk\u0105 policj\u0105 oraz firm\u0105 Tether.<\/p>\n<p>R\u00f3wnolegle z dzia\u0142aniami za granic\u0105, pe\u0142nomocnik Szymola z\u0142o\u017cy\u0142 w Polsce oficjalne zawiadomienie o mo\u017cliwo\u015bci pope\u0142nienia przest\u0119pstwa. Sprawa budzi bardzo powa\u017cne w\u0105tpliwo\u015bci.<\/p>\n<p>Zabierany jest sprz\u0119t z has\u0142ami, a potem nagle, w niewyja\u015bnionych okoliczno\u015bciach dochodzi do kradzie\u017cy \u015brodk\u00f3w.<\/p>\n","protected":false},"excerpt":{"rendered":"Szymool to jeden z najpopularniejszych polskich streamer\u00f3w, kt\u00f3ry w ci\u0105gu ostatnich lat dorobi\u0142 si\u0119 niema\u0142ej fortuny. Cz\u0119\u015b\u0107 os\u00f3b&hellip;\n","protected":false},"author":2,"featured_media":572417,"comment_status":"","ping_status":"","sticky":false,"template":"","format":"standard","meta":{"footnotes":"","_share_on_mastodon":"0"},"categories":[16],"tags":[113,112,3103,41921,42,38,40,39,41,37329],"class_list":["post-572416","post","type-post","status-publish","format-standard","has-post-thumbnail","category-biznes","tag-biznes","tag-business","tag-dla-ciebie","tag-kick","tag-pl","tag-poland","tag-polish","tag-polska","tag-polski","tag-twitch"],"share_on_mastodon":{"url":"https:\/\/pubeurope.com\/@pl\/116963936121002295","error":""},"_links":{"self":[{"href":"https:\/\/www.europesays.com\/pl\/wp-json\/wp\/v2\/posts\/572416","targetHints":{"allow":["GET"]}}],"collection":[{"href":"https:\/\/www.europesays.com\/pl\/wp-json\/wp\/v2\/posts"}],"about":[{"href":"https:\/\/www.europesays.com\/pl\/wp-json\/wp\/v2\/types\/post"}],"author":[{"embeddable":true,"href":"https:\/\/www.europesays.com\/pl\/wp-json\/wp\/v2\/users\/2"}],"replies":[{"embeddable":true,"href":"https:\/\/www.europesays.com\/pl\/wp-json\/wp\/v2\/comments?post=572416"}],"version-history":[{"count":0,"href":"https:\/\/www.europesays.com\/pl\/wp-json\/wp\/v2\/posts\/572416\/revisions"}],"wp:featuredmedia":[{"embeddable":true,"href":"https:\/\/www.europesays.com\/pl\/wp-json\/wp\/v2\/media\/572417"}],"wp:attachment":[{"href":"https:\/\/www.europesays.com\/pl\/wp-json\/wp\/v2\/media?parent=572416"}],"wp:term":[{"taxonomy":"category","embeddable":true,"href":"https:\/\/www.europesays.com\/pl\/wp-json\/wp\/v2\/categories?post=572416"},{"taxonomy":"post_tag","embeddable":true,"href":"https:\/\/www.europesays.com\/pl\/wp-json\/wp\/v2\/tags?post=572416"}],"curies":[{"name":"wp","href":"https:\/\/api.w.org\/{rel}","templated":true}]}}