{"id":572501,"date":"2026-07-22T14:36:09","date_gmt":"2026-07-22T14:36:09","guid":{"rendered":"https:\/\/www.europesays.com\/pl\/572501\/"},"modified":"2026-07-22T14:36:09","modified_gmt":"2026-07-22T14:36:09","slug":"lewandowski-debiutuje-oto-miejsce-chicago-fire-w-tabeli","status":"publish","type":"post","link":"https:\/\/www.europesays.com\/pl\/572501\/","title":{"rendered":"Lewandowski debiutuje. Oto miejsce Chicago Fire w tabeli"},"content":{"rendered":"\n<p class=\"contentpart contentpart--default contentpart--text\" data-position=\"0\">23 lipca o godz. 1:30 czasu polskiego rozpocznie si\u0119 mecz, na kt\u00f3ry czeka\u00a0<a href=\"https:\/\/sportowefakty.wp.pl\/pilka-nozna\/robert-lewandowski\" rel=\"nofollow noopener\" target=\"_blank\">Robert Lewandowski<\/a>. Jego\u00a0<a href=\"https:\/\/sportowefakty.wp.pl\/pilka-nozna\/chicago-fire\" rel=\"nofollow noopener\" target=\"_blank\">Chicago Fire<\/a>\u00a0zmierzy si\u0119 na wyje\u017adzie z\u00a0<a href=\"https:\/\/sportowefakty.wp.pl\/pilka-nozna\/inter-miami\" rel=\"nofollow noopener\" target=\"_blank\">Interem Miami<\/a>. Kapitan reprezentacji Polski ma zadebiutowa\u0107 w barwach &#8222;Stra\u017cak\u00f3w&#8221; i tym samym w\u00a0<a href=\"https:\/\/sportowefakty.wp.pl\/pilka-nozna\/major-league-soccer\" rel=\"nofollow noopener\" target=\"_blank\">Major League Soccer<\/a>.<\/p>\n<p class=\"contentpart contentpart--default contentpart--text\" data-position=\"1\">MLS to liga, w kt\u00f3rej rywalizuje 30 zespo\u0142\u00f3w, podzielonych na dwie konferencje. Obecnie dru\u017cyna Chicago Fire plasuje si\u0119 na trzeciej pozycji w Konferencji Wschodniej. Ekipa &#8222;Lewego&#8221; zgromadzi\u0142a 26 punkt\u00f3w w 14 spotkaniach.<\/p>\n<p>  <img decoding=\"async\" src=\"https:\/\/v.wpimg.pl\/X3dwLnN2d1IFFTpdYUl6R0ZNbgcnEHQREVV2TGEGbUtRT2MdOlZ2RBQUKABgQjQcDRotCStBd1IAAWMeIlM7VgwYIAorQAdEFFk_GCkQJQ\" alt=\"\" width=\"45\" height=\"58\" loading=\"lazy\"\/>   <\/p>\n<p class=\"contentpart contentpart--default contentpart--text\" data-position=\"3\">W ramach sezonu zasadniczego ka\u017cda ekipa rozegra po 34 mecze. Na koniec zostanie sporz\u0105dzona tabela, kt\u00f3ra pozwoli wy\u0142oni\u0107 uczestnik\u00f3w play-off. Do tej fazy zakwalifikuje si\u0119 po siedem najlepszych zespo\u0142\u00f3w z ka\u017cdej konferencji, a dru\u017cyny z miejsc 8 i 9 rozegraj\u0105 ze sob\u0105 bara\u017c o tzw. dzik\u0105 kart\u0119.<\/p>\n<p class=\"contentpart contentpart--default contentpart--text\" data-position=\"4\">Rywalizacja w play-off b\u0119dzie si\u0119 rozgrywa\u0107 w ramach obu konferencji. Najlepsza dru\u017cyna zagra w I rundzie ze zwyci\u0119zc\u0105 bara\u017cu, 2 z 7, 3 z 6 i 4 z 5. O wygranej w p\u00f3\u0142finale i finale konferencji przes\u0105dzaj\u0105 pojedyncze mecze, dlatego przegrywaj\u0105cy traci szans\u0119 na zdobycie tytu\u0142u.<\/p>\n<p class=\"contentpart contentpart--default contentpart--text\" data-position=\"5\">Zwyci\u0119zcy Konferencji Wschodniej i Zachodniej zagraj\u0105 ze sob\u0105 o triumf w rozgrywkach. Po MLS Cup si\u0119ga ten zesp\u00f3\u0142, kt\u00f3ry wygra decyduj\u0105cy mecz. W zesz\u0142ym rok by\u0142 to Inter Miami z\u00a0<a href=\"https:\/\/sportowefakty.wp.pl\/pilka-nozna\/lionel-messi\" rel=\"nofollow noopener\" target=\"_blank\">Lionelem Messim<\/a>\u00a0na czele, kt\u00f3ry pokona\u0142\u00a0<a href=\"https:\/\/sportowefakty.wp.pl\/pilka-nozna\/vancouver-whitecaps\" rel=\"nofollow noopener\" target=\"_blank\">Vancouver Whitecaps<\/a>\u00a03:1.<\/p>\n<p class=\"contentpart contentpart--default contentpart--text\" data-position=\"6\">Warto zauwa\u017cy\u0107, \u017ce tegoroczny sezon MLS odbywa si\u0119 jeszcze systemem wiosna-jesie\u0144. W 2027 roku nast\u0105pi przej\u015bcie do systemu jesie\u0144-wiosna, kt\u00f3ry powszechnie jest stosowany cho\u0107by w Europie.<\/p>\n<p>  <img decoding=\"async\" src=\"https:\/\/v.wpimg.pl\/X3dwLnN2d1IFFTpdYUl6R0ZNbgcnEHQREVV2TGEGbUtRT2MdOlZ2RBQUKABgQjQcDRotCStBd1IAAWMeIlM7VgwYIAorQAdEFFk_GCkQJQ\" alt=\"\" width=\"45\" height=\"58\" loading=\"lazy\"\/>  <\/p>\n<p class=\"contentpart contentpart--default contentpart--text\" data-position=\"7\">ZOBACZ WIDEO: Zdradzi\u0142, jak Marciniak przyj\u0105\u0142 decyzj\u0119 Colliny. &#8222;By\u0142 rozgoryczony&#8221;<\/p>\n","protected":false},"excerpt":{"rendered":"23 lipca o godz. 1:30 czasu polskiego rozpocznie si\u0119 mecz, na kt\u00f3ry czeka\u00a0Robert Lewandowski. Jego\u00a0Chicago Fire\u00a0zmierzy si\u0119 na&hellip;\n","protected":false},"author":2,"featured_media":572502,"comment_status":"","ping_status":"","sticky":false,"template":"","format":"standard","meta":{"footnotes":"","_share_on_mastodon":"0"},"categories":[24],"tags":[31286,1249,12740,269,42,901,38,40,39,41,273,127,126,97570,71],"class_list":["post-572501","post","type-post","status-publish","format-standard","has-post-thumbnail","category-sport","tag-chicago-fire","tag-inter-miami","tag-major-league-soccer","tag-pilka-nozna","tag-pl","tag-polacy-za-granica","tag-poland","tag-polish","tag-polska","tag-polski","tag-robert-lewandowski","tag-sport","tag-sports","tag-studio-mundial","tag-usa"],"share_on_mastodon":{"url":"","error":""},"_links":{"self":[{"href":"https:\/\/www.europesays.com\/pl\/wp-json\/wp\/v2\/posts\/572501","targetHints":{"allow":["GET"]}}],"collection":[{"href":"https:\/\/www.europesays.com\/pl\/wp-json\/wp\/v2\/posts"}],"about":[{"href":"https:\/\/www.europesays.com\/pl\/wp-json\/wp\/v2\/types\/post"}],"author":[{"embeddable":true,"href":"https:\/\/www.europesays.com\/pl\/wp-json\/wp\/v2\/users\/2"}],"replies":[{"embeddable":true,"href":"https:\/\/www.europesays.com\/pl\/wp-json\/wp\/v2\/comments?post=572501"}],"version-history":[{"count":0,"href":"https:\/\/www.europesays.com\/pl\/wp-json\/wp\/v2\/posts\/572501\/revisions"}],"wp:featuredmedia":[{"embeddable":true,"href":"https:\/\/www.europesays.com\/pl\/wp-json\/wp\/v2\/media\/572502"}],"wp:attachment":[{"href":"https:\/\/www.europesays.com\/pl\/wp-json\/wp\/v2\/media?parent=572501"}],"wp:term":[{"taxonomy":"category","embeddable":true,"href":"https:\/\/www.europesays.com\/pl\/wp-json\/wp\/v2\/categories?post=572501"},{"taxonomy":"post_tag","embeddable":true,"href":"https:\/\/www.europesays.com\/pl\/wp-json\/wp\/v2\/tags?post=572501"}],"curies":[{"name":"wp","href":"https:\/\/api.w.org\/{rel}","templated":true}]}}