{"id":572660,"date":"2026-07-22T16:13:09","date_gmt":"2026-07-22T16:13:09","guid":{"rendered":"https:\/\/www.europesays.com\/pl\/572660\/"},"modified":"2026-07-22T16:13:09","modified_gmt":"2026-07-22T16:13:09","slug":"czterech-oficerow-z-generalskimi-nominacjami-jest-decyzja-prezydenta","status":"publish","type":"post","link":"https:\/\/www.europesays.com\/pl\/572660\/","title":{"rendered":"Czterech oficer\u00f3w z generalskimi nominacjami. Jest decyzja prezydenta"},"content":{"rendered":"<p>Biuro Bezpiecze\u0144stwa Narodowego poinformowa\u0142o o decyzji prezydenta za po\u015brednictwem serwisu X. Jak podano, nominacje zostan\u0105 wr\u0119czone jeszcze w tym miesi\u0105cu. Prezydent Karol Nawrocki, dzia\u0142aj\u0105c na wniosek ministra spraw wewn\u0119trznych i administracji, nada\u0142 stopnie generalskie czterem oficerom policji. Wed\u0142ug informacji przekazanych przez BBN, decyzja zosta\u0142a podj\u0119ta na podstawie art. 48 ust. 3 ustawy o policji.<\/p>\n<p>W\u015br\u00f3d awansowanych znale\u017ali si\u0119: inspektor Jerzy Czebreszuk, pe\u0142ni\u0105cy funkcj\u0119 Komendanta Wojew\u00f3dzkiego Policji w Gorzowie Wielkopolskim, inspektor Jakub Gorczy\u0144ski, Komendant Wojew\u00f3dzki Policji w Bydgoszczy, oraz inspektor Zbigniew Nowak, Komendant Wojew\u00f3dzki Policji w Kielcach. Do grona nadinspektor\u00f3w do\u0142\u0105czy\u0142 tak\u017ce inspektor \u0141ukasz Piku\u0142a, kt\u00f3ry kieruje Centralnym Pododdzia\u0142em Kontrterrorystycznym Policji &#8222;BOA&#8221;.<\/p>\n<p> Decyzja prezydenta i jej podstawy prawne     <\/p>\n<p>W oficjalnym komunikacie BBN podkre\u015blono, \u017ce awanse zosta\u0142y przyznane na podstawie art. 48 ust. 3 ustawy o policji. Biuro Bezpiecze\u0144stwa Narodowego zaznaczy\u0142o, \u017ce nominacje generalskie s\u0105 efektem wniosku ministra spraw wewn\u0119trznych i administracji, a sama decyzja prezydenta zosta\u0142a og\u0142oszona w mediach spo\u0142eczno\u015bciowych.<\/p>\n<p>Wr\u0119czenie nominacji generalskich to wa\u017cny element obchod\u00f3w \u015awi\u0119ta Policji, kt\u00f3re w tym roku odb\u0119d\u0105 si\u0119 24 lipca 2026 r. w Warszawie. Prezydent Karol Nawrocki osobi\u015bcie wr\u0119czy akty nominacyjne nowym nadinspektorom.<\/p>\n","protected":false},"excerpt":{"rendered":"Biuro Bezpiecze\u0144stwa Narodowego poinformowa\u0142o o decyzji prezydenta za po\u015brednictwem serwisu X. Jak podano, nominacje zostan\u0105 wr\u0119czone jeszcze w&hellip;\n","protected":false},"author":2,"featured_media":572661,"comment_status":"","ping_status":"","sticky":false,"template":"","format":"standard","meta":{"footnotes":"","_share_on_mastodon":"0"},"categories":[62712],"tags":[787,61195,690,43,49,48,46,55,414,47],"class_list":["post-572660","post","type-post","status-publish","format-standard","has-post-thumbnail","category-karol-nawrocki","tag-bbn","tag-bottomfeed_styl","tag-karol-nawrocki","tag-karol_nawrocki","tag-kraj","tag-nat_styl","tag-omp","tag-phx","tag-policja","tag-screening_general"],"share_on_mastodon":{"url":"https:\/\/pubeurope.com\/@pl\/116964517885283651","error":""},"_links":{"self":[{"href":"https:\/\/www.europesays.com\/pl\/wp-json\/wp\/v2\/posts\/572660","targetHints":{"allow":["GET"]}}],"collection":[{"href":"https:\/\/www.europesays.com\/pl\/wp-json\/wp\/v2\/posts"}],"about":[{"href":"https:\/\/www.europesays.com\/pl\/wp-json\/wp\/v2\/types\/post"}],"author":[{"embeddable":true,"href":"https:\/\/www.europesays.com\/pl\/wp-json\/wp\/v2\/users\/2"}],"replies":[{"embeddable":true,"href":"https:\/\/www.europesays.com\/pl\/wp-json\/wp\/v2\/comments?post=572660"}],"version-history":[{"count":0,"href":"https:\/\/www.europesays.com\/pl\/wp-json\/wp\/v2\/posts\/572660\/revisions"}],"wp:featuredmedia":[{"embeddable":true,"href":"https:\/\/www.europesays.com\/pl\/wp-json\/wp\/v2\/media\/572661"}],"wp:attachment":[{"href":"https:\/\/www.europesays.com\/pl\/wp-json\/wp\/v2\/media?parent=572660"}],"wp:term":[{"taxonomy":"category","embeddable":true,"href":"https:\/\/www.europesays.com\/pl\/wp-json\/wp\/v2\/categories?post=572660"},{"taxonomy":"post_tag","embeddable":true,"href":"https:\/\/www.europesays.com\/pl\/wp-json\/wp\/v2\/tags?post=572660"}],"curies":[{"name":"wp","href":"https:\/\/api.w.org\/{rel}","templated":true}]}}