{"id":572685,"date":"2026-07-22T16:32:15","date_gmt":"2026-07-22T16:32:15","guid":{"rendered":"https:\/\/www.europesays.com\/pl\/572685\/"},"modified":"2026-07-22T16:32:15","modified_gmt":"2026-07-22T16:32:15","slug":"pierogi-i-polska-kielbasa-tego-o-trenerze-lewandowskiego-mogles-nie-wiedziec","status":"publish","type":"post","link":"https:\/\/www.europesays.com\/pl\/572685\/","title":{"rendered":"Pierogi i polska kie\u0142basa. Tego o trenerze Lewandowskiego mog\u0142e\u015b nie wiedzie\u0107"},"content":{"rendered":"\n<p class=\"contentpart contentpart--default contentpart--text\" data-position=\"0\">Pocz\u0105tkowy plan zak\u0142ada\u0142, \u017ce <a href=\"https:\/\/sportowefakty.wp.pl\/pilka-nozna\/robert-lewandowski\" rel=\"nofollow noopener\" target=\"_blank\">Robert Lewandowski<\/a>\u00a0otrzyma szans\u0119 na debiut w <a href=\"https:\/\/sportowefakty.wp.pl\/pilka-nozna\/chicago-fire\" rel=\"nofollow noopener\" target=\"_blank\">Chicago Fire<\/a>\u00a0w zesz\u0142ym tygodniu, przy okazji domowego meczu z <a href=\"https:\/\/sportowefakty.wp.pl\/pilka-nozna\/vancouver-whitecaps\" rel=\"nofollow noopener\" target=\"_blank\">Vancouver Whitecaps<\/a>. Spotkanie zosta\u0142o jednak prze\u0142o\u017cone w zwi\u0105zku z nisk\u0105 jako\u015bci\u0105 powietrza w &#8222;Wietrznym Mie\u015bcie&#8221;, a jego nowy termin wyznaczono na 6 pa\u017adziernika. Tym samym polski snajper prawdopodobnie po raz pierwszy zagra w MLS przy okazji wyjazdowego meczu z Interem Miami. Pocz\u0105tek w czwartek o 1:30 w nocy czasu polskiego.<\/p>\n<p class=\"contentpart contentpart--default contentpart--text\" data-position=\"1\">Po og\u0142oszeniu transferu trenerem Lewandowskiego zosta\u0142 <a href=\"https:\/\/sportowefakty.wp.pl\/pilka-nozna\/gregg-berhalter\" rel=\"nofollow noopener\" target=\"_blank\">Gregg Berhalter<\/a>, kt\u00f3ry prowadzi Chicago Fire od pa\u017adziernika 2024 roku. Wcze\u015bniej by\u0142 tak\u017ce selekcjonerem reprezentacji USA. 52-letni szkoleniowiec w rozmowie z Mateuszem Skwierawskim z naszej redakcji przyzna\u0142, \u017ce ma polskie korzenie.<\/p>\n<p>  <img decoding=\"async\" src=\"https:\/\/v.wpimg.pl\/X3dwLnN2d1IFFTpdYUl6R0ZNbgcnEHQREVV2TGEGbUtRT2MdOlZ2RBQUKABgQjQcDRotCStBd1IAAWMeIlM7VgwYIAorQAdEFFk_GCkQJQ\" alt=\"\" width=\"45\" height=\"58\" loading=\"lazy\"\/>  <\/p>\n<p class=\"contentpart contentpart--default contentpart--text\" data-position=\"2\">[b]ZOBACZ WIDEO: Nowy trener Lewandowskiego: moja rodzina w po\u0142owie jest z Polski, moja Wielkanoc to pierogi i kie\u0142basa[\/b]<br \/>[b]<\/p>\n<p class=\"contentpart contentpart--default contentpart--text\" data-position=\"4\">&#8211;\u00a0B\u0119dzie mia\u0142 tu jak w domu (Lewandowski &#8211; przyp. red.). Rodzina mojej mamy jest w stu procentach z Polski. Emigrowali z Polski do Nowego Jorku, by zosta\u0107 plantatorami ziemniak\u00f3w na Long Island. Uprawa ziemniak\u00f3w na Long Island ma d\u0142ug\u0105 tradycj\u0119, a zajmuj\u0105 si\u0119 ni\u0105 polscy rolnicy. Tak wygl\u0105da moja historia &#8211; t\u0142umaczy\u0142 z u\u015bmiechem.<\/p>\n<p class=\"contentpart contentpart--default contentpart--text\" data-position=\"5\">Okazuje si\u0119 ponadto, \u017ce\u00a0Berhalter z przyjemno\u015bci\u0105 kultywuje niekt\u00f3re polskie zwyczaje, a w jego domu goszcz\u0105 dania z naszego kraju. &#8211;\u00a0Z rado\u015bci\u0105 podtrzymujemy tradycj\u0119 jedzenia pierog\u00f3w i kie\u0142basy w ka\u017cd\u0105 Wielkanoc. Jeste\u015bmy z tego dumni &#8211; doda\u0142.<\/p>\n<p class=\"contentpart contentpart--default contentpart--text\" data-position=\"6\">Raczej nie powinni\u015bmy si\u0119 jednak spodziewa\u0107, \u017ce b\u0119dzie udziela\u0142 wywiad\u00f3w po polsku. &#8211; Nie tak, \u017ceby prowadzi\u0107 rozmow\u0119. Znam niekt\u00f3re s\u0142owa &#8211; wyja\u015bni\u0142, gdy zosta\u0142 zapytany o to, czy m\u00f3wi w naszym j\u0119zyku.<\/p>\n<p>  <img decoding=\"async\" src=\"https:\/\/v.wpimg.pl\/X3dwLnN2d1IFFTpdYUl6R0ZNbgcnEHQREVV2TGEGbUtRT2MdOlZ2RBQUKABgQjQcDRotCStBd1IAAWMeIlM7VgwYIAorQAdEFFk_GCkQJQ\" alt=\"\" width=\"45\" height=\"58\" loading=\"lazy\"\/>  <\/p>\n<p class=\"contentpart contentpart--default contentpart--text\" data-position=\"7\">Berhalter ma za sob\u0105 ca\u0142kiem niez\u0142\u0105 karier\u0119 pi\u0142karsk\u0105. Gra\u0142 jako stoper, ma na koncie m.in. 44 mecze w pierwszej reprezentacji USA. 52-latek nie kry\u0142 podekscytowania faktem wsp\u00f3\u0142pracy z zawodnikiem takiej klasy jak Robert Lewandowski. Liczy r\u00f3wnie\u017c, \u017ce obecno\u015b\u0107 by\u0142ego gracza Bayernu Monachium i FC Barcelony przyci\u0105gnie zainteresowanie licznej Polonii w Chicago.<\/p>\n<p class=\"contentpart contentpart--default contentpart--text\" data-position=\"8\">&#8211;\u00a0Pozyskali\u015bmy jednego z najlepszych napastnik\u00f3w tej generacji, je\u015bli w og\u00f3le nie najlepszego. Liczymy na polskich kibic\u00f3w, \u017ce przyjd\u0105 na stadion. To najlepszy polski pi\u0142karz w historii i oni maj\u0105 okazj\u0119 zobaczy\u0107 go na \u017cywo &#8211; m\u00f3wi\u0142.<\/p>\n<p class=\"contentpart contentpart--default contentpart--text\" data-position=\"9\">Debiut Roberta Lewandowskiego w ameryka\u0144skiej lidze MLS \u015bled\u017a w Wirtualnej Polsce SportowychFaktach. W nocy ze \u015brody na czwartek o godz. 1.30 Inter Miami zmierzy si\u0119 z Chicago Fire Polaka. Mecz mo\u017cesz obserwowa\u0107 w relacji live, a zaraz po spotkaniu o godz. 3.30 rozpocznie si\u0119 na \u017cywo Studio Meczowe, w kt\u00f3rym b\u0119d\u0105 eksperci oraz \u0142\u0105czenie z naszym korespondentem w Miami &#8211; Sebastianem Staszewskim.<\/p>\n","protected":false},"excerpt":{"rendered":"Pocz\u0105tkowy plan zak\u0142ada\u0142, \u017ce Robert Lewandowski\u00a0otrzyma szans\u0119 na debiut w Chicago Fire\u00a0w zesz\u0142ym tygodniu, przy okazji domowego meczu&hellip;\n","protected":false},"author":2,"featured_media":572686,"comment_status":"","ping_status":"","sticky":false,"template":"","format":"standard","meta":{"footnotes":"","_share_on_mastodon":"0"},"categories":[12],"tags":[31286,95523,12740,269,42,38,40,39,41,273,268,97570],"class_list":["post-572685","post","type-post","status-publish","format-standard","has-post-thumbnail","category-polska","tag-chicago-fire","tag-gregg-berhalter","tag-major-league-soccer","tag-pilka-nozna","tag-pl","tag-poland","tag-polish","tag-polska","tag-polski","tag-robert-lewandowski","tag-sportowybar","tag-studio-mundial"],"share_on_mastodon":{"url":"https:\/\/pubeurope.com\/@pl\/116964593724827488","error":""},"_links":{"self":[{"href":"https:\/\/www.europesays.com\/pl\/wp-json\/wp\/v2\/posts\/572685","targetHints":{"allow":["GET"]}}],"collection":[{"href":"https:\/\/www.europesays.com\/pl\/wp-json\/wp\/v2\/posts"}],"about":[{"href":"https:\/\/www.europesays.com\/pl\/wp-json\/wp\/v2\/types\/post"}],"author":[{"embeddable":true,"href":"https:\/\/www.europesays.com\/pl\/wp-json\/wp\/v2\/users\/2"}],"replies":[{"embeddable":true,"href":"https:\/\/www.europesays.com\/pl\/wp-json\/wp\/v2\/comments?post=572685"}],"version-history":[{"count":0,"href":"https:\/\/www.europesays.com\/pl\/wp-json\/wp\/v2\/posts\/572685\/revisions"}],"wp:featuredmedia":[{"embeddable":true,"href":"https:\/\/www.europesays.com\/pl\/wp-json\/wp\/v2\/media\/572686"}],"wp:attachment":[{"href":"https:\/\/www.europesays.com\/pl\/wp-json\/wp\/v2\/media?parent=572685"}],"wp:term":[{"taxonomy":"category","embeddable":true,"href":"https:\/\/www.europesays.com\/pl\/wp-json\/wp\/v2\/categories?post=572685"},{"taxonomy":"post_tag","embeddable":true,"href":"https:\/\/www.europesays.com\/pl\/wp-json\/wp\/v2\/tags?post=572685"}],"curies":[{"name":"wp","href":"https:\/\/api.w.org\/{rel}","templated":true}]}}