{"id":573122,"date":"2026-07-22T21:11:32","date_gmt":"2026-07-22T21:11:32","guid":{"rendered":"https:\/\/www.europesays.com\/pl\/573122\/"},"modified":"2026-07-22T21:11:32","modified_gmt":"2026-07-22T21:11:32","slug":"mniejszy-przerob-ropy-i-aktualizacja-odpisow-orlen-z-szacunkami-kwartalnymi","status":"publish","type":"post","link":"https:\/\/www.europesays.com\/pl\/573122\/","title":{"rendered":"Mniejszy przer\u00f3b ropy i aktualizacja odpis\u00f3w. Orlen z szacunkami kwartalnymi"},"content":{"rendered":"<p>   <a href=\"https:\/\/energetyka24.com\/strona-autora\/dominika-gora\" target=\"_self\" class=\"article-author-block__avatar-wrap\" rel=\"nofollow noopener\"><img loading=\"lazy\" decoding=\"async\" src=\"https:\/\/www.europesays.com\/pl\/wp-content\/uploads\/2026\/07\/EFhptiyoyovB8j0dRbuVmbnMk0yZFVY98wqZ5O5L.wzu0.jpg\" alt=\"Dominika G\u00f3ra\"  width=\"100\" height=\"100\" author=\"Robert Suchy\/Defence24.pl\" caption=\"Dominika G\u00f3ra\" fullscreen=\"https:\/\/cdn.defence24.pl\/2026\/07\/09\/1920xpx\/EFhptiyoyovB8j0dRbuVmbnMk0yZFVY98wqZ5O5L.rg5d.jpg\" class=\"img article-author-block__avatar img-avatar\"\/><\/a>  <img decoding=\"async\" src=\"https:\/\/www.europesays.com\/pl\/wp-content\/uploads\/2026\/03\/P2mUJkTSksUJv7eQmPOZ6mSD9v7gVPkDxC9ez07b.vqoc.jpg\" alt=\"\"  width=\"800\" height=\"450\" author=\"@cire_pl\/X.com\" fetchpriority=\"high\" class=\"img image-with-caption__image\"\/><br \/>\n        Autor. @cire_pl\/X.com<\/p>\n<p>Orlen ma dokona\u0107 odpis\u00f3w aktualizuj\u0105cych warto\u015b\u0107 aktyw\u00f3w na 1,9 mld z\u0142 w zwi\u0105zku z projektem \u201eNowa Chemia\u201d. Sp\u00f3\u0142ka poinformowa\u0142a te\u017c, \u017ce przer\u00f3b ropy w jej rafineriach wyni\u00f3s\u0142 9,17 mln ton \u2013 o 7% mniej ni\u017c rok wcze\u015bniej.<\/p>\n<p class=\"paragraph-module\">\u201eNowa Chemia\u201d to projekt inwestycyjny Orlenu \u2013 jego realizacj\u0105 ma by\u0107 zbudowanie nowoczesnej instalacji produkuj\u0105cej monomery. Dzi\u0119ki niej sp\u00f3\u0142ka ma tak\u017ce zwi\u0119kszy\u0107 swoje mo\u017cliwo\u015bci sprzeda\u017cowe w obszarasz: tlenku etylenu i glikoli, styrenu oraz frakcji butadienowej C4.<\/p>\n<p>  Racjonalizacja dzia\u0142a\u0144?  <\/p>\n<p class=\"paragraph-module\">Jest to jedna z najwi\u0119kszych inwestycji przemys\u0142owych w Europie. Przy tym jednak tak\u017ce jedna z najbardziej kontrowersyjnych. Orlen poinformowa\u0142 bowiem, \u017ce dokona odpis\u00f3w aktualizuj\u0105cych warto\u015b\u0107 aktyw\u00f3w \u2013 w skonsolidowanym sprawozdaniu finansowym za II kwarta\u0142 ma uwzgl\u0119dni\u0107 odpisy w wysoko\u015bci 1,9 mld z\u0142. Sytuacja ma zwi\u0105zek w\u0142a\u015bnie z \u201eNow\u0105 Chemi\u0105\u201d. Je\u015bli chodzi o jednostkowe sprawozdanie finansowe, sp\u00f3\u0142ka ma uj\u0105\u0107 odpisy zwi\u0105zane z obszarem petrochemii w wysoko\u015bci 1,6 mld z\u0142.<\/p>\n<p class=\"paragraph-module\">Przypomnijmy, \u017ce omawiany projekt w 2024 r. <a href=\"https:\/\/energetyka24.com\/ropa\/wiadomosci\/jest-decyzja-orlenu-ws-ogromnej-inwestycji-olefiny-iii-wstrzymane\" rel=\"nofollow noopener\" target=\"_blank\">zast\u0105pi\u0142 przedsi\u0119wzi\u0119cie realizowane od 2021 r. \u2013 Olefiny III<\/a>. Jak podaje PAP,\u00a0\u201ezarz\u0105d Orlenu wskazywa\u0142 w\u00f3wczas na konieczno\u015b\u0107 racjonalizacji niezb\u0119dnych do poniesienia nak\u0142ad\u00f3w\u201d. Poprzedni projekt generowa\u0142 du\u017ce op\u00f3\u017anienia i drastycznie rosn\u0105ce koszty. W 2021 r. koszty \u201eOlefin III\u201d szacowano na 8,3-13,5 mld z\u0142.<\/p>\n<p class=\"paragraph-module\">Te zacz\u0119\u0142y jednak z czasem gwa\u0142townie si\u0119 zwi\u0119ksza\u0107 \u2013 po przeprowadzeniu audytu przez nowy zarz\u0105d okaza\u0142o si\u0119, \u017ce doko\u0144czenie projektu w ustalonej formule, wraz z pe\u0142n\u0105 infrastruktur\u0105 towarzysz\u0105c\u0105 mog\u0142oby kosztowa\u0107 nawet 51 mld z\u0142. St\u0105d decyzja o przeprojektowaniu wcze\u015bniejszych plan\u00f3w i powo\u0142aniu \u201eNowej Chemii\u201d.<\/p>\n<p>  Wi\u0119ksze wydobycie, mniejsze wykorzystanie  <\/p>\n<p class=\"paragraph-module\">W komunikacie Orlenu pojawi\u0142y si\u0119 tak\u017ce informacje dot. jego dzia\u0142alno\u015bci operacyjnej w II kwartale br. Jak pisze PAP,\u00a0\u201egrupa wydoby\u0142a szacunkowo 4,59 mln bary\u0142ek ekwiwalentu ropy naftowej, o 5% wi\u0119cej ni\u017c rok wcze\u015bniej. Wydobycie gazu ziemnego wzros\u0142o o 9% rdr i wynios\u0142o 22,5 TWh\u201d. Zaznaczono tak\u017ce, \u017ce import gazu ziemnego do Polski si\u0119gn\u0105\u0142 45 TWh, wi\u0119c by\u0142 ni\u017cszy o 5% ni\u017c rok wcze\u015bniej. \u201eW ramach tej wielko\u015bci, import gazu w formie skroplonej (LNG) wyni\u00f3s\u0142 11 TWh, o 33% wi\u0119cej rdr\u201d.<\/p>\n<p>        Przer\u00f3b ropy w rafineriach Orlenu wyni\u00f3s\u0142 9,17 mln ton, o 7% mniej ni\u017c rok wcze\u015bniej, a poziom wykorzystania mocy w tych zak\u0142adach si\u0119gn\u0105\u0142 86% wobec 93% w II kw. 2025 r. Sprzeda\u017c detaliczna paliw w II kw. si\u0119gn\u0119\u0142a 2,94 mln ton, o 2% wi\u0119cej rdr. Natomiast sprzeda\u017c detalicznego gazu wynios\u0142a 18,4 TWh, o 1% wi\u0119cej rdr.<\/p>\n<p>PAP  <\/p>\n<p class=\"paragraph-module\">Z szacunk\u00f3w sp\u00f3\u0142ki wynika, \u017ce jej elektrownie wyprodukowa\u0142y w II kw. 3,9 TWh energii elektrycznej, czyli o 3% wi\u0119cej ni\u017c rok wcze\u015bniej. Tak\u0105 sam\u0105 warto\u015b\u0107, czyli 3,9 TWh, wynios\u0142a sprzeda\u017c detaliczna pr\u0105du, osi\u0105gaj\u0105c wynik o 5% wy\u017cszy rdr.<\/p>\n<p class=\"paragraph-module\">Pe\u0142en raport finansowy za I p\u00f3\u0142rocze tego roku ma ukaza\u0107 si\u0119 6 sierpnia br. B\u0119dzie zawiera\u0142 dane z dw\u00f3ch pierwszych kwarta\u0142\u00f3w.<\/p>\n<p class=\"paragraph-module\">DG\/PAP<\/p>\n","protected":false},"excerpt":{"rendered":"Autor. @cire_pl\/X.com Orlen ma dokona\u0107 odpis\u00f3w aktualizuj\u0105cych warto\u015b\u0107 aktyw\u00f3w na 1,9 mld z\u0142 w zwi\u0105zku z projektem \u201eNowa&hellip;\n","protected":false},"author":2,"featured_media":573123,"comment_status":"","ping_status":"","sticky":false,"template":"","format":"standard","meta":{"footnotes":"","_share_on_mastodon":"0"},"categories":[52097],"tags":[5318,4779,65592,65593,774,42,38,40,39,41,598],"class_list":["post-573122","post","type-post","status-publish","format-standard","has-post-thumbnail","category-orlen","tag-energia-elektryczna","tag-gaz","tag-nowa-chemia","tag-olefiny-iii","tag-orlen","tag-pl","tag-poland","tag-polish","tag-polska","tag-polski","tag-ropa"],"share_on_mastodon":{"url":"https:\/\/pubeurope.com\/@pl\/116965690677919381","error":""},"_links":{"self":[{"href":"https:\/\/www.europesays.com\/pl\/wp-json\/wp\/v2\/posts\/573122","targetHints":{"allow":["GET"]}}],"collection":[{"href":"https:\/\/www.europesays.com\/pl\/wp-json\/wp\/v2\/posts"}],"about":[{"href":"https:\/\/www.europesays.com\/pl\/wp-json\/wp\/v2\/types\/post"}],"author":[{"embeddable":true,"href":"https:\/\/www.europesays.com\/pl\/wp-json\/wp\/v2\/users\/2"}],"replies":[{"embeddable":true,"href":"https:\/\/www.europesays.com\/pl\/wp-json\/wp\/v2\/comments?post=573122"}],"version-history":[{"count":0,"href":"https:\/\/www.europesays.com\/pl\/wp-json\/wp\/v2\/posts\/573122\/revisions"}],"wp:featuredmedia":[{"embeddable":true,"href":"https:\/\/www.europesays.com\/pl\/wp-json\/wp\/v2\/media\/573123"}],"wp:attachment":[{"href":"https:\/\/www.europesays.com\/pl\/wp-json\/wp\/v2\/media?parent=573122"}],"wp:term":[{"taxonomy":"category","embeddable":true,"href":"https:\/\/www.europesays.com\/pl\/wp-json\/wp\/v2\/categories?post=573122"},{"taxonomy":"post_tag","embeddable":true,"href":"https:\/\/www.europesays.com\/pl\/wp-json\/wp\/v2\/tags?post=573122"}],"curies":[{"name":"wp","href":"https:\/\/api.w.org\/{rel}","templated":true}]}}