{"id":573194,"date":"2026-07-22T21:57:10","date_gmt":"2026-07-22T21:57:10","guid":{"rendered":"https:\/\/www.europesays.com\/pl\/573194\/"},"modified":"2026-07-22T21:57:10","modified_gmt":"2026-07-22T21:57:10","slug":"debiut-lewandowskiego-w-chicago-fire-ustalilismy-jak-ma-wygladac","status":"publish","type":"post","link":"https:\/\/www.europesays.com\/pl\/573194\/","title":{"rendered":"Debiut Lewandowskiego w Chicago Fire. Ustalili\u015bmy, jak ma wygl\u0105da\u0107"},"content":{"rendered":"\n<p class=\"contentpart contentpart--default contentpart--text\" data-position=\"0\">Korespondencja z Miami &#8211; Sebastian Staszewski\u00a0<\/p>\n<p class=\"contentpart contentpart--default contentpart--text\" data-position=\"1\">Polak wraz z dru\u017cyn\u0105 dotar\u0142 na Floryd\u0119 pomimo ogromnych burz na Wschodnim Wybrze\u017cu i oczekuje na pierwsze spotkanie w barwach nowego klubu. Jak uda\u0142o nam si\u0119 dowiedzie\u0107 na miejscu, <a href=\"https:\/\/sportowefakty.wp.pl\/pilka-nozna\/robert-lewandowski\" rel=\"nofollow noopener\" target=\"_blank\">Robert Lewandowski<\/a>\u00a0wybiegnie na boisko w pierwszym sk\u0142adzie.<\/p>\n<p>  <img decoding=\"async\" src=\"https:\/\/v.wpimg.pl\/X3dwLnN2d1IFFTpdYUl6R0ZNbgcnEHQREVV2TGEGbUtRT2MdOlZ2RBQUKABgQjQcDRotCStBd1IAAWMeIlM7VgwYIAorQAdEFFk_GCkQJQ\" alt=\"\" width=\"45\" height=\"58\" loading=\"lazy\"\/>  <\/p>\n<p class=\"contentpart contentpart--default contentpart--text\" data-position=\"2\">Spotkanie rozpocznie si\u0119 o godz. 1.30 czasu polskiego. Mo\u017cna je b\u0119dzie \u015bledzi\u0107 na \u017cywo w naszym portalu.<\/p>\n<p class=\"contentpart contentpart--default contentpart--text\" data-position=\"3\">Drugie podej\u015bcie do debiutu<\/p>\n<p class=\"contentpart contentpart--default contentpart--text\" data-position=\"4\">Na debiut w lidze ameryka\u0144skiej Lewandowski oczekuje od tygodnia. W czerwonym trykocie po raz pierwszy mia\u0142 zagra\u0107 ju\u017c 16 lipca, ale spotkanie z Vancouver Whitecaps zosta\u0142o odwo\u0142ane z powodu setek po\u017car\u00f3w w kanadyjskiej prowincji Ontario, z kt\u00f3rych dym uniemo\u017cliwi\u0142 mieszka\u0144com Chicago swobodne oddychanie. Decyzja w\u0142adz ligi sprawi\u0142a, \u017ce polski pi\u0142karz zyska\u0142 nie tylko kilka dni, aby potrenowa\u0107 z nowymi kolegami, ale tak\u017ce szans\u0119 na debiut przeciwko Interowi Miami, czyli aktualnemu mistrzowi MLS.<\/p>\n<p class=\"contentpart contentpart--default contentpart--text\" data-position=\"5\">ZOBACZ WIDEO: Lewandowski b\u0119dzie \u017ca\u0142owa\u0142 transferu? &#8222;To nie jest klub krzak&#8221;<\/p>\n<p class=\"contentpart contentpart--default contentpart--text\" data-position=\"7\">O ile w Chicago mia\u0142o doj\u015b\u0107 do rywalizacji dw\u00f3ch wielkich marek: Lewandowskiego i wyst\u0119puj\u0105cego w Whitecaps Thomasa M\u00fcllera <a href=\"https:\/\/sportowefakty.wp.pl\/pilka-nozna\/1262926\/nie-zagrali-ale-i-tak-sie-spotkali-wpis-lewandowskiego-podbil-siec\" rel=\"nofollow noopener\" target=\"_blank\">(ostatecznie sko\u0144czy\u0142o si\u0119 na kolacji, na kt\u00f3r\u0105 wybrali si\u0119 dawni partnerzy z Bayernu Monachium)<\/a>, o tyle w Miami na murawie zabraknie najlepszego zawodnika Interu \u2013 <a href=\"https:\/\/sportowefakty.wp.pl\/pilka-nozna\/lionel-messi\" rel=\"nofollow noopener\" target=\"_blank\">Lionela Messiego<\/a>.<\/p>\n<p>  <img decoding=\"async\" src=\"https:\/\/v.wpimg.pl\/X3dwLnN2d1IFFTpdYUl6R0ZNbgcnEHQREVV2TGEGbUtRT2MdOlZ2RBQUKABgQjQcDRotCStBd1IAAWMeIlM7VgwYIAorQAdEFFk_GCkQJQ\" alt=\"\" width=\"45\" height=\"58\" loading=\"lazy\"\/>  <\/p>\n<p class=\"contentpart contentpart--default contentpart--text\" data-position=\"8\">Wielcy nieobecni<\/p>\n<p class=\"contentpart contentpart--default contentpart--text\" data-position=\"9\">Gwiazdor ekipy z Florydy jeszcze kilka dni temu wyst\u0105pi\u0142 w przegranym przez Argentyn\u0119 (0:1) finale mistrzostw \u015bwiata, a zaraz po nim uda\u0142 si\u0119 do Rosario na wakacje, ale te\u017c, \u017ceby odwiedzi\u0107 ojca, kt\u00f3ry ma k\u0142opoty zdrowotne.<\/p>\n<p class=\"contentpart contentpart--default contentpart--text\" data-position=\"10\">Ameryk\u0119 opu\u015bci\u0142 r\u00f3wnie\u017c jego klubowy i reprezentacyjny kolega Rodrigo de Paul, kt\u00f3rego w czwartek r\u00f3wnie\u017c zabraknie w sk\u0142adzie Interu. Na murawie prawdopodobnie pojawi si\u0119 za to inny legendarny pi\u0142karz, Urugwajczyk Luis Su\u00e1rez, kt\u00f3ry w latach 2014-2020 by\u0142 jednym z lider\u00f3w FC Barcelony.<\/p>\n<p class=\"contentpart contentpart--default contentpart--text\" data-position=\"11\">Jedyny napastnik<\/p>\n<p class=\"contentpart contentpart--default contentpart--text\" data-position=\"12\">Polskich kibic\u00f3w najbardziej interesuje jednak to, czy w sk\u0142adzie Fire znajdzie si\u0119 Lewandowski.<\/p>\n<p class=\"contentpart contentpart--default contentpart--text\" data-position=\"13\">Wed\u0142ug naszych ustale\u0144 to pewne! Polak rozegra nie tylko wi\u0119cej minut ni\u017c trener Gregg Berhalter chcia\u0142 da\u0107 mu w meczu z Whitecaps (wtedy planowa\u0142 wpu\u015bci\u0107 nowego napastnika na kwadrans), ale na boisku pojawi si\u0119 te\u017c od pierwszej minuty.<\/p>\n<p>  <img decoding=\"async\" src=\"https:\/\/v.wpimg.pl\/X3dwLnN2d1IFFTpdYUl6R0ZNbgcnEHQREVV2TGEGbUtRT2MdOlZ2RBQUKABgQjQcDRotCStBd1IAAWMeIlM7VgwYIAorQAdEFFk_GCkQJQ\" alt=\"\" width=\"45\" height=\"58\" loading=\"lazy\"\/>  <\/p>\n<p class=\"contentpart contentpart--default contentpart--text\" data-position=\"14\">U boku Polaka nie zobaczymy Hugo Cuypersa. Okaza\u0142o si\u0119, \u017ce najlepszy strzelec Fire po transferze &#8222;Lewego&#8221; (kt\u00f3remu wcze\u015bniej odda\u0142 koszulk\u0119 z numerem 9) poprosi\u0142 o mo\u017cliwo\u015b\u0107 odej\u015bcia i jest o krok od przenosin do meksyka\u0144skiego Monterrey. Obecnie Cuypers przechodzi testy medyczne i po ich zaliczeniu transfer zostanie og\u0142oszony oficjalnie. Chicago ma zarobi\u0107 7,5 mln dolar\u00f3w plus bonusy, nie b\u0119dzie musia\u0142o tak\u017ce p\u0142aci\u0107 wynosz\u0105cej oko\u0142o 2 mln dolar\u00f3w premii dla poprzedniego klubu Belga, KAA Gent.<\/p>\n<p class=\"contentpart contentpart--default contentpart--text\" data-position=\"15\">Wszystko wskazuje wi\u0119c na to, \u017ce gdy Robert pojawi si\u0119 w sk\u0142adzie, b\u0119dzie jedynym napastnikiem Fire na boisku.<\/p>\n<p class=\"contentpart contentpart--default contentpart--text\" data-position=\"16\">Mened\u017cer na debiucie Polaka<\/p>\n<p class=\"contentpart contentpart--default contentpart--text\" data-position=\"17\">Lewandowski wraz z nowymi kolegami pojawi\u0142 si\u0119 w Miami ju\u017c we wtorek wieczorem i zameldowa\u0142\u00a0 w ekskluzywnym hotelu Loews.<\/p>\n<p>  <img decoding=\"async\" src=\"https:\/\/v.wpimg.pl\/X3dwLnN2d1IFFTpdYUl6R0ZNbgcnEHQREVV2TGEGbUtRT2MdOlZ2RBQUKABgQjQcDRotCStBd1IAAWMeIlM7VgwYIAorQAdEFFk_GCkQJQ\" alt=\"\" width=\"45\" height=\"58\" loading=\"lazy\"\/>  <\/p>\n<p class=\"contentpart contentpart--default contentpart--text\" data-position=\"18\">Czarterowy samolot dotar\u0142 na Floryd\u0119 bez wi\u0119kszych k\u0142opot\u00f3w, chocia\u017c przez szalej\u0105ce na Wschodnim Wybrze\u017cu burze Federalna Administracja Lotnictwa odwo\u0142a\u0142a ponad 2000 lot\u00f3w.<\/p>\n<p class=\"contentpart contentpart--default contentpart--text\" data-position=\"19\">Tym razem jednak nic nie powinno stan\u0105\u0107 na drodze kapitana reprezentacji Polski przed debiutem w zespole z Chicago. W Miami jest co prawda parno i duszno, a prognozy pogody zapowiadaj\u0105 przelotne deszcze, ale mimo to na mog\u0105cym pomie\u015bci\u0107 26 tysi\u0119cy kibic\u00f3w Nu Stadium powinno pojawi\u0107 si\u0119 oko\u0142o 20 tysi\u0119cy widz\u00f3w.<\/p>\n<p class=\"contentpart contentpart--default contentpart--text\" data-position=\"20\">W\u015br\u00f3d nich b\u0119dzie menad\u017cer Lewandowskiego Pini Zahavi, kt\u00f3ry w Miami przebywa od kilku dni wraz z \u017con\u0105.<\/p>\n<p> STS to legalny bukmacher. Gra u nielegalnych podlega karze. Hazard mo\u017ce uzale\u017cnia\u0107. 18+ <\/p>\n<p class=\"contentpart contentpart--default contentpart--text\" data-position=\"34\">Debiut Roberta Lewandowskiego w ameryka\u0144skiej lidze MLS \u015bled\u017a w Wirtualnej Polsce SportowychFaktach. W nocy ze \u015brody na czwartek o godz. 1.30 Inter Miami zmierzy si\u0119 z Chicago Fire Polaka. Mecz mo\u017cesz obserwowa\u0107 w relacji live, a zaraz po spotkaniu o godz. 3.30 rozpocznie si\u0119 na \u017cywo Studio Meczowe, w kt\u00f3rym b\u0119d\u0105 eksperci oraz \u0142\u0105czenie z naszym korespondentem w Miami &#8211; Sebastianem Staszewskim.<\/p>\n","protected":false},"excerpt":{"rendered":"Korespondencja z Miami &#8211; Sebastian Staszewski\u00a0 Polak wraz z dru\u017cyn\u0105 dotar\u0142 na Floryd\u0119 pomimo ogromnych burz na Wschodnim&hellip;\n","protected":false},"author":2,"featured_media":573195,"comment_status":"","ping_status":"","sticky":false,"template":"","format":"standard","meta":{"footnotes":"","_share_on_mastodon":"0"},"categories":[24],"tags":[31286,12740,269,42,38,40,39,41,273,127,126,97570],"class_list":["post-573194","post","type-post","status-publish","format-standard","has-post-thumbnail","category-sport","tag-chicago-fire","tag-major-league-soccer","tag-pilka-nozna","tag-pl","tag-poland","tag-polish","tag-polska","tag-polski","tag-robert-lewandowski","tag-sport","tag-sports","tag-studio-mundial"],"share_on_mastodon":{"url":"https:\/\/pubeurope.com\/@pl\/116965870792422492","error":""},"_links":{"self":[{"href":"https:\/\/www.europesays.com\/pl\/wp-json\/wp\/v2\/posts\/573194","targetHints":{"allow":["GET"]}}],"collection":[{"href":"https:\/\/www.europesays.com\/pl\/wp-json\/wp\/v2\/posts"}],"about":[{"href":"https:\/\/www.europesays.com\/pl\/wp-json\/wp\/v2\/types\/post"}],"author":[{"embeddable":true,"href":"https:\/\/www.europesays.com\/pl\/wp-json\/wp\/v2\/users\/2"}],"replies":[{"embeddable":true,"href":"https:\/\/www.europesays.com\/pl\/wp-json\/wp\/v2\/comments?post=573194"}],"version-history":[{"count":0,"href":"https:\/\/www.europesays.com\/pl\/wp-json\/wp\/v2\/posts\/573194\/revisions"}],"wp:featuredmedia":[{"embeddable":true,"href":"https:\/\/www.europesays.com\/pl\/wp-json\/wp\/v2\/media\/573195"}],"wp:attachment":[{"href":"https:\/\/www.europesays.com\/pl\/wp-json\/wp\/v2\/media?parent=573194"}],"wp:term":[{"taxonomy":"category","embeddable":true,"href":"https:\/\/www.europesays.com\/pl\/wp-json\/wp\/v2\/categories?post=573194"},{"taxonomy":"post_tag","embeddable":true,"href":"https:\/\/www.europesays.com\/pl\/wp-json\/wp\/v2\/tags?post=573194"}],"curies":[{"name":"wp","href":"https:\/\/api.w.org\/{rel}","templated":true}]}}