{"id":573369,"date":"2026-07-22T23:55:12","date_gmt":"2026-07-22T23:55:12","guid":{"rendered":"https:\/\/www.europesays.com\/pl\/573369\/"},"modified":"2026-07-22T23:55:12","modified_gmt":"2026-07-22T23:55:12","slug":"sa-sklady-na-mecz-inter-miami","status":"publish","type":"post","link":"https:\/\/www.europesays.com\/pl\/573369\/","title":{"rendered":"S\u0105 sk\u0142ady na mecz Inter Miami"},"content":{"rendered":"\n<p class=\"contentpart contentpart--default contentpart--text\" data-position=\"0\">Ten debiut mia\u0142 nast\u0105pi\u0107 tydzie\u0144 temu, ale b\u0119dzie dopiero teraz. Robert Lewandowski niebawem rozegra sw\u00f3j pierwszy mecz w barwach Chicago Fire. Stanie si\u0119 to na wyje\u017adzie, w Miami.<\/p>\n<p class=\"contentpart contentpart--default contentpart--text\" data-position=\"1\">Trener Gregg Berhalter odkry\u0142 karty i wiemy ju\u017c, \u017ce kapitan reprezentacji Polski rozpocznie spotkanie w wyj\u015bciowym sk\u0142adzie!<\/p>\n<p>  <img decoding=\"async\" src=\"https:\/\/v.wpimg.pl\/X3dwLnN2d1IFFTpdYUl6R0ZNbgcnEHQREVV2TGEGbUtRT2MdOlZ2RBQUKABgQjQcDRotCStBd1IAAWMeIlM7VgwYIAorQAdEFFk_GCkQJQ\" alt=\"\" width=\"45\" height=\"58\" loading=\"lazy\"\/>  <\/p>\n<p class=\"contentpart contentpart--default contentpart--text\" data-position=\"2\"><a href=\"https:\/\/sportowefakty.wp.pl\/pilka-nozna\/1263769\/debiut-lewandowskiego-w-chicago-fire-ustalilismy-jak-ma-wygladac\" rel=\"nofollow noopener\" target=\"_blank\">Tym samym potwierdzi\u0142y si\u0119 informacje, kt\u00f3re podawali\u015bmy ju\u017c kilka godzin temu<\/a>.<\/p>\n<p class=\"contentpart contentpart--default contentpart--text\" data-position=\"3\">ZOBACZ WIDEO: Lewandowski b\u0119dzie \u017ca\u0142owa\u0142 transferu? &#8222;To nie jest klub krzak&#8221;<\/p>\n<p class=\"contentpart contentpart--default contentpart--text\" data-position=\"5\">Trener Berhalter w zasadzie nie mia\u0142 wyboru, bo obecnie Lewandowski jest jego jedynym napastnikiem. I nawet je\u015bli nie jest jeszcze w optymalnej dyspozycji, to po prostu musi gra\u0107.<\/p>\n<p class=\"contentpart contentpart--default contentpart--text\" data-position=\"6\"><a href=\"https:\/\/sportowefakty.wp.pl\/pilka-nozna\/1263504\/debiut-lewandowskiego-wiecej-niz-pewny-bedzie-musial-grac\" rel=\"nofollow noopener\" target=\"_blank\">Zreszt\u0105, szkoleniowiec ekipy z Chicago m\u00f3wi\u0142 to wprost na konferencji prasowej<\/a>.<\/p>\n<p class=\"contentpart contentpart--default contentpart--text\" data-position=\"7\">W zespole gospodarzy zabraknie oczywi\u015bcie Lionela Messiego i Rodrigo De Paula, kt\u00f3rzy odpoczywaj\u0105 po zako\u0144czonych niedawno mistrzostwach \u015bwiata. Jest za to Luis Suarez.<\/p>\n<p>  <img decoding=\"async\" src=\"https:\/\/v.wpimg.pl\/X3dwLnN2d1IFFTpdYUl6R0ZNbgcnEHQREVV2TGEGbUtRT2MdOlZ2RBQUKABgQjQcDRotCStBd1IAAWMeIlM7VgwYIAorQAdEFFk_GCkQJQ\" alt=\"\" width=\"45\" height=\"58\" loading=\"lazy\"\/>  <\/p>\n<p class=\"contentpart contentpart--default contentpart--text\" data-position=\"8\">Pocz\u0105tek meczu Inter Miami &#8211; Chicago Fire o godz. 1.30 polskiego czasu.<\/p>\n<p class=\"contentpart contentpart--default contentpart--text\" data-position=\"9\">Sk\u0142ady:<\/p>\n<p class=\"contentpart contentpart--default contentpart--text\" data-position=\"10\">Inter Miami: Rios Novo &#8211; Mura, Frav, Micael, Reguilon &#8211; Ruiz, Bright, Segovia &#8211; Silvetti, Berterame, Luis Suarez.<\/p>\n<p class=\"contentpart contentpart--default contentpart--text\" data-position=\"11\">Chicago Fire: Brady &#8211; Dean, Waterman, Elliott, Gutman &#8211; Saletros, D&#8217;Avilla, Haile Selassie &#8211; Zinckernagel, Lewandowski, Bamba.<\/p>\n<p>Nasza relacja:<\/p>\n<p> <a href=\"https:\/\/sportowefakty.wp.pl\/pilka-nozna\/relacja-na-zywo\/181116\/inter-miami-chicago-fire-live\" class=\"box\" rel=\"nofollow noopener\" target=\"_blank\">  <\/p>\n<p>23.07.2026 01:30<\/p>\n<p>Major League Soccer<\/p>\n<p>    <img decoding=\"async\" src=\"https:\/\/www.europesays.com\/pl\/wp-content\/uploads\/2026\/07\/OTkxMi5wYDUKGjtaGgxtIElCbwBcVWN2Hlp3SxpDdyxfQGIaUwA_ehwILg1bWT84RAwsDkZYeW1dSnVeDRJ7Yl8ZfF1qRHdnUkF0.png\" alt=\"Inter Miami\" width=\"48\" height=\"48\" loading=\"lazy\"\/> <\/p>\n<p> Inter Miami <\/p>\n<p>    <img decoding=\"async\" src=\"https:\/\/www.europesays.com\/pl\/wp-content\/uploads\/2026\/07\/NTQ2Mi5wYTUwUDtaGgxsIHMIbwBcVWJ2JBB3SxpDdixlCmIaUwA-eiZCLg1bWT44fkYsDkZYeG03AigLBUEsNTAEeFhqRX1iZQd5.png\" alt=\"Chicago Fire\" width=\"48\" height=\"48\" loading=\"lazy\"\/> <\/p>\n<p> Chicago Fire <\/p>\n<p>   <\/a>       <\/p>\n<p> STS to legalny bukmacher. Gra u nielegalnych podlega karze. Hazard mo\u017ce uzale\u017cnia\u0107. 18+ <\/p>\n<p class=\"contentpart contentpart--default contentpart--text\" data-position=\"26\">Debiut Roberta Lewandowskiego w ameryka\u0144skiej lidze MLS \u015bled\u017a w Wirtualnej Polsce SportowychFaktach. W nocy ze \u015brody na czwartek o godz. 1.30 Inter Miami zmierzy si\u0119 z Chicago Fire Polaka. Mecz mo\u017cesz obserwowa\u0107 w relacji live, a zaraz po spotkaniu o godz. 3.30 rozpocznie si\u0119 na \u017cywo Studio Meczowe, w kt\u00f3rym b\u0119d\u0105 eksperci oraz \u0142\u0105czenie z naszym korespondentem w Miami &#8211; Sebastianem Staszewskim.<\/p>\n","protected":false},"excerpt":{"rendered":"Ten debiut mia\u0142 nast\u0105pi\u0107 tydzie\u0144 temu, ale b\u0119dzie dopiero teraz. Robert Lewandowski niebawem rozegra sw\u00f3j pierwszy mecz w&hellip;\n","protected":false},"author":2,"featured_media":573370,"comment_status":"","ping_status":"","sticky":false,"template":"","format":"standard","meta":{"footnotes":"","_share_on_mastodon":"0"},"categories":[24],"tags":[31286,95523,99008,1249,12740,99007,269,42,38,40,39,41,273,127,126,71],"class_list":["post-573369","post","type-post","status-publish","format-standard","has-post-thumbnail","category-sport","tag-chicago-fire","tag-gregg-berhalter","tag-hard-rock-stadium-w-miami-gardens","tag-inter-miami","tag-major-league-soccer","tag-miami-gardens","tag-pilka-nozna","tag-pl","tag-poland","tag-polish","tag-polska","tag-polski","tag-robert-lewandowski","tag-sport","tag-sports","tag-usa"],"share_on_mastodon":{"url":"https:\/\/pubeurope.com\/@pl\/116966335513809949","error":""},"_links":{"self":[{"href":"https:\/\/www.europesays.com\/pl\/wp-json\/wp\/v2\/posts\/573369","targetHints":{"allow":["GET"]}}],"collection":[{"href":"https:\/\/www.europesays.com\/pl\/wp-json\/wp\/v2\/posts"}],"about":[{"href":"https:\/\/www.europesays.com\/pl\/wp-json\/wp\/v2\/types\/post"}],"author":[{"embeddable":true,"href":"https:\/\/www.europesays.com\/pl\/wp-json\/wp\/v2\/users\/2"}],"replies":[{"embeddable":true,"href":"https:\/\/www.europesays.com\/pl\/wp-json\/wp\/v2\/comments?post=573369"}],"version-history":[{"count":0,"href":"https:\/\/www.europesays.com\/pl\/wp-json\/wp\/v2\/posts\/573369\/revisions"}],"wp:featuredmedia":[{"embeddable":true,"href":"https:\/\/www.europesays.com\/pl\/wp-json\/wp\/v2\/media\/573370"}],"wp:attachment":[{"href":"https:\/\/www.europesays.com\/pl\/wp-json\/wp\/v2\/media?parent=573369"}],"wp:term":[{"taxonomy":"category","embeddable":true,"href":"https:\/\/www.europesays.com\/pl\/wp-json\/wp\/v2\/categories?post=573369"},{"taxonomy":"post_tag","embeddable":true,"href":"https:\/\/www.europesays.com\/pl\/wp-json\/wp\/v2\/tags?post=573369"}],"curies":[{"name":"wp","href":"https:\/\/api.w.org\/{rel}","templated":true}]}}