{"id":57344,"date":"2025-10-19T15:13:07","date_gmt":"2025-10-19T15:13:07","guid":{"rendered":"https:\/\/www.europesays.com\/pl\/57344\/"},"modified":"2025-10-19T15:13:07","modified_gmt":"2025-10-19T15:13:07","slug":"we-wszystkich-parafiach-w-polsce-trwa-akcja-liczenia-katolikow","status":"publish","type":"post","link":"https:\/\/www.europesays.com\/pl\/57344\/","title":{"rendered":"We wszystkich parafiach w Polsce trwa akcja liczenia katolik\u00f3w"},"content":{"rendered":"<p class=\"ods-c-paragraph \">W tym roku zgodnie z uchwa\u0142\u0105 Konferencji Episkopatu Polski doroczne badanie niedzielnych praktyk religijnych (dominicantes i communicantes) zaplanowano na niedziel\u0119 19 pa\u017adziernika \u2014 poinformowa\u0142a archidiecezja warszawska.<\/p>\n<p class=\"ods-c-paragraph \">Rocznik Statystyczny Ko\u015bcio\u0142a katolickiego w Polsce &#8222;Annuarium Statisticum Ecclesiae in Polonia&#8221; Instytutu Statystyki Ko\u015bcio\u0142a Katolickiego SAC za rok 2023 poda\u0142, \u017ce wska\u017anik dominicantes (os\u00f3b uczestnicz\u0105cych w niedzielnej mszy \u015bw.) wynosi\u0142 29,2 proc. (2022 \u2014 29,5 proc., 2021 \u2014 28,3 proc.), a wska\u017anik communicantes (przyjmuj\u0105cych komuni\u0119) \u2014 14,2 proc. (2022 \u2014 13,9 proc., 2021 r. \u2014 12,9 proc.).<\/p>\n<p>Dalszy ci\u0105g artyku\u0142u pod materia\u0142em wideo<br \/>\nW 2023 r. najwi\u0119cej os\u00f3b przyst\u0119powa\u0142o do komunii w diecezji tarnowskiej<\/p>\n<p class=\"ods-c-paragraph \">Najwy\u017cszy wska\u017anik communicantes w 2023 r. zanotowano w diecezji tarnowskiej \u2014 24,4 proc. (2022 \u2014 25,6 proc.), zamojsko-lubaczowskiej \u2014 21,1 proc. (2022 r. \u2014 19,6 proc.) i bia\u0142ostockiej \u2014 20,01 proc. (2022 \u2014 20,5 proc.). Z kolei najni\u017cszy \u2014 w archidiecezji szczeci\u0144sko-kamie\u0144skiej i sosnowieckiej \u2014 po (8,5 proc.).<\/p>\n<p class=\"ods-c-paragraph \">Instytut Statystyki Ko\u015bcio\u0142a Katolickiego SAC im. ks. Witolda Zdaniewicza za\u0142o\u017cy\u0142o w 1972 r. Stowarzyszenie Apostolstwa Katolickiego (ksi\u0119\u017ca pallotyni) jako Zak\u0142ad Socjologii Religii. ISKK jest najstarszym w Polsce niezale\u017cnym o\u015brodkiem naukowym prowadz\u0105cym badania w zakresie religijno\u015bci, katolicyzmu i jego spo\u0142ecznych kontekst\u00f3w. Wsp\u00f3\u0142pracuje m.in. z G\u0142\u00f3wnym Urz\u0119dem Statystycznym.<\/p>\n","protected":false},"excerpt":{"rendered":"W tym roku zgodnie z uchwa\u0142\u0105 Konferencji Episkopatu Polski doroczne badanie niedzielnych praktyk religijnych (dominicantes i communicantes) zaplanowano&hellip;\n","protected":false},"author":2,"featured_media":57345,"comment_status":"","ping_status":"","sticky":false,"template":"","format":"standard","meta":{"footnotes":""},"categories":[12],"tags":[32,33,36,37,27,702,49,34,35,28,31,48,25,46,42,38,40,39,41,47,29,30,26],"class_list":{"0":"post-57344","1":"post","2":"type-post","3":"status-publish","4":"format-standard","5":"has-post-thumbnail","7":"category-polska","8":"tag-breaking-news","9":"tag-breakingnews","10":"tag-featured-news","11":"tag-featurednews","12":"tag-headlines","13":"tag-kosciol_katolicki","14":"tag-kraj","15":"tag-latest-news","16":"tag-latestnews","17":"tag-naglowki","18":"tag-najwazniejsze-artykuly","19":"tag-nat_styl","20":"tag-news","21":"tag-omp","22":"tag-pl","23":"tag-poland","24":"tag-polish","25":"tag-polska","26":"tag-polski","27":"tag-screening_general","28":"tag-top-stories","29":"tag-topstories","30":"tag-wiadomosci"},"share_on_mastodon":{"url":"","error":""},"_links":{"self":[{"href":"https:\/\/www.europesays.com\/pl\/wp-json\/wp\/v2\/posts\/57344","targetHints":{"allow":["GET"]}}],"collection":[{"href":"https:\/\/www.europesays.com\/pl\/wp-json\/wp\/v2\/posts"}],"about":[{"href":"https:\/\/www.europesays.com\/pl\/wp-json\/wp\/v2\/types\/post"}],"author":[{"embeddable":true,"href":"https:\/\/www.europesays.com\/pl\/wp-json\/wp\/v2\/users\/2"}],"replies":[{"embeddable":true,"href":"https:\/\/www.europesays.com\/pl\/wp-json\/wp\/v2\/comments?post=57344"}],"version-history":[{"count":0,"href":"https:\/\/www.europesays.com\/pl\/wp-json\/wp\/v2\/posts\/57344\/revisions"}],"wp:featuredmedia":[{"embeddable":true,"href":"https:\/\/www.europesays.com\/pl\/wp-json\/wp\/v2\/media\/57345"}],"wp:attachment":[{"href":"https:\/\/www.europesays.com\/pl\/wp-json\/wp\/v2\/media?parent=57344"}],"wp:term":[{"taxonomy":"category","embeddable":true,"href":"https:\/\/www.europesays.com\/pl\/wp-json\/wp\/v2\/categories?post=57344"},{"taxonomy":"post_tag","embeddable":true,"href":"https:\/\/www.europesays.com\/pl\/wp-json\/wp\/v2\/tags?post=57344"}],"curies":[{"name":"wp","href":"https:\/\/api.w.org\/{rel}","templated":true}]}}