{"id":573560,"date":"2026-07-23T02:15:31","date_gmt":"2026-07-23T02:15:31","guid":{"rendered":"https:\/\/www.europesays.com\/pl\/573560\/"},"modified":"2026-07-23T02:15:31","modified_gmt":"2026-07-23T02:15:31","slug":"co-za-slowa-kowalczyk-zachwycony-lechem-poznan","status":"publish","type":"post","link":"https:\/\/www.europesays.com\/pl\/573560\/","title":{"rendered":"Co za s\u0142owa. Kowalczyk zachwycony Lechem Pozna\u0144"},"content":{"rendered":"\n<p class=\"contentpart contentpart--default contentpart--text\" data-position=\"0\"><a href=\"https:\/\/sportowefakty.wp.pl\/pilka-nozna\/lech-poznan\" rel=\"nofollow noopener\" target=\"_blank\">Lech Pozna\u0144<\/a>\u00a0rozbi\u0142 AGF Aarhus 4:1  w pierwszym meczu drugiej rundy eliminacji Ligi Mistrz\u00f3w i zrobi\u0142  ogromny krok w kierunku awansu. Po ko\u0144cowym gwizdku du\u0144skie media nie  kry\u0142y rozczarowania postaw\u0105 swoich mistrz\u00f3w, a jednocze\u015bnie przyzna\u0142y,  \u017ce polski zesp\u00f3\u0142 by\u0142 wyra\u017anie lepszy.<\/p>\n<p class=\"contentpart contentpart--default contentpart--text\" data-position=\"1\">Zachwycony postaw\u0105 Kolejorza by\u0142 tak\u017ce ekspert\u00a0<a href=\"https:\/\/sportowefakty.wp.pl\/pilka-nozna\/wojciech-kowalczyk\" rel=\"nofollow noopener\" target=\"_blank\">Wojciech Kowalczyk<\/a>.\u00a0By\u0142y reprezentant Polski ocenia\u0142,  \u017ce wej\u015bcie do Ligi Mistrz\u00f3w mo\u017ce by\u0107 momentem prze\u0142omowym dla przewagi  Lecha nad reszt\u0105 Ekstraklasy.<\/p>\n<p>  <img decoding=\"async\" src=\"https:\/\/v.wpimg.pl\/X3dwLnN2d1IFFTpdYUl6R0ZNbgcnEHQREVV2TGEGbUtRT2MdOlZ2RBQUKABgQjQcDRotCStBd1IAAWMeIlM7VgwYIAorQAdEFFk_GCkQJQ\" alt=\"\" width=\"45\" height=\"58\" loading=\"lazy\"\/>  <\/p>\n<p class=\"contentpart contentpart--default contentpart--text\" data-position=\"2\">&#8211; To jest w\u0142a\u015bnie ten projekt, kt\u00f3ry (&#8230;) mo\u017ce sprawi\u0107, \u017ce Lech troch\u0119 lat mo\u017ce porz\u0105dzi\u0107 w polskiej pi\u0142ce &#8211; przyzna\u0142 dla Weszlo.<\/p>\n<p class=\"contentpart contentpart--default contentpart--text\" data-position=\"3\">ZOBACZ WIDEO: W czym tkwi sekret Messiego? &#8222;To kluczowe&#8221;<\/p>\n<p class=\"contentpart contentpart--default contentpart--text\" data-position=\"5\">W tej samej wypowiedzi dodawa\u0142, \u017ce je\u015bli Lech awansuje do Ligi  Mistrz\u00f3w, mo\u017ce sta\u0107 si\u0119 projektem, kt\u00f3ry wcze\u015bniej mia\u0142 by\u0107 realizowany w  Wi\u015ble Krak\u00f3w za czas\u00f3w Bogus\u0142awa Cupia\u0142a, a p\u00f3\u017aniej w Legii.<\/p>\n<p class=\"contentpart contentpart--default contentpart--text\" data-position=\"6\">Kowalczyk  podkre\u015bla\u0142 te\u017c, \u017ce na tle polskich reali\u00f3w w oczy rzuca si\u0119  przygotowanie zespo\u0142u do rywalizacji w eliminacjach. Zwr\u00f3ci\u0142 uwag\u0119 na jako\u015b\u0107 fizyczn\u0105, pi\u0142karsk\u0105 i g\u0142\u0119bi\u0119  sk\u0142adu.<br \/>\u00a0<br \/>&#8211; Powiedzmy sobie jasno. Lech w tym meczu wygl\u0105da\u0142 tak:  \u015bwietnie przygotowany szybko\u015bciowo, pi\u0142karsko, a co najwa\u017cniejsze, ja  nie widzia\u0142em od lat 90. zespo\u0142u przygotowanego do Ligi Mistrz\u00f3w z tak\u0105  \u0142awk\u0105 rezerwowych &#8211; doda\u0142.<\/p>\n<p>  <img decoding=\"async\" src=\"https:\/\/v.wpimg.pl\/X3dwLnN2d1IFFTpdYUl6R0ZNbgcnEHQREVV2TGEGbUtRT2MdOlZ2RBQUKABgQjQcDRotCStBd1IAAWMeIlM7VgwYIAorQAdEFFk_GCkQJQ\" alt=\"\" width=\"45\" height=\"58\" loading=\"lazy\"\/>  <\/p>\n<p class=\"contentpart contentpart--default contentpart--text\" data-position=\"7\">Po wtorkowym zwyci\u0119stwie to Lech Pozna\u0144 jest zdecydowanie bli\u017cej awansu  do trzeciej rundy kwalifikacji. Rewan\u017c zostanie rozegrany w przysz\u0142ym  tygodniu w stolicy Wielkopolski.<\/p>\n","protected":false},"excerpt":{"rendered":"Lech Pozna\u0144\u00a0rozbi\u0142 AGF Aarhus 4:1 w pierwszym meczu drugiej rundy eliminacji Ligi Mistrz\u00f3w i zrobi\u0142 ogromny krok w&hellip;\n","protected":false},"author":2,"featured_media":573561,"comment_status":"","ping_status":"","sticky":false,"template":"","format":"standard","meta":{"footnotes":"","_share_on_mastodon":"0"},"categories":[51609],"tags":[215,269,42,38,40,39,41,1817,97570,4833],"class_list":["post-573560","post","type-post","status-publish","format-standard","has-post-thumbnail","category-poznan","tag-lech-poznan","tag-pilka-nozna","tag-pl","tag-poland","tag-polish","tag-polska","tag-polski","tag-poznan","tag-studio-mundial","tag-wojciech-kowalczyk"],"share_on_mastodon":{"url":"https:\/\/pubeurope.com\/@pl\/116966886063321641","error":""},"_links":{"self":[{"href":"https:\/\/www.europesays.com\/pl\/wp-json\/wp\/v2\/posts\/573560","targetHints":{"allow":["GET"]}}],"collection":[{"href":"https:\/\/www.europesays.com\/pl\/wp-json\/wp\/v2\/posts"}],"about":[{"href":"https:\/\/www.europesays.com\/pl\/wp-json\/wp\/v2\/types\/post"}],"author":[{"embeddable":true,"href":"https:\/\/www.europesays.com\/pl\/wp-json\/wp\/v2\/users\/2"}],"replies":[{"embeddable":true,"href":"https:\/\/www.europesays.com\/pl\/wp-json\/wp\/v2\/comments?post=573560"}],"version-history":[{"count":0,"href":"https:\/\/www.europesays.com\/pl\/wp-json\/wp\/v2\/posts\/573560\/revisions"}],"wp:featuredmedia":[{"embeddable":true,"href":"https:\/\/www.europesays.com\/pl\/wp-json\/wp\/v2\/media\/573561"}],"wp:attachment":[{"href":"https:\/\/www.europesays.com\/pl\/wp-json\/wp\/v2\/media?parent=573560"}],"wp:term":[{"taxonomy":"category","embeddable":true,"href":"https:\/\/www.europesays.com\/pl\/wp-json\/wp\/v2\/categories?post=573560"},{"taxonomy":"post_tag","embeddable":true,"href":"https:\/\/www.europesays.com\/pl\/wp-json\/wp\/v2\/tags?post=573560"}],"curies":[{"name":"wp","href":"https:\/\/api.w.org\/{rel}","templated":true}]}}