{"id":573624,"date":"2026-07-23T03:00:10","date_gmt":"2026-07-23T03:00:10","guid":{"rendered":"https:\/\/www.europesays.com\/pl\/573624\/"},"modified":"2026-07-23T03:00:10","modified_gmt":"2026-07-23T03:00:10","slug":"nieudany-debiut-lewandowskiego-w-mls-blyszczal-ktos-inny","status":"publish","type":"post","link":"https:\/\/www.europesays.com\/pl\/573624\/","title":{"rendered":"Nieudany debiut Lewandowskiego w MLS. B\u0142yszcza\u0142 kto\u015b inny"},"content":{"rendered":"\n<p class=\"contentpart contentpart--default contentpart--text\" data-position=\"0\">Czekali\u015bmy, czekali\u015bmy i doczekali\u015bmy si\u0119 debiutu Roberta Lewandowskiego w Major League Soccer. Punktualnie o godz. 1.40 polskiego czasu rozpocz\u0105\u0142 si\u0119 mecz Interu Miami z Chicago Fire. Teoretycznie mia\u0142 wystartowa\u0107 o 1.30, ale to jest USA, a nie Europa. Tu nikt nikogo nie pop\u0119dza, nie trzyma si\u0119 scenariusza.<\/p>\n<p class=\"contentpart contentpart--default contentpart--text\" data-position=\"1\">No i si\u0119 zacz\u0119\u0142o. Powiedzmy tak: sam mecz sta\u0142 na niez\u0142ym poziomie, natomiast zdecydowanie nie by\u0142 to spektakularny wyst\u0119p Lewandowskiego.<\/p>\n<p>  <img decoding=\"async\" src=\"https:\/\/v.wpimg.pl\/X3dwLnN2d1IFFTpdYUl6R0ZNbgcnEHQREVV2TGEGbUtRT2MdOlZ2RBQUKABgQjQcDRotCStBd1IAAWMeIlM7VgwYIAorQAdEFFk_GCkQJQ\" alt=\"\" width=\"45\" height=\"58\" loading=\"lazy\"\/>  <\/p>\n<p class=\"contentpart contentpart--default contentpart--text\" data-position=\"2\">Je\u015bli ju\u017c kto\u015b b\u0142yszcza\u0142, to Luis Suarez. Pierwszego gola strzeli\u0142 co prawda z rzutu karnego, ale drugi pad\u0142 po fantastycznej akcji i &#8211; przede wszystkim &#8211; asy\u015bcie pi\u0119t\u0105\u00a0Germana Berterame. Wydawa\u0142o si\u0119, \u017ce gospodarze ju\u017c to maj\u0105, pomimo gola straconego ju\u017c w 18. minucie. I to w kuriozalnych okoliczno\u015bciach &#8211; Ian Fray podawa\u0142 pi\u0142k\u0119 do w\u0142asnego bramkarza, ten w ni\u0105 nie trafi\u0142 i zrobi\u0142o si\u0119 0:1. Sytuacj\u0119 o 180 stopni odwr\u00f3ci\u0142 Suarez, w drugiej po\u0142owie Chicago Fire doprowadzi\u0142o do wyr\u00f3wnania, jednak ostatnie s\u0142owo nale\u017ca\u0142o do miejscowych.<\/p>\n<p class=\"contentpart contentpart--default contentpart--text\" data-position=\"3\">ZOBACZ WIDEO: Sektor z widokiem za milion dolar\u00f3w na finale? Tak wygl\u0105da\u0142y kulisy<\/p>\n<p class=\"contentpart contentpart--default contentpart--text\" data-position=\"5\">Lewandowski ju\u017c po pierwszej po\u0142owie musia\u0142 zda\u0107 sobie spraw\u0119, \u017ce nie trafi\u0142 do wybitnego zespo\u0142u. Momentami mo\u017cna by\u0142o odnie\u015b\u0107 wra\u017cenie, \u017ce nie za bardzo ma z kim pogra\u0107 w pi\u0142k\u0119. Mia\u0142 jeden zablokowany strza\u0142, jedno dobre do\u015brodkowanie (po kt\u00f3rym &#8211; dodajmy &#8211; spektakularnie spud\u0142owa\u0142 Jonathan Bamba) i jedno efektowne rozpocz\u0119cie kontry, kt\u00f3ra jednak zosta\u0142a zepsuta przez koleg\u0119 z dru\u017cyny. Najbardziej podoba\u0107 mog\u0142o si\u0119 to, gdy pocz\u0105tku spotkania pos\u0142a\u0142 pi\u0142k\u0119 mi\u0119dzy nogami Sergio Reguilona.<\/p>\n<p>  <img decoding=\"async\" src=\"https:\/\/v.wpimg.pl\/X3dwLnN2d1IFFTpdYUl6R0ZNbgcnEHQREVV2TGEGbUtRT2MdOlZ2RBQUKABgQjQcDRotCStBd1IAAWMeIlM7VgwYIAorQAdEFFk_GCkQJQ\" alt=\"\" width=\"45\" height=\"58\" loading=\"lazy\"\/>  <\/p>\n<p class=\"contentpart contentpart--default contentpart--text\" data-position=\"6\">Polak zosta\u0142 zmieniony w 63. minucie. Widocznie na wi\u0119cej nie starczy\u0142o mu si\u0142.<\/p>\n<p class=\"contentpart contentpart--default contentpart--text\" data-position=\"7\">A chwil\u0119 po jego zej\u015bciu pad\u0142 gol wyr\u00f3wnuj\u0105cy.\u00a0Puso Dithejane odda\u0142 precyzyjny strza\u0142 przy s\u0142upku, doprowadzaj\u0105c do wyr\u00f3wnania. Zanosi\u0142o si\u0119 na raczej sprawiedliwy remis 2:2, ale w samej ko\u0144c\u00f3wce kolejn\u0105 \u015bwietn\u0105 akcj\u0119 przeprowadzi\u0142 Inter Miami. Strza\u0142 Suareza (w \u015brodek) obroni\u0142 jeszcze\u00a0Chris Brady, natomiast wobec dobitki\u00a0Prestona Plambecka by\u0142 ju\u017c bezradny.<\/p>\n<p class=\"contentpart contentpart--default contentpart--text\" data-position=\"8\">Powiedzmy te\u017c ma\u0142\u0105 ciekawostk\u0119 &#8211;\u00a0Lewandowski nie przyci\u0105gn\u0105\u0142 t\u0142um\u00f3w na trybuny. To jednak nie Chicago. By\u0142o sporo wolnych miejsc, a kibice nie skusili si\u0119 na bilety, kt\u00f3re kosztowa\u0142y nawet dziewi\u0119\u0107 dolar\u00f3w. Brak przebywaj\u0105cego na urlopie Lionela Messiego swoje zrobi\u0142.<\/p>\n<p class=\"contentpart contentpart--default contentpart--text\" data-position=\"9\"><a href=\"https:\/\/sportowefakty.wp.pl\/pilka-nozna\/inter-miami\" rel=\"nofollow noopener\" target=\"_blank\">Inter Miami<\/a>\u00a0&#8211; <a href=\"https:\/\/sportowefakty.wp.pl\/pilka-nozna\/chicago-fire\" rel=\"nofollow noopener\" target=\"_blank\">Chicago Fire<\/a>\u00a03:2 (1:1)<br \/>0:1 Ian Fray (s.) 18&#8242;<br \/>1:1 Luis Suarez (k.) 27&#8242;<br \/>2:1 Luis Suarez 51&#8242;<br \/>2:2\u00a0Puso Dithejane 67&#8242;<br \/>3:2\u00a0Preston Plambeck 87&#8242;<\/p>\n<p>  <img decoding=\"async\" src=\"https:\/\/v.wpimg.pl\/X3dwLnN2d1IFFTpdYUl6R0ZNbgcnEHQREVV2TGEGbUtRT2MdOlZ2RBQUKABgQjQcDRotCStBd1IAAWMeIlM7VgwYIAorQAdEFFk_GCkQJQ\" alt=\"\" width=\"45\" height=\"58\" loading=\"lazy\"\/>  <\/p>\n<p class=\"contentpart contentpart--default contentpart--text\" data-position=\"10\">Sk\u0142ady:<\/p>\n<p class=\"contentpart contentpart--default contentpart--text\" data-position=\"11\">Inter Miami:\u00a0Rocco Rios Novo &#8211;\u00a0Facundo Mura, Ian Fray (85&#8242; Noah Allen),\u00a0Micael, Sergio Reguilon &#8211;\u00a0David Ruiz (69&#8242; Preston Plambeck),\u00a0Yannick Bright,\u00a0Telasco Segovia &#8211;\u00a0Mateo Silvetti (74&#8242; Daniel Pinter),\u00a0German Berterame, Luis Suarez.<\/p>\n<p class=\"contentpart contentpart--default contentpart--text\" data-position=\"12\">Chicago Fire:\u00a0Chris Brady &#8211;\u00a0Jonathan Dean,\u00a0Joel Waterman, Jack Elliott,\u00a0Andrew Gutman (89&#8242;\u00a0Viktor Radojevi\u0107) &#8211;\u00a0Philip Zinckernagel (63&#8242; Puso Dithejane),\u00a0Anton Saletros,\u00a0Dje D&#8217;Avilla (63&#8242; Mauricio Pineda), Jonathan Bamba &#8211; Robert Lewandowski (63&#8242; Robin Lod),\u00a0Maren Haile-Selassie (88&#8242; Jason Shokalook).<\/p>\n<p class=\"contentpart contentpart--default contentpart--text\" data-position=\"13\">\u017b\u00f3\u0142te kartki: Reguilon (Inter Miami) oraz Elliott (Chicago Fire).<\/p>\n<p class=\"contentpart contentpart--default contentpart--text\" data-position=\"14\">S\u0119dzia:\u00a0Rubiel Vazquez (USA).<\/p>\n","protected":false},"excerpt":{"rendered":"Czekali\u015bmy, czekali\u015bmy i doczekali\u015bmy si\u0119 debiutu Roberta Lewandowskiego w Major League Soccer. Punktualnie o godz. 1.40 polskiego czasu&hellip;\n","protected":false},"author":2,"featured_media":573625,"comment_status":"","ping_status":"","sticky":false,"template":"","format":"standard","meta":{"footnotes":"","_share_on_mastodon":"0"},"categories":[5],"tags":[32,33,31286,36,37,99008,27,1249,34,35,12738,12740,99007,28,31,25,269,42,38,40,39,41,273,29,30,71,26],"class_list":["post-573624","post","type-post","status-publish","format-standard","has-post-thumbnail","category-naglowki","tag-breaking-news","tag-breakingnews","tag-chicago-fire","tag-featured-news","tag-featurednews","tag-hard-rock-stadium-w-miami-gardens","tag-headlines","tag-inter-miami","tag-latest-news","tag-latestnews","tag-luis-suarez","tag-major-league-soccer","tag-miami-gardens","tag-naglowki","tag-najwazniejsze-artykuly","tag-news","tag-pilka-nozna","tag-pl","tag-poland","tag-polish","tag-polska","tag-polski","tag-robert-lewandowski","tag-top-stories","tag-topstories","tag-usa","tag-wiadomosci"],"share_on_mastodon":{"url":"https:\/\/pubeurope.com\/@pl\/116967062008851435","error":""},"_links":{"self":[{"href":"https:\/\/www.europesays.com\/pl\/wp-json\/wp\/v2\/posts\/573624","targetHints":{"allow":["GET"]}}],"collection":[{"href":"https:\/\/www.europesays.com\/pl\/wp-json\/wp\/v2\/posts"}],"about":[{"href":"https:\/\/www.europesays.com\/pl\/wp-json\/wp\/v2\/types\/post"}],"author":[{"embeddable":true,"href":"https:\/\/www.europesays.com\/pl\/wp-json\/wp\/v2\/users\/2"}],"replies":[{"embeddable":true,"href":"https:\/\/www.europesays.com\/pl\/wp-json\/wp\/v2\/comments?post=573624"}],"version-history":[{"count":0,"href":"https:\/\/www.europesays.com\/pl\/wp-json\/wp\/v2\/posts\/573624\/revisions"}],"wp:featuredmedia":[{"embeddable":true,"href":"https:\/\/www.europesays.com\/pl\/wp-json\/wp\/v2\/media\/573625"}],"wp:attachment":[{"href":"https:\/\/www.europesays.com\/pl\/wp-json\/wp\/v2\/media?parent=573624"}],"wp:term":[{"taxonomy":"category","embeddable":true,"href":"https:\/\/www.europesays.com\/pl\/wp-json\/wp\/v2\/categories?post=573624"},{"taxonomy":"post_tag","embeddable":true,"href":"https:\/\/www.europesays.com\/pl\/wp-json\/wp\/v2\/tags?post=573624"}],"curies":[{"name":"wp","href":"https:\/\/api.w.org\/{rel}","templated":true}]}}