{"id":573889,"date":"2026-07-23T06:08:10","date_gmt":"2026-07-23T06:08:10","guid":{"rendered":"https:\/\/www.europesays.com\/pl\/573889\/"},"modified":"2026-07-23T06:08:10","modified_gmt":"2026-07-23T06:08:10","slug":"tak-kibice-klubu-messiego-potraktowali-lewandowskiego-jest-nagranie","status":"publish","type":"post","link":"https:\/\/www.europesays.com\/pl\/573889\/","title":{"rendered":"Tak kibice klubu Messiego potraktowali Lewandowskiego. Jest nagranie"},"content":{"rendered":"<p>Ameryka\u0144ski sen Roberta Lewandowskiego rozpocz\u0105\u0142 si\u0119 od zimnego prysznica. Polak zadebiutowa\u0142 w barwach Chicago Fire w wyjazdowym, niezwykle trudnym starciu z Interem Miami (2:3). Cho\u0107 na murawie zabrak\u0142o Leo Messiego, brylowa\u0142 na niej Luis Suarez. Dla Lewandowskiego by\u0142 to wiecz\u00f3r do zapomnienia: zaledwie jeden zablokowany strza\u0142, brak dynamiki i ostatecznie zmiana w 63. minucie. Jednak to, co wydarzy\u0142o si\u0119 poza uwag\u0105 g\u0142\u00f3wnych realizator\u00f3w transmisji, jest najlepszym dowodem na to, z jakim statusem Polak zameldowa\u0142 si\u0119 w MLS.<\/p>\n<p> Dalszy ci\u0105g artyku\u0142u pod materia\u0142em wideo Fani klubu Messiego nie mieli w\u0105tpliwo\u015bci <\/p>\n<p>W mediach spo\u0142eczno\u015bciowych b\u0142yskawicznie rozesz\u0142o si\u0119 nagranie. Wida\u0107 na nim, jak po zako\u0144czeniu spotkania Robert Lewandowski kieruje si\u0119 w stron\u0119 sektor\u00f3w zajmowanych przez lokalnych kibic\u00f3w dru\u017cyny Davida Beckhama.<\/p>\n<p>Mo\u017cna by\u0142o si\u0119 spodziewa\u0107, \u017ce fani Interu Miami, rozentuzjazmowani zwyci\u0119stwem nad chicagowsk\u0105 ekip\u0105, przywitaj\u0105 schodz\u0105cego na tarczy rywala gwizdami lub uszczypliwymi okrzykami. Reakcja by\u0142a jednak zupe\u0142nie inna. Gdy tylko Polak zbli\u017cy\u0142 si\u0119 do band reklamowych, kibice w r\u00f3\u017cowo-czarnych barwach ju\u017c na niego czekali.<\/p>\n<p>Lewandowski zosta\u0142 poproszony o autografy. Dosta\u0142 te\u017c wyrazy ogromnego szacunku.<\/p>\n<p>Szansa na sportowe odkucie si\u0119 i zmazanie plamy z Miami nadejdzie bardzo szybko. Ju\u017c w najbli\u017csz\u0105 niedziel\u0119, 26 lipca, Chicago Fire podejmie na w\u0142asnym stadionie ekip\u0119 New York City FC.<\/p>\n","protected":false},"excerpt":{"rendered":"Ameryka\u0144ski sen Roberta Lewandowskiego rozpocz\u0105\u0142 si\u0119 od zimnego prysznica. Polak zadebiutowa\u0142 w barwach Chicago Fire w wyjazdowym, niezwykle&hellip;\n","protected":false},"author":2,"featured_media":573890,"comment_status":"","ping_status":"","sticky":false,"template":"","format":"standard","meta":{"footnotes":"","_share_on_mastodon":"0"},"categories":[52122],"tags":[61195,31027,9400,1356,16482,46245,16673,48,46,948,6010,752,42,38,40,39,41,300,47],"class_list":["post-573889","post","type-post","status-publish","format-standard","has-post-thumbnail","category-pko-bank-polski","tag-bottomfeed_styl","tag-chicago_fire","tag-david_beckham","tag-inter_miami","tag-leo_messi","tag-luis_suarez","tag-mls","tag-nat_styl","tag-omp","tag-pilka_nozna","tag-pko-bank-polski","tag-pko-bp","tag-pl","tag-poland","tag-polish","tag-polska","tag-polski","tag-robert_lewandowski","tag-screening_general"],"share_on_mastodon":{"url":"https:\/\/pubeurope.com\/@pl\/116967801233168208","error":""},"_links":{"self":[{"href":"https:\/\/www.europesays.com\/pl\/wp-json\/wp\/v2\/posts\/573889","targetHints":{"allow":["GET"]}}],"collection":[{"href":"https:\/\/www.europesays.com\/pl\/wp-json\/wp\/v2\/posts"}],"about":[{"href":"https:\/\/www.europesays.com\/pl\/wp-json\/wp\/v2\/types\/post"}],"author":[{"embeddable":true,"href":"https:\/\/www.europesays.com\/pl\/wp-json\/wp\/v2\/users\/2"}],"replies":[{"embeddable":true,"href":"https:\/\/www.europesays.com\/pl\/wp-json\/wp\/v2\/comments?post=573889"}],"version-history":[{"count":0,"href":"https:\/\/www.europesays.com\/pl\/wp-json\/wp\/v2\/posts\/573889\/revisions"}],"wp:featuredmedia":[{"embeddable":true,"href":"https:\/\/www.europesays.com\/pl\/wp-json\/wp\/v2\/media\/573890"}],"wp:attachment":[{"href":"https:\/\/www.europesays.com\/pl\/wp-json\/wp\/v2\/media?parent=573889"}],"wp:term":[{"taxonomy":"category","embeddable":true,"href":"https:\/\/www.europesays.com\/pl\/wp-json\/wp\/v2\/categories?post=573889"},{"taxonomy":"post_tag","embeddable":true,"href":"https:\/\/www.europesays.com\/pl\/wp-json\/wp\/v2\/tags?post=573889"}],"curies":[{"name":"wp","href":"https:\/\/api.w.org\/{rel}","templated":true}]}}