{"id":573982,"date":"2026-07-23T07:05:25","date_gmt":"2026-07-23T07:05:25","guid":{"rendered":"https:\/\/www.europesays.com\/pl\/573982\/"},"modified":"2026-07-23T07:05:25","modified_gmt":"2026-07-23T07:05:25","slug":"trener-chicago-fire-wprost-ocenil-to-co-zrobil-robert-lewandowski","status":"publish","type":"post","link":"https:\/\/www.europesays.com\/pl\/573982\/","title":{"rendered":"Trener Chicago Fire wprost oceni\u0142 to, co zrobi\u0142 Robert Lewandowski"},"content":{"rendered":"<p>Robert Lewandowski w swoim pierwszym meczu w Chicago Fire [<a href=\"https:\/\/przegladsportowy.onet.pl\/pilka-nozna\/mls\/falstart-roberta-lewandowskiego-w-debiucie-w-usa-ta-mina-mowila-wszystko\/6wmhnz0\" id=\"6dbacf99-1a45-4777-a825-c1e033a99b99\" rel=\"nofollow noopener\" target=\"_blank\">przegranym 2:3 z Interem Miami<\/a>] rozegra\u0142 nieco ponad godzin\u0119. Po tym czasie trener Gregg Berhalter zdecydowa\u0142 si\u0119 \u015bci\u0105gn\u0105\u0107 go z boiska i, jak si\u0119 okazuje, by\u0142o to zaplanowane dzia\u0142anie. Dalszy ci\u0105g artyku\u0142u pod materia\u0142em wideo <\/p>\n<p>&#8222;To by\u0142o dla nas priorytetem, \u017ceby wystawi\u0107 go dzi\u015b na boisko. Trenowa\u0142 dopiero przez siedem lub osiem dni, wi\u0119c spodziewamy si\u0119, \u017ce b\u0119dzie mia\u0142 du\u017cy wp\u0142yw na gr\u0119, gdy b\u0119dzie dalej nabiera\u0142 formy&#8221; \u2014 stwierdzi\u0142 Berhalter po meczu, cytowany przez oficjaln\u0105 stron\u0119 MLS.<\/p>\n<p> Robert Lewandowski stwierdzi\u0142 wprost. &#8222;Przed meczem wiedzia\u0142em&#8221;<\/p>\n<p>&#8222;Jak w przypadku ka\u017cdego zawodnika, trzeba stopniowo budowa\u0107 kondycj\u0119, si\u0142\u0119 i moc, a wtedy wszystko zaczyna dzia\u0142a\u0107. Czas potrzebny na doj\u015bcie do pe\u0142nej formy jest inny dla ka\u017cdego pi\u0142karza. Nie jeste\u015bmy teraz w okresie przygotowawczym \u2014 jeste\u015bmy w \u015brodku sezonu \u2014 i trzeba to wzi\u0105\u0107 pod uwag\u0119&#8221; \u2014 doda\u0142.<\/p>\n<p>Tak\u017ce sam Robert Lewandowski przyzna\u0142, \u017ce wiedzia\u0142 o tym, \u017ce w trakcie spotkania zejdzie z boiska.<\/p>\n<p>&#8222;Przed meczem wiedzia\u0142em, \u017ce mog\u0119 zagra\u0107 maksymalnie 60 min. Tydzie\u0144 to niewiele czasu, \u017ceby by\u0107 w pe\u0142ni gotowy. Przed spotkaniem stara\u0142em si\u0119 jak najlepiej przygotowa\u0107. Mecz by\u0142 dla nas trudny. Ostatecznie uwa\u017cam, \u017ce pope\u0142nili\u015bmy zbyt wiele prostych b\u0142\u0119d\u00f3w, a Inter Miami zdoby\u0142 po nich gole. Musimy wi\u0119c dalej pracowa\u0107. My\u015bl\u0119, \u017ce w nast\u0119pnym meczu, maj\u0105c wi\u0119cej wiedzy i do\u015bwiadczenia, b\u0119dzie lepiej&#8221; \u2014 stwierdzi\u0142 Polak.<\/p>\n","protected":false},"excerpt":{"rendered":"Robert Lewandowski w swoim pierwszym meczu w Chicago Fire [przegranym 2:3 z Interem Miami] rozegra\u0142 nieco ponad godzin\u0119.&hellip;\n","protected":false},"author":2,"featured_media":573983,"comment_status":"","ping_status":"","sticky":false,"template":"","format":"standard","meta":{"footnotes":"","_share_on_mastodon":"0"},"categories":[52122],"tags":[61195,31027,103159,1356,32267,16673,48,46,948,6010,752,42,38,40,39,41,300,47],"class_list":["post-573982","post","type-post","status-publish","format-standard","has-post-thumbnail","category-pko-bank-polski","tag-bottomfeed_styl","tag-chicago_fire","tag-gregg_berhalter","tag-inter_miami","tag-major_league_soccer","tag-mls","tag-nat_styl","tag-omp","tag-pilka_nozna","tag-pko-bank-polski","tag-pko-bp","tag-pl","tag-poland","tag-polish","tag-polska","tag-polski","tag-robert_lewandowski","tag-screening_general"],"share_on_mastodon":{"url":"https:\/\/pubeurope.com\/@pl\/116968025629532546","error":""},"_links":{"self":[{"href":"https:\/\/www.europesays.com\/pl\/wp-json\/wp\/v2\/posts\/573982","targetHints":{"allow":["GET"]}}],"collection":[{"href":"https:\/\/www.europesays.com\/pl\/wp-json\/wp\/v2\/posts"}],"about":[{"href":"https:\/\/www.europesays.com\/pl\/wp-json\/wp\/v2\/types\/post"}],"author":[{"embeddable":true,"href":"https:\/\/www.europesays.com\/pl\/wp-json\/wp\/v2\/users\/2"}],"replies":[{"embeddable":true,"href":"https:\/\/www.europesays.com\/pl\/wp-json\/wp\/v2\/comments?post=573982"}],"version-history":[{"count":0,"href":"https:\/\/www.europesays.com\/pl\/wp-json\/wp\/v2\/posts\/573982\/revisions"}],"wp:featuredmedia":[{"embeddable":true,"href":"https:\/\/www.europesays.com\/pl\/wp-json\/wp\/v2\/media\/573983"}],"wp:attachment":[{"href":"https:\/\/www.europesays.com\/pl\/wp-json\/wp\/v2\/media?parent=573982"}],"wp:term":[{"taxonomy":"category","embeddable":true,"href":"https:\/\/www.europesays.com\/pl\/wp-json\/wp\/v2\/categories?post=573982"},{"taxonomy":"post_tag","embeddable":true,"href":"https:\/\/www.europesays.com\/pl\/wp-json\/wp\/v2\/tags?post=573982"}],"curies":[{"name":"wp","href":"https:\/\/api.w.org\/{rel}","templated":true}]}}