{"id":574432,"date":"2026-07-23T11:52:11","date_gmt":"2026-07-23T11:52:11","guid":{"rendered":"https:\/\/www.europesays.com\/pl\/574432\/"},"modified":"2026-07-23T11:52:11","modified_gmt":"2026-07-23T11:52:11","slug":"marcin-herra-kraina-przecietniactwa-nie-jest-dla-legii","status":"publish","type":"post","link":"https:\/\/www.europesays.com\/pl\/574432\/","title":{"rendered":"Marcin Herra: Kraina przeci\u0119tniactwa nie jest dla Legii"},"content":{"rendered":"\n<p class=\"contentpart contentpart--default contentpart--text\" data-position=\"0\">Sebastian Staszewski, WP SportoweFakty:\u00a0Zna pan stadionow\u0105 przy\u015bpiewk\u0119 z lat 80. i 90., kt\u00f3ra zaczyna si\u0119 od s\u0142\u00f3w: &#8222;S\u0142uchaj Jezu, jak ci\u0119 b\u0142aga lud&#8221;?<\/p>\n<p class=\"contentpart contentpart--default contentpart--text\" data-position=\"1\"><a href=\"https:\/\/sportowefakty.wp.pl\/inne\/marcin-herra\" rel=\"nofollow noopener\" target=\"_blank\">Marcin Herra<\/a>, prezes Legii Warszawa:\u00a0I co jest dalej?<\/p>\n<p>  <img decoding=\"async\" src=\"https:\/\/v.wpimg.pl\/X3dwLnN2d1IFFTpdYUl6R0ZNbgcnEHQREVV2TGEGbUtRT2MdOlZ2RBQUKABgQjQcDRotCStBd1IAAWMeIlM7VgwYIAorQAdEFFk_GCkQJQ\" alt=\"\" width=\"45\" height=\"58\" loading=\"lazy\"\/>  <\/p>\n<p class=\"contentpart contentpart--default contentpart--text\" data-position=\"2\">Ca\u0142o\u015b\u0107 leci tak: &#8222;S\u0142uchaj Jezu, jak ci\u0119 b\u0142aga lud, s\u0142uchaj z Legii mistrza Polski zr\u00f3b. My czekamy ju\u017c 20 lat, Jezu, Jezu, chyba nadszed\u0142 czas&#8221;. Z roku na rok zmienia\u0142a si\u0119 tylko liczba lat, przez kt\u00f3re kibice czekali na tytu\u0142. Wtedy w sumie by\u0142o ich 24. A teraz ile ich b\u0119dzie?<\/p>\n<p class=\"contentpart contentpart--default contentpart--text\" data-position=\"3\">S\u0105dz\u0119, \u017ce ostatni\u0105 rzecz\u0105, kt\u00f3rej kibice ode mnie oczekuj\u0105, jest rozpocz\u0119cie naszej rozmowy od deklaracji, kiedy do Warszawy powr\u00f3ci mistrzostwo.<br \/>A mnie si\u0119 zdaje, \u017ce jest odwrotnie. Przecie\u017c ostatni tytu\u0142 zdobyli\u015bcie pi\u0119\u0107 lat temu, w sezonie 2020\/21.<\/p>\n<p class=\"contentpart contentpart--default contentpart--text\" data-position=\"4\">Mamy swoje ambicje, ale nie zamierzamy publicznie pr\u0119\u017cy\u0107 musku\u0142\u00f3w. To nic nam nie da, przemawia\u0107 maj\u0105 efekty naszej pracy. Natomiast oczywistym jest, \u017ce Legia w lidze zawsze musi walczy\u0107 o zwyci\u0119stwo.<\/p>\n<p class=\"contentpart contentpart--default contentpart--text\" data-position=\"5\">ZOBACZ WIDEO: Ogl\u0105da\u0142 debiut Lewandowskiego ze stadionu. Nie zak\u0142amywa\u0142 rzeczywisto\u015bci<\/p>\n<p class=\"contentpart contentpart--default contentpart--text\" data-position=\"7\">Ale w poprzednich latach nie walczy\u0142a. Ostatni raz tak \u017ale na \u0141azienkowskiej by\u0142o na prze\u0142omie ustroj\u00f3w, gdy lud b\u0142aga\u0142 Jezusa o upragniony tytu\u0142. Tylko wtedy klub chwia\u0142 si\u0119 jak trafiony ciosem bokser, bo odci\u0119to go od armijnego finansowania, kt\u00f3re znikn\u0119\u0142o wraz upadkiem komunizmu. A teraz sytuacji winni s\u0105 konkretni ludzie. Mi\u0119dzy innymi pan.<\/p>\n<p>  <img decoding=\"async\" src=\"https:\/\/v.wpimg.pl\/X3dwLnN2d1IFFTpdYUl6R0ZNbgcnEHQREVV2TGEGbUtRT2MdOlZ2RBQUKABgQjQcDRotCStBd1IAAWMeIlM7VgwYIAorQAdEFFk_GCkQJQ\" alt=\"\" width=\"45\" height=\"58\" loading=\"lazy\"\/>  <\/p>\n<p class=\"contentpart contentpart--default contentpart--text\" data-position=\"8\">Mierzymy si\u0119 z problemami, to \u017cadna tajemnica. Jednocze\u015bnie wci\u0105\u017c jeste\u015bmy najsilniejsz\u0105 polsk\u0105 mark\u0105 pi\u0142karsk\u0105, najbardziej utytu\u0142owanym klubem. Poza tym dzi\u015b znajdujemy si\u0119 w innym miejscu ni\u017c w grudniu, gdy grozi\u0142 nam spadek&#8230;<\/p>\n<p class=\"contentpart contentpart--default contentpart--text\" data-position=\"9\">Wtedy stali\u015bcie w przedsionku piek\u0142a, teraz jeste\u015bcie w czy\u015b\u0107cu?<\/p>\n<p class=\"contentpart contentpart--default contentpart--text\" data-position=\"10\">U\u017cy\u0142bym innej metafory. Wtedy trwa\u0142 pot\u0119\u017cny sztorm, z kt\u00f3rego jednak wyszli\u015bmy ca\u0142o. Wody wci\u0105\u017c s\u0105 niespokojne, port jest daleko, ale weszli\u015bmy na odpowiedni kurs. Mamy silny sztab szkoleniowy z mocnym liderem oraz dru\u017cyn\u0119, kt\u00f3ra rozwija si\u0119 sportowo i wierzy w wyznaczony kierunek. Ponadto dok\u0142adamy kolejne elementy tej uk\u0142adanki.<\/p>\n<p class=\"contentpart contentpart--default contentpart--text\" data-position=\"11\">Skoro macie tyle atut\u00f3w, to mo\u017ce jednak zadeklaruje pan, \u017ce mistrzostwo wr\u00f3ci do Warszawy ju\u017c za rok?<\/p>\n<p>  <img decoding=\"async\" src=\"https:\/\/v.wpimg.pl\/X3dwLnN2d1IFFTpdYUl6R0ZNbgcnEHQREVV2TGEGbUtRT2MdOlZ2RBQUKABgQjQcDRotCStBd1IAAWMeIlM7VgwYIAorQAdEFFk_GCkQJQ\" alt=\"\" width=\"45\" height=\"58\" loading=\"lazy\"\/>  <\/p>\n<p class=\"contentpart contentpart--default contentpart--text\" data-position=\"12\">W interesie ca\u0142ej Legii jest to, aby tytu\u0142 wr\u00f3ci\u0142 na \u0141azienkowsk\u0105 jak najszybciej. Ale tak jak m\u00f3wi\u0142em: nie s\u0142owa, lecz czyny maj\u0105 nas do tego doprowadzi\u0107.<\/p>\n<p class=\"contentpart contentpart--default contentpart--text\" data-position=\"13\">Kto jest winny kryzysu, w kt\u00f3rym znalaz\u0142a si\u0119 Legia?<\/p>\n<p class=\"contentpart contentpart--default contentpart--text\" data-position=\"14\">Ka\u017cdy sukces jest zas\u0142ug\u0105 ca\u0142ego klubu. Podobnie jest z pora\u017ck\u0105.<\/p>\n<p class=\"contentpart contentpart--default contentpart--text\" data-position=\"15\">Taki og\u00f3lnik to ucieczka od wzi\u0119cia odpowiedzialno\u015bci.<\/p>\n<p class=\"contentpart contentpart--default contentpart--text\" data-position=\"16\">Nie uciekamy od niej. Przeprowadzili\u015bmy dok\u0142adn\u0105 analiz\u0119 poprzedniego sezonu i mamy konkretne wnioski, kt\u00f3re wdra\u017camy.<\/p>\n<p>  <img decoding=\"async\" src=\"https:\/\/v.wpimg.pl\/X3dwLnN2d1IFFTpdYUl6R0ZNbgcnEHQREVV2TGEGbUtRT2MdOlZ2RBQUKABgQjQcDRotCStBd1IAAWMeIlM7VgwYIAorQAdEFFk_GCkQJQ\" alt=\"\" width=\"45\" height=\"58\" loading=\"lazy\"\/>  <\/p>\n<p class=\"contentpart contentpart--default contentpart--text\" data-position=\"17\">Kto wi\u0119c wed\u0142ug nich jest winien sytuacji?<\/p>\n<p class=\"contentpart contentpart--default contentpart--text\" data-position=\"18\">Nie wska\u017c\u0119 panu jednej osoby.<\/p>\n<p class=\"contentpart contentpart--default contentpart--text\" data-position=\"19\">Dlaczego? <\/p>\n<p class=\"contentpart contentpart--default contentpart--text\" data-position=\"20\">Bo to wszystko jest znacznie bardziej z\u0142o\u017cone. Wiemy, kt\u00f3re obszary wymaga\u0142y zmian, poprawy i nowych rozwi\u0105za\u0144. Poza tym to te\u017c nie jest tak, \u017ce do tej pory wszystko robili\u015bmy \u017ale. Oczywi\u015bcie, pope\u0142nili\u015bmy b\u0142\u0119dy, kt\u00f3re jednak naprawili\u015bmy, nad innymi dalej pracujemy. Jedn\u0105 z kluczowych decyzji, kt\u00f3ra ma nam pom\u00f3c, jest ustabilizowanie sytuacji w dziale sportu. Jego liderem jest teraz Fredi Bobi\u0107, nasz dyrektor sportowy, kt\u00f3ry bierze pe\u0142n\u0105 odpowiedzialno\u015b\u0107 za sprawy pi\u0142karskie.<\/p>\n<p>  <img decoding=\"async\" src=\"https:\/\/v.wpimg.pl\/X3dwLnN2d1IFFTpdYUl6R0ZNbgcnEHQREVV2TGEGbUtRT2MdOlZ2RBQUKABgQjQcDRotCStBd1IAAWMeIlM7VgwYIAorQAdEFFk_GCkQJQ\" alt=\"\" width=\"45\" height=\"58\" loading=\"lazy\"\/>  <\/p>\n<p class=\"contentpart contentpart--default contentpart--text\" data-position=\"21\">Pan m\u00f3wi o naprawianiu. A ja pytam, kto popsu\u0142. Pan?<\/p>\n<p class=\"contentpart contentpart--default contentpart--text\" data-position=\"22\">Wina le\u017cy tak\u017ce po mojej stronie. Dlatego niedawno przeprosi\u0142em kibic\u00f3w.<\/p>\n<p class=\"contentpart contentpart--default contentpart--text\" data-position=\"23\">W opublikowanym pod koniec maja o\u015bwiadczeniu napisa\u0142 pan: &#8222;Chc\u0119 was przeprosi\u0107. Za wyniki i za rozczarowania, kt\u00f3re mijaj\u0105cy sezon przyni\u00f3s\u0142. Przepraszam&#8221;. Nie lepiej by\u0142o wyj\u015b\u0107 do ludzi i z nimi porozmawia\u0107? <\/p>\n<p class=\"contentpart contentpart--default contentpart--text\" data-position=\"24\">W ten spos\u00f3b mo\u017cna podwa\u017cy\u0107 wszystko. Niekt\u00f3rzy podwa\u017cali nawet dzie\u0144 i godzin\u0119 tego listu, sugeruj\u0105c, \u017ce chcia\u0142em si\u0119 schowa\u0107 za meczem reprezentacji Polski, co by\u0142o kompletn\u0105 bzdur\u0105. Za chwil\u0119 natomiast kto\u015b inny skrytykuje na przyk\u0142ad to, \u017ce spotka\u0142em si\u0119 akurat z panem i porozmawiali\u015bmy w taki, a nie inny spos\u00f3b. Uwa\u017cam, \u017ce jestem blisko kibic\u00f3w, nigdy si\u0119 przed nimi nie chowa\u0142em, nie chowam i nie zamierzam tego robi\u0107. Regularnie rozmawiam z lud\u017ami z r\u00f3\u017cnych trybun, pojawiam si\u0119 w r\u00f3\u017cnych miejscach na stadionie i wys\u0142uchuj\u0119 uwag, krytyki. W tym sezonie chcemy t\u0105 komunikacj\u0119 jeszcze poprawi\u0107, planujemy cho\u0107by oficjalne spotkania z fanami. Natomiast wracaj\u0105c do moich przeprosin, to dow\u00f3d na to, \u017ce nie uciekam od odpowiedzialno\u015bci. Przecie\u017c ma pan \u015bwiadomo\u015b\u0107, jak rzadko zdarza si\u0119, \u017ce prezes klubu pi\u0142karskiego szczerze i wprost przeprasza.<\/p>\n<p class=\"contentpart contentpart--default contentpart--text\" data-position=\"25\">To fakt, przeprosiny zawsze warto doceni\u0107, ale mimo to zapytam pana wprost: czy poda si\u0119 pan do dymisji?<\/p>\n<p class=\"contentpart contentpart--default contentpart--text\" data-position=\"26\">A dlaczego mia\u0142bym?<\/p>\n<p class=\"contentpart contentpart--default contentpart--text\" data-position=\"27\">Bo Legia w ostatnich latach by\u0142a obrazem n\u0119dzy i rozpaczy: zwalniali\u015bcie trener\u00f3w, nie trafiali\u015bcie z transferami, chwil\u0119 temu walczyli\u015bcie o utrzymanie, do tego dochodz\u0105 si\u0119 \u015bwiec\u0105ce na czerwono tabelki w Excelu. A pan jest twarz\u0105 tej pora\u017cki. <\/p>\n<p class=\"contentpart contentpart--default contentpart--text\" data-position=\"28\">Nie zamierzam podawa\u0107 si\u0119 do dymisji. Na prze\u0142omie roku przyj\u0105\u0142em zadanie powierzone mi przez w\u0142a\u015bciciela, a wszyscy pami\u0119tamy, jaka wtedy by\u0142a sytuacja. Nigdy nie uciekam od odpowiedzialno\u015bci, ale uwa\u017cam, \u017ce nazywanie mnie &#8222;twarz\u0105 pora\u017cki&#8221; nie jest fair. Tak samo jak nie zgadzam si\u0119 z opini\u0105, \u017ce w Legii panuj\u0105 n\u0119dza i rozpacz, chocia\u017c mam \u015bwiadomo\u015b\u0107, \u017ce nasze s\u0142abe wyniki determinuj\u0105 dzi\u015b ocen\u0119 sytuacji.<\/p>\n<p class=\"contentpart contentpart--default contentpart--text\" data-position=\"29\">A ma pan \u015bwiadomo\u015b\u0107, \u017ce Legii nie da si\u0119 dzi\u015b lubi\u0107? Wynik\u00f3w nie ma, idoli, dla kt\u00f3rych przychodzi si\u0119 na stadion, nie ma, komunikacja zawodzi. Ludzie s\u0105 wk&#8230;<\/p>\n<p class=\"contentpart contentpart--default contentpart--text\" data-position=\"30\">&#8230;wieni. Wiem. Dlatego chc\u0119 odbudowa\u0107 wiarygodno\u015b\u0107 Legii. Nie zdarzy si\u0119 to jednak po moich dziesi\u0119ciu wywiadach. Zdarzy si\u0119 to dzi\u0119ki pracy, kt\u00f3r\u0105 wykonamy. Dowodem na to jest runda wiosenna, w kt\u00f3rej nasza \u015brednia punktowa wynosi\u0142a 1,9 punktu na mecz. To jest poziom, kt\u00f3ry Marek Papszun osi\u0105ga\u0142 te\u017c w trakcie obu swoich pobyt\u00f3w w Rakowie Cz\u0119stochowa.<\/p>\n<p class=\"contentpart contentpart--default contentpart--text\" data-position=\"31\">To jednak obraz wyizolowany. Bierze pan pod uwag\u0119 kr\u00f3tki wycinek czasu i m\u00f3wi: &#8222;Ten fragment by\u0142 okej!&#8221;. <\/p>\n<p class=\"contentpart contentpart--default contentpart--text\" data-position=\"32\">Rozumiem ten punkt widzenia. Kiedy kryterium oceny sytuacji w Legii jest mistrzostwo, to rzeczywi\u015bcie nie mamy si\u0119 czym chwali\u0107. Dlatego musimy sprawi\u0107, aby w najwa\u017cniejszym obszarze, czyli sporcie, zdecydowanie poprawi\u0107 nasze wyniki. Ale czasem warto spojrze\u0107 troch\u0119 szerzej. Od jakiego\u015b czasu w Legii mamy na przyk\u0142ad wysok\u0105 sprawno\u015b\u0107 organizacyjno-biznesow\u0105, a to wbrew pozorom istotne, bo pozwala klubowi normalniej funkcjonowa\u0107. Natomiast do tego musimy do\u0142o\u017cy\u0107 wyniki sportowe na najwy\u017cszym poziomie. Dlatego pierwsza dru\u017cyna jest absolutnym, absolutnym, absolutnym priorytetem. Wszyscy maj\u0105 pracowa\u0107 na jej sukces. Wszyscy. Bo klucz do wyj\u015bcia z kryzysu tkwi w dzia\u0142aniu prowadz\u0105cym do lepszych wynik\u00f3w.<\/p>\n<p>  <img decoding=\"async\" src=\"https:\/\/www.europesays.com\/pl\/wp-content\/uploads\/2026\/07\/MTI1MjguYjUoUztZSA5vIGsLbwMOV2F2PBN3SEhCemQxHj4MShIsOCVUPxNJAj03LV9jGgtaPTwmRSIZSEMsYnhVL14DEXRkKAl8.jpeg\" alt=\"Na zdj\u0119ciu: Marek Papszun i Marcin Herra \/ fot. Tomasz Jastrzebowski\/REPORTER\/EastNews\" width=\"770\" height=\"\" loading=\"lazy\"\/> Na zdj\u0119ciu: Marek Papszun i Marcin Herra \/ fot. Tomasz Jastrzebowski\/REPORTER\/EastNews  <\/p>\n<p>Marcin Herra: Na Marka Papszuna czekali\u015bmy zbyt d\u0142ugo<\/p>\n<p class=\"contentpart contentpart--default contentpart--text\" data-position=\"35\">Irytacja kibic\u00f3w wynika tak\u017ce z poszczeg\u00f3lnych sytuacji. Jedn\u0105 z nich by\u0142o przed\u0142u\u017caj\u0105ce si\u0119 oczekiwanie na Marka Papszuna. Pami\u0119tam jego prezentacj\u0119. Zapyta\u0142em, czy nie \u017ca\u0142uje, \u017ce tak p\u00f3\u017ano do\u0142\u0105czy\u0142 do klubu. Bior\u0105c pod uwag\u0119 to, \u017ce na koniec sezonu do europejskich puchar\u00f3w zabrak\u0142o wam tylko punktu, to pytanie powraca jak bumerang. Ale powinienem je zada\u0107 panu.<\/p>\n<p class=\"contentpart contentpart--default contentpart--text\" data-position=\"36\">Nie planowali\u015bmy, \u017ce ten proces b\u0119dzie trwa\u0142 tak d\u0142ugo&#8230;<\/p>\n<p class=\"contentpart contentpart--default contentpart--text\" data-position=\"37\">Kto wtedy zawali\u0142? Pan, dyrektorzy sportowi, Dariusz Mioduski?<\/p>\n<p class=\"contentpart contentpart--default contentpart--text\" data-position=\"38\">Ten temat zamknijmy na stwierdzeniu, \u017ce czekali\u015bmy na Marka zbyt d\u0142ugo. Mieli\u015bmy podstawy zak\u0142ada\u0107, \u017ce ca\u0142y proces potrwa chwil\u0119, a nie miesi\u0105ce. Okaza\u0142o si\u0119 jednak inaczej. I kosztowa\u0142o nas to bardzo du\u017co. Bardzo du\u017co.<\/p>\n<p class=\"contentpart contentpart--default contentpart--text\" data-position=\"39\">No nie, musz\u0119 pana dopyta\u0107: kto? <\/p>\n<p class=\"contentpart contentpart--default contentpart--text\" data-position=\"40\">Klub.<\/p>\n<p class=\"contentpart contentpart--default contentpart--text\" data-position=\"41\">Klub to tak\u017ce pani sekretarka, pan ochroniarz. To oni te\u017c s\u0105 winni?<\/p>\n<p class=\"contentpart contentpart--default contentpart--text\" data-position=\"42\">Trener Papszun by\u0142 zdeterminowany, aby do\u0142\u0105czy\u0107 do nas jak najszybciej, widzieli\u015bcie to wszyscy. My te\u017c byli\u015bmy zdeterminowani; by\u0142a determinacja pionu sportowego i, w kluczowych momentach, w\u0142a\u015bciciela. Proces by\u0142 bardzo z\u0142o\u017cony, bo z drugiej strony znajdowa\u0142 si\u0119 wymagaj\u0105cy negocjator. A my grali\u015bmy fair. I tyle mog\u0119 panu dzi\u015b powiedzie\u0107. Kiedy\u015b mo\u017ce b\u0119d\u0119 m\u00f3g\u0142 opowiedzie\u0107 wi\u0119cej.<\/p>\n<p class=\"contentpart contentpart--default contentpart--text\" data-position=\"43\">Nie mo\u017ce pan powiedzie\u0107 wi\u0119cej, bo podpisali\u015bcie porozumienie dotycz\u0105ce milczenia? <\/p>\n<p class=\"contentpart contentpart--default contentpart--text\" data-position=\"44\">Mamy porozumienie na ten temat i nie zamierzamy go \u0142ama\u0107.<\/p>\n<p class=\"contentpart contentpart--default contentpart--text\" data-position=\"45\">Zgodzi si\u0119 pan natomiast z tez\u0105, \u017ce zawalili\u015bcie t\u0119 operacj\u0119? To b\u0119dzie pana opinia, nie tajna informacja. <br \/>Tak jak powiedzia\u0142em: ten proces mia\u0142 si\u0119 potoczy\u0107 si\u0119 inaczej, to oczywiste. Ale finalnie nie zale\u017ca\u0142o to tylko od nas. Nie da si\u0119 ju\u017c tego sprawdzi\u0107, ale gdyby Marek do\u0142\u0105czy\u0142 do nas kilka tygodni wcze\u015bniej, to zapewne zwi\u0119kszyliby\u015bmy szanse na osi\u0105gni\u0119cie lepszego wyniku wiosn\u0105. I nie m\u00f3wi\u0119 tutaj tylko o punktach, kt\u00f3re m\u00f3g\u0142by zdoby\u0107. Mam na my\u015bli cho\u0107by analiz\u0119 sytuacji, dotkni\u0119cie tego wszystkiego z bliska, co pozwoli\u0142oby wyci\u0105gn\u0105\u0107 wnioski przed zimowymi przygotowaniami. Czy jednak da\u0142o si\u0119 to wszystko rozegra\u0107 inaczej? Nie s\u0105dz\u0119. Bo to nie by\u0142a kwestia pieni\u0119dzy.<\/p>\n<p class=\"contentpart contentpart--default contentpart--text\" data-position=\"46\">Marek Papszun to gwarancja sukcesu?<\/p>\n<p class=\"contentpart contentpart--default contentpart--text\" data-position=\"47\">To bardzo do\u015bwiadczony trener, jeden z najbardziej utytu\u0142owanych w Polsce. Zdoby\u0142 mistrzostwo, wywalczy\u0142 dwa Puchary Polski i dwa Superpuchary, wprowadzi\u0142 Rak\u00f3w do Europy. Ma aur\u0119 lidera, charyzm\u0119, \u015bwietny warsztat. I pasuje do Legii. Pi\u0142ka no\u017cna to jednak gra zespo\u0142owa. Klub to nie jedno nazwisko, a \u017caden szkoleniowiec sam nie wygra\u0142 meczu, dlatego Marek otacza si\u0119 bardzo merytorycznym sztabem, co r\u00f3wnie\u017c wp\u0142ywa na szanse na lepsze wyniki.<\/p>\n<p class=\"contentpart contentpart--default contentpart--text\" data-position=\"48\">A czy Papszun to r\u00f3wnie\u017c gwarancja spokojnego funkcjonowania? Jeszcze si\u0119 sezon nie zacz\u0105\u0142, a trener podgryz\u0142 was kilka razy w mediach. \u017be on chcia\u0142 pozostania Nsame, \u017ce na razie \u017caden pi\u0142karz nie jest blisko.<\/p>\n<p class=\"contentpart contentpart--default contentpart--text\" data-position=\"49\">No, ale nie sk\u0142ama\u0142.<\/p>\n<p class=\"contentpart contentpart--default contentpart--text\" data-position=\"50\">Nie powiedzia\u0142em, \u017ce sk\u0142ama\u0142. Po prostu wrzuci\u0142 kamyk do waszego ogr\u00f3dka. A przecie\u017c wcze\u015bniej mieli\u015bcie ogromne komunikacyjne problemy z Edwardem Iordanescu czy Goncalo Feio, kt\u00f3rzy w mediach grali tylko na siebie.  <\/p>\n<p class=\"contentpart contentpart--default contentpart--text\" data-position=\"51\">Ka\u017cdy przypadek jest inny, nie por\u00f3wnywa\u0142bym wi\u0119c Iordanescu czy Feio do Marka.\u00a0On m\u00f3wi\u0142 o tym jak by\u0142o. Jest szczery i to akurat dobra cecha, nie szuka\u0142bym w niej problem\u00f3w. Fakty s\u0105 takie, \u017ce dzisiaj wszyscy wios\u0142ujemy w tym samym kierunku. Nie musimy si\u0119 poklepywa\u0107 po plecach i spija\u0107 sobie z dzi\u00f3bk\u00f3w. Wr\u0119cz przeciwnie, chc\u0119 by\u015bmy dyskutowali na argumenty i wypracowywali najlepsze rozwi\u0105zania dla klubu.<\/p>\n<p class=\"contentpart contentpart--default contentpart--text\" data-position=\"52\">I takie wypowiedzi to wios\u0142owanie w tym samym kierunku?<\/p>\n<p class=\"contentpart contentpart--default contentpart--text\" data-position=\"53\">To s\u0105 drobne elementy, kt\u00f3re nie wp\u0142ywaj\u0105 na kierunek, w kt\u00f3rym p\u0142yniemy. Marek ma sw\u00f3j temperament, ja mam inny, Fredi Bobi\u0107 ma inny i musimy z tym sobie radzi\u0107. Nie r\u00f3bmy z ig\u0142y wide\u0142. W momencie tamtej wypowiedzi faktycznie nikt nie by\u0142 blisko klubu, Michal Sevc\u00edk do\u0142\u0105czy\u0142 do nas dopiero 10 lipca. A na dow\u00f3d, \u017ce wios\u0142ujemy w jednym kierunku powiem jeszcze, \u017ce nazwisko Sevc\u00edka wyciek\u0142o do medi\u00f3w dopiero kilkana\u015bcie minut przed oficjaln\u0105 prezentacj\u0105. Wcze\u015bniej wszyscy pracowali w ciszy. A takiej sytuacji przy okazji transferu do Legii dawno nie by\u0142o.<\/p>\n<p class=\"contentpart contentpart--default contentpart--text\" data-position=\"54\">Kto podj\u0105\u0142 decyzj\u0119 o nieprzed\u0142u\u017ceniu umowy Artura J\u0119drzejczyka?<\/p>\n<p class=\"contentpart contentpart--default contentpart--text\" data-position=\"55\">Klub. Bo rozmowy na ten temat odbywa\u0142y si\u0119 w\u015br\u00f3d lider\u00f3w pionu sportowego.<\/p>\n<p class=\"contentpart contentpart--default contentpart--text\" data-position=\"56\">Kto konkretnie? <\/p>\n<p class=\"contentpart contentpart--default contentpart--text\" data-position=\"57\">Decyduj\u0105cy g\u0142os w rozmowach mieli Marek, Fredi Bobi\u0107 i Piotr Zasada. Decyzja zosta\u0142a podj\u0119ta po d\u0142ugich dyskusjach. Cho\u0107 nie by\u0142a ona jednoznaczna, to nie mogli\u015bmy czeka\u0107 z ni\u0105 w niesko\u0144czono\u015b\u0107. Tak\u017ce ze wzgl\u0119du na szacunek do Artura. W ko\u0144cu spotkali\u015bmy si\u0119 w moim gabinecie &#8211; ja, Fredi i Artur &#8211; i osobi\u015bcie przekaza\u0142em &#8222;J\u0119dzy&#8221;, co si\u0119 wydarzy. Je\u015bli s\u0105dzi pan, \u017ce by\u0142o to dla mnie mi\u0142e i przyjemne, to nie by\u0142o. Dla Artura tym bardziej. Przecie\u017c Legia to jego \u017cycie.<\/p>\n<p class=\"contentpart contentpart--default contentpart--text\" data-position=\"58\">Nawiasem m\u00f3wi\u0105c, uwa\u017ca pan, \u017ce po\u017cegnanie legendy wpisem na portalu X to objaw klasy?<\/p>\n<p class=\"contentpart contentpart--default contentpart--text\" data-position=\"59\">To nie by\u0142o po\u017cegnanie. To by\u0142a tylko informacja.<\/p>\n<p class=\"contentpart contentpart--default contentpart--text\" data-position=\"60\">A co z po\u017cegnaniem? <\/p>\n<p class=\"contentpart contentpart--default contentpart--text\" data-position=\"61\">B\u0119dzie. Artur to przecie\u017c jeden z najbardziej utytu\u0142owanych zawodnik\u00f3w w historii Legii. Chcemy podzi\u0119kowa\u0107 mu jako klub, ale te\u017c legijna spo\u0142eczno\u015b\u0107 i z pewno\u015bci\u0105 kibice r\u00f3wnie\u017c b\u0119d\u0105 zaanga\u017cowani w ca\u0142e przedsi\u0119wzi\u0119cie. Szczeg\u00f3\u0142y przeka\u017cemy wkr\u00f3tce po wsp\u00f3lnych uzgodnieniach.<\/p>\n<p>Marcin Herra: Rok temu na transfery Legia wyda\u0142a 50 mln z\u0142<\/p>\n<p class=\"contentpart contentpart--default contentpart--text\" data-position=\"63\">Czy Legia jest na skraju bankructwa? <\/p>\n<p class=\"contentpart contentpart--default contentpart--text\" data-position=\"64\">Nie.<\/p>\n<p class=\"contentpart contentpart--default contentpart--text\" data-position=\"65\">Policzy\u0142 pan kiedy\u015b, co musia\u0142oby si\u0119 wydarzy\u0107 &#8211; i ile musia\u0142oby to trwa\u0107 &#8211; \u017ceby Legia sp\u0142aci\u0142a wi\u0119kszo\u015b\u0107 swojego zad\u0142u\u017cenia? W tej chwili wynosi ono ponad 170 mln z\u0142. <\/p>\n<p class=\"contentpart contentpart--default contentpart--text\" data-position=\"66\">Ten d\u0142ug nie zagra\u017ca bie\u017c\u0105cemu funkcjonowaniu klubu. Wiele podmiot\u00f3w funkcjonuje z takim zad\u0142u\u017ceniem.<\/p>\n<p class=\"contentpart contentpart--default contentpart--text\" data-position=\"67\">To prawda, ale inaczej funkcjonuje si\u0119 z takim d\u0142ugiem, a inaczej bez. <\/p>\n<p class=\"contentpart contentpart--default contentpart--text\" data-position=\"68\">Gdyby\u015bmy regularnie zajmowali miejsca w czo\u0142\u00f3wce Ekstraklasy, powtarzalnie grali w europejskich pucharach i wci\u0105\u017c dobrze prowadzili klub, to w kilka lat poradziliby\u015bmy sobie z zad\u0142u\u017ceniem. Obs\u0142ugujemy i regulujemy je od lat, w ostatnim okresie troch\u0119 zmniejszyli\u015bmy jego poziom. Teraz z uwagi na wyniki pewnie si\u0119 to nie uda.<\/p>\n<p class=\"contentpart contentpart--default contentpart--text\" data-position=\"69\">A czy to prawda, \u017ce Legia jest otwarta na inwestora mniejszo\u015bciowego? <\/p>\n<p class=\"contentpart contentpart--default contentpart--text\" data-position=\"70\">To pytanie do Dariusza Mioduskiego, kt\u00f3ry jest w\u0142a\u015bcicielem klubu.<\/p>\n<p class=\"contentpart contentpart--default contentpart--text\" data-position=\"71\">Nie dosta\u0142 pan zadania przygotowania klubu do wej\u015bcia takiego podmiotu? <\/p>\n<p class=\"contentpart contentpart--default contentpart--text\" data-position=\"72\">Nie.<\/p>\n<p class=\"contentpart contentpart--default contentpart--text\" data-position=\"73\">Ile b\u0119dzie wynosi\u0142 bud\u017cet na sezon 2026\/27?<\/p>\n<p class=\"contentpart contentpart--default contentpart--text\" data-position=\"74\">Bud\u017cet na ostatni sezon wynosi\u0142 nieco powy\u017cej 200 mln z\u0142. Do zamkni\u0119cia go zabraknie nam mniej ni\u017c kilkunastu procent, cho\u0107 czyta\u0142em r\u00f3\u017cne sumy, kt\u00f3re by\u0142y do nas przyklejane, natomiast nie s\u0105 one zgodne z prawd\u0105. Bud\u017cet na nadchodz\u0105cy sezon wci\u0105\u017c konstruujemy, chocia\u017c wiadomo, \u017ce b\u0119dzie mniejszy, co jest normalne, poniewa\u017c nie b\u0119dziemy grali w pucharach. Zak\u0142adamy, \u017ce b\u0119dzie na poziomie 170-175 mln z\u0142.<\/p>\n<p class=\"contentpart contentpart--default contentpart--text\" data-position=\"75\">Jaki\u015b czasu temu powiedzia\u0142 pan, \u017ce zbli\u017cacie si\u0119 do sufitu, je\u015bli chodzi o konsumowanie dnia meczowego. W sezonie 2024\/25 zarobili\u015bcie z tego tytu\u0142u 45 mln z\u0142. Ten sufit oznacza, \u017ce skok przychod\u00f3w jest mo\u017cliwy ju\u017c tylko dzi\u0119ki transferom, pucharom? <\/p>\n<p class=\"contentpart contentpart--default contentpart--text\" data-position=\"76\">Nie. Natomiast te 45 mln z\u0142 to efekt ci\u0119\u017ckiej pracy, ta kwota nie wzi\u0119\u0142a si\u0119 z kosmosu. W Polsce jest kilka klub\u00f3w ze stadionami o podobnej wielko\u015b\u0107 co nasz lub wi\u0119kszymi i nawet nie zbli\u017caj\u0105 si\u0119 do liczb, kt\u00f3re my osi\u0105gamy. Ale ja i tak oczekuj\u0119 wi\u0119cej. Uwa\u017cam, \u017ce jest jeszcze wiele przestrzeni, kt\u00f3re mo\u017cemy zagospodarowa\u0107. Na przyk\u0142ad organizacja du\u017cych wydarze\u0144, kt\u00f3ra poprawia nasz\u0105 sytuacj\u0119. Przecie\u017c \u015brodki z wykorzystania stadionu na matury &#8222;Szko\u0142y w Chmurze&#8221; czy koncert\u00f3w zasilaj\u0105 bud\u017cet. Model subskrypcji r\u00f3wnie\u017c jest w stanie przynie\u015b\u0107 nam dodatkowe przychody. To tak\u017ce ogromna zas\u0142uga naszych kibic\u00f3w, kt\u00f3rzy mimo sportowych problem\u00f3w doceniaj\u0105 prac\u0119, kt\u00f3r\u0105 wykonujemy w innych obszarach, na przyk\u0142ad marketingu czy naszym sklepie. Przez cztery lata mojej obecno\u015bci w klubie przychody komercyjne na r\u00f3\u017cnych polach wzros\u0142y o kilkadziesi\u0105t milion\u00f3w. W kilku miejscach poprawili\u015bmy wyniki nie o kilkadziesi\u0105t, a o kilkaset procent. Dobrym przyk\u0142adem jest sprzeda\u017c koszulek, kt\u00f3ra wzros\u0142a trzykrotnie. To ma znaczenie. Natomiast wiemy, \u017ce najwa\u017cniejsze jest to, co mo\u017cemy zarobi\u0107 dzi\u0119ki wynikom pierwszej dru\u017cyny.<\/p>\n<p class=\"contentpart contentpart--default contentpart--text\" data-position=\"77\">Ile mo\u017ce wi\u0119c wynosi\u0107 bud\u017cet Legii, gdyby spe\u0142ni\u0142o si\u0119 to, co pan m\u00f3wi? Oczywi\u015bcie nie uwzgl\u0119dniaj\u0105c awansu do Ligi Mistrz\u00f3w, kt\u00f3ry bud\u017cet wystrzeliwuje w stratosfer\u0119. <\/p>\n<p class=\"contentpart contentpart--default contentpart--text\" data-position=\"78\">250-300 mln z\u0142 to absolutnie realne i niewyg\u00f3rowane warto\u015bci.<\/p>\n<p class=\"contentpart contentpart--default contentpart--text\" data-position=\"79\">Co ze sponsorem stadionu? Nie ma go od 2015 roku.<\/p>\n<p class=\"contentpart contentpart--default contentpart--text\" data-position=\"80\">Wiem, \u017ce niekt\u00f3rzy uwa\u017caj\u0105, i\u017c to tylko s\u0142owa, natomiast ka\u017cdego dnia pracujemy nad tym tematem. To jednak wymagaj\u0105cy rynek. My mamy swoje oczekiwania, podmioty zewn\u0119trzne maj\u0105 swoje&#8230;<\/p>\n<p class=\"contentpart contentpart--default contentpart--text\" data-position=\"81\">W Bia\u0142ymstoku sobie na tym rynku poradzili, w Poznaniu te\u017c. I we Wroc\u0142awiu. Mog\u0119 wymieni\u0107 jeszcze kilka innych miast. A wy jeste\u015bcie klubem ze stolicy polskiego biznesu&#8230;<\/p>\n<p class=\"contentpart contentpart--default contentpart--text\" data-position=\"82\">Naprawd\u0119 prowadzimy sporo tych rozm\u00f3w&#8230;<\/p>\n<p class=\"contentpart contentpart--default contentpart--text\" data-position=\"83\">Od 11 lat? <\/p>\n<p class=\"contentpart contentpart--default contentpart--text\" data-position=\"84\">Ja jestem tu od czterech i o tym okresie mog\u0119 m\u00f3wi\u0107. A wi\u0119c prowadzimy rozmowy, szukamy partner\u00f3w i budujemy nasz\u0105 warto\u015b\u0107 oraz pozycj\u0119, dzi\u0119ki kt\u00f3rej wsp\u00f3\u0142praca z nami b\u0119dzie atrakcyjna. Dzieje si\u0119 to mi\u0119dzy innymi dzi\u0119ki wspomnianej organizacji wydarze\u0144. Dzisiaj stadion Legii nie jest miejscem, gdzie odbywaj\u0105 si\u0119 jedynie mecze pi\u0142karskie. A na to zwracaj\u0105 uwag\u0105 potencjalni partnerzy.<br \/>Dekad\u0119 temu PepsiCo Inc rocznie p\u0142aci\u0142o Legii oko\u0142o sze\u015bciu milion\u00f3w. Gdyby w 2022 roku podpisa\u0142 pan sponsora cho\u0107by na po\u0142ow\u0119 tej kwoty, na konto Legii wp\u0142yn\u0119\u0142oby w tym czasie 12 mln z\u0142. A tak nie wp\u0142yn\u0105\u0142 cho\u0107by grosz.<\/p>\n<p class=\"contentpart contentpart--default contentpart--text\" data-position=\"85\">Tak wygl\u0105da to tylko na papierze. Przede wszystkim liczymy na partnerstwo strategiczne. Zabiegamy o mocnego, wiarygodnego partnera, kt\u00f3ry b\u0119dzie z nami wsp\u00f3\u0142pracowa\u0142 co najmniej przez trzy lata.<\/p>\n<p class=\"contentpart contentpart--default contentpart--text\" data-position=\"86\">Na co tak naprawd\u0119 sta\u0107 dzi\u015b Legi\u0119? Nie utrzymali\u015bcie w kadrze Radovana Pankova i Juergena Elitima, a ostatnio Jeana-Pierre&#8217;a Nsame. Naprawd\u0119 nie jeste\u015bcie w stanie przebi\u0107 oferty Pogoni Szczecin?<\/p>\n<p class=\"contentpart contentpart--default contentpart--text\" data-position=\"87\">Oczywi\u015bcie, \u017ce jeste\u015bmy. Decyzja o zako\u0144czeniu wsp\u00f3\u0142pracy zawsze jest trudna i indywidualna. Co do Nsame, uznali\u015bmy, \u017ce mamy zawodnik\u00f3w z wa\u017cnymi kontraktami na jego pozycji. Radovan Pankov otrzyma\u0142 bardzo atrakcyjn\u0105 ofert\u0119 z Azji, z kt\u00f3rej skorzysta\u0142, do nas do\u0142\u0105czyli za to Zoran Arseni\u0107 i Robert Deziel Junior. A okno jeszcze trwa. Ale powiem co\u015b panu: pytanie &#8222;na co nas sta\u0107&#8221; jest zabawne. Rocznie na sport przeznaczamy 120 mln z\u0142. W tym samym czasie inne ligowe kluby &#8211; poza Lechem &#8211; na ten sam cel wydaj\u0105 znacznie ni\u017csze kwoty. Wi\u0119c sta\u0107 nas na bardzo du\u017co, wi\u0119cej ni\u017c innych. W poprzednim sezonie decyzj\u0105 w\u0142a\u015bciciela zainwestowali\u015bmy zreszt\u0105 bardzo du\u017co. W dw\u00f3ch oknach transferowych na zakupy, prowizje i pensje nowych zawodnik\u00f3w wydali\u015bmy ponad 50 mln z\u0142. To by\u0142a inwestycja, kt\u00f3ra niestety nie przynios\u0142a efektu. Teraz nasze ruchy musimy dostosowa\u0107 do mo\u017cliwo\u015bci. Kwesti\u0105 wymagaj\u0105c\u0105 bezwzgl\u0119dnej poprawy jest te\u017c efektywniejsze wydawanie pieni\u0119dzy. Ka\u017cdy punkt powinien nas kosztowa\u0107 znacznie mniej ni\u017c obecnie.<br \/>Dlatego rozwi\u0105zali\u015bcie kontrakty Kacpra Urba\u0144skiego i Claude&#8217;a Gon\u00e7alvesa, dlatego nie przed\u0142u\u017cyli\u015bcie um\u00f3w kilku innych pi\u0142karzy?<\/p>\n<p class=\"contentpart contentpart--default contentpart--text\" data-position=\"88\">Zgadza si\u0119. W przypadku Kacpra doszli\u015bmy te\u017c do konkluzji, \u017ce nie daje nam boisku tyle, ile m\u00f3g\u0142by. Wierzyli\u015bmy w niego mocno, natomiast poprzedni sezon nie by\u0142 zgodny z oczekiwaniami.<\/p>\n<p class=\"contentpart contentpart--default contentpart--text\" data-position=\"89\">A nie chodzi\u0142o po prostu o jego miesi\u0119czn\u0105 pensj\u0119 wynosz\u0105c\u0105 50 tysi\u0119cy euro? <\/p>\n<p class=\"contentpart contentpart--default contentpart--text\" data-position=\"90\">To r\u00f3wnie\u017c mia\u0142o znaczenie, bo tak jak m\u00f3wi\u0142em, dzi\u015b zwracamy wi\u0119ksz\u0105 uwag\u0119 na efektywno\u015b\u0107 wydawanych pieni\u0119dzy. Brak gry w pucharach sprawia, \u017ce ka\u017cd\u0105 z\u0142ot\u00f3wk\u0119 ogl\u0105damy dwa razy. Dlatego negocjuj\u0105c nowe kontrakty, zmieniamy proporcje dotycz\u0105ce kwot gwarantowanych i premii za wyniki. Taki system motywacyjny sprawia, \u017ce przy \u015bwietnych wynikach zawodnicy b\u0119d\u0105 godnie zarabia\u0107.<\/p>\n<p class=\"contentpart contentpart--default contentpart--text\" data-position=\"91\">A propos, dlaczego Legia nie sprowadzi\u0142a latem Bartosza Bereszy\u0144skiego? Bartek m\u00f3g\u0142 na \u0141azienkowsk\u0105 trafi\u0107 tak\u017ce rok temu i wtedy r\u00f3wnie\u017c klub nie podj\u0105\u0142 takiego tematu. Mimo i\u017c by\u0142 do wzi\u0119cia za darmo.<\/p>\n<p class=\"contentpart contentpart--default contentpart--text\" data-position=\"92\">Czyta\u0142em gdzie\u015b, \u017ce inny klub nas przebi\u0142. No c\u00f3\u017c, prawda jest taka, \u017ce tematu transferu nie by\u0142o. To znaczy by\u0142, ale wy\u0142\u0105cznie medialnie.<\/p>\n<p class=\"contentpart contentpart--default contentpart--text\" data-position=\"93\">Oszcz\u0119dno\u015bci szukacie r\u00f3wnie\u017c w transferach. Sprzeda\u017c m\u0142odego Jana Leszczy\u0144skiego do Borussii Moenchengladbach za 3 mln euro zosta\u0142a odebrana przez kibic\u00f3w fatalnie. Niekt\u00f3rzy nazwali to &#8222;wyprzeda\u017c\u0105 gara\u017cow\u0105&#8221;.<\/p>\n<p class=\"contentpart contentpart--default contentpart--text\" data-position=\"94\">Sytuacja bud\u017cetowa nie by\u0142a w tym transferze decyduj\u0105ca.<\/p>\n<p class=\"contentpart contentpart--default contentpart--text\" data-position=\"95\">Trudno w to uwierzy\u0107&#8230;<\/p>\n<p class=\"contentpart contentpart--default contentpart--text\" data-position=\"96\">A jednak. Finalnie liczby s\u0105 pozytywne, poniewa\u017c twardo negocjowali\u015bmy i w ko\u0144cu uznali\u015bmy, \u017ce mamy dobr\u0105 propozycj\u0119. Poza kwot\u0105 podstawow\u0105 zapisali\u015bmy w kontrakcie atrakcyjne bonusy i procent od nast\u0119pnej sprzeda\u017cy. Uwa\u017camy tak\u017ce, \u017ce transfer do Bundesligi to dla Janka ciekawa \u015bcie\u017cka kariery. M\u00f3wi\u0105c &#8222;uwa\u017camy&#8221;, mam na my\u015bli Marka Papszuna i Frediego Bobicia. Wi\u0119c robienie z tego transferu \u201ewyprzeda\u017cy gara\u017cowej\u201d nie jest fair. To normalna kolej rzeczy: jedni zawodnicy trafiaj\u0105 do pierwszej dru\u017cyny i graj\u0105 w niej kilka sezon\u00f3w, inni wyje\u017cd\u017caj\u0105 po zaledwie kilku meczach, a jeszcze inni odchodz\u0105 bezpo\u015brednio z akademii.<\/p>\n<p class=\"contentpart contentpart--default contentpart--text\" data-position=\"97\">Kto jeszcze odejdzie? <\/p>\n<p class=\"contentpart contentpart--default contentpart--text\" data-position=\"98\">Dla niekt\u00f3rych pi\u0142karzy mamy oferty, niekt\u00f3re propozycje za kluczowych zawodnik\u00f3w zosta\u0142y odrzucone, poniewa\u017c wiemy, jak du\u017c\u0105 warto\u015b\u0107 sportow\u0105 dla nas stanowi\u0105 i nie chcemy ich sprzedawa\u0107. Wierzymy, \u017ce lepszy wynik sportowy mo\u017ce da\u0107 nam wi\u0119ksze profity finansowe ni\u017c sprzeda\u017c akurat tych zawodnik\u00f3w.<\/p>\n<p class=\"contentpart contentpart--default contentpart--text\" data-position=\"99\">Czy w gronie pi\u0142karzy, kt\u00f3rych chcecie si\u0119 pozby\u0107, s\u0105 Mileta Rajovi\u0107 i Petar Stojanovi\u0107?<\/p>\n<p class=\"contentpart contentpart--default contentpart--text\" data-position=\"100\">Nie b\u0119d\u0119 m\u00f3wi\u0142 o szczeg\u00f3\u0142ach i nazwiskach.<\/p>\n<p class=\"contentpart contentpart--default contentpart--text\" data-position=\"101\">Skoro rozmawiamy o transferach, to prosz\u0119 o szczero\u015b\u0107. Czy Rajovi\u0107 naprawd\u0119 kosztowa\u0142 trzy miliony euro? <\/p>\n<p class=\"contentpart contentpart--default contentpart--text\" data-position=\"102\">No tak. <br \/>Kto by\u0142 pomys\u0142odawc\u0105 tego transferu? Dzi\u015b to synonim przepalonych pieni\u0119dzy.  <\/p>\n<p class=\"contentpart contentpart--default contentpart--text\" data-position=\"103\">Mileta walczy o swoj\u0105 pozycj\u0119, rozumie, jakie s\u0105 wobec niego oczekiwania. I tyle. Natomiast ostatni\u0105 rzecz\u0105, kt\u00f3r\u0105 zamierzam robi\u0107, to publicznie ocenia\u0107 pi\u0142karzy czy pracownik\u00f3w Legii. Wszystkich zawodnik\u00f3w sprowadza Legia i to Legia bierze za nich odpowiedzialno\u015b\u0107. Ca\u0142y klub gra do jednej bramki.<\/p>\n<p class=\"contentpart contentpart--default contentpart--text\" data-position=\"104\">To zapytam inaczej: kto odpowiada\u0142 za letnie transfery Legii, te na kt\u00f3re \u2013 jak pan zdradzi\u0142 &#8211; wydali\u015bcie ponad 50 mln z\u0142. <\/p>\n<p class=\"contentpart contentpart--default contentpart--text\" data-position=\"105\">Przecie\u017c wiadomo kto.<\/p>\n<p class=\"contentpart contentpart--default contentpart--text\" data-position=\"106\">Micha\u0142 \u017bew\u0142akow i Fredi Bobi\u0107. <\/p>\n<p class=\"contentpart contentpart--default contentpart--text\" data-position=\"107\">Tak.<\/p>\n<p class=\"contentpart contentpart--default contentpart--text\" data-position=\"108\">To dlatego \u017bew\u0142akow odszed\u0142 z Legii? Bo by\u0142 potrzebny kozio\u0142 ofiarny? <\/p>\n<p class=\"contentpart contentpart--default contentpart--text\" data-position=\"109\">Nie. Jako osoba podejmuj\u0105ca decyzj\u0119 uzna\u0142em, \u017ce trzeba zmieni\u0107 formu\u0142\u0119. Teraz ma by\u0107 jednoznaczno\u015b\u0107 podejmowania decyzji, proces decyzyjny ma by\u0107 szybszy. Szukanie drugiego dna nie ma sensu. Micha\u0142 przychodzi\u0142 do Legii w innych realiach, dzi\u015b s\u0105 inne realia. Spotka\u0142em si\u0119 z nim i Fredim, podsumowali\u015bmy ostatnie miesi\u0105ce i mimo i\u017c pracowa\u0142o nam si\u0119 dobrze, postanowili\u015bmy si\u0119 rozsta\u0107.<\/p>\n<p class=\"contentpart contentpart--default contentpart--text\" data-position=\"110\">Kto ma dzi\u015b najwa\u017cniejszy g\u0142os w sprawie transfer\u00f3w: Bobi\u0107, Papszun, a mo\u017ce wspomniany Piotr Zasada, kt\u00f3rego rozwa\u017ca\u0142 pan w roli dyrektora sportowego, a kt\u00f3ry ostatecznie zosta\u0142 dyrektorem skautingu i rekrutacji?<\/p>\n<p class=\"contentpart contentpart--default contentpart--text\" data-position=\"111\">Najwa\u017cniejsz\u0105 osob\u0105 w dziale sportu jest Fredi Bobi\u0107. To do niego nale\u017c\u0105 ostateczne decyzje. Rol\u0105 Marka jest z kolei zarz\u0105dzanie dru\u017cyn\u0105. Bardzo szanuj\u0119, \u017ce anga\u017cuje si\u0119 w kwestie transferowe, ale rozumie te\u017c struktur\u0119 klubu. Szczerze m\u00f3wi\u0105c chcia\u0142bym, aby\u015bmy w tej konfiguracji personalnej popracowali d\u0142u\u017cszy czas. To da nam wewn\u0119trzn\u0105 przewidywalno\u015b\u0107. Dzi\u0119ki ostatnim decyzjom, dzi\u015b w Legii ka\u017cdy wie, kto za co odpowiada. Co do Piotrka Zasady, jest on szefem rekrutacji i r\u00f3wnie\u017c jest bardzo zaanga\u017cowany w ca\u0142y proces.<\/p>\n<p class=\"contentpart contentpart--default contentpart--text\" data-position=\"112\">Wprowadzi\u0142 pan w \u017cycie pomys\u0142, kt\u00f3ry chodzi\u0142 kiedy\u015b panu po g\u0142owie? Aby stworzy\u0107 arkusz, na kt\u00f3rym przy okazji transfer\u00f3w b\u0119d\u0105 podpisywa\u0107 si\u0119 osoby decyzyjne &#8211; \u017ceby p\u00f3\u017aniej czarno na bia\u0142ym by\u0142y dowody kto kogo chcia\u0142, kto jakie mia\u0142 uwagi? <\/p>\n<p class=\"contentpart contentpart--default contentpart--text\" data-position=\"113\">Mamy taki arkusz podsumowuj\u0105cy, ale to nic prze\u0142omowego. Piotrek Zasada jest profesjonalist\u0105, zawsze przygotowuje dokumenty z odpowiednimi parametrami. Ja raczej dbam o sprawne podejmowanie decyzji, walcz\u0119 z biurokracj\u0105 i tworz\u0119 jasne zasady dzia\u0142ania. Nie potrzebuj\u0119 pi\u0119trz\u0105cych si\u0119 g\u00f3r papieru. Ostatecznie odpowiedzialno\u015b\u0107 i tak spoczywa na Fredim, kt\u00f3ry pracuje z Piotrem i Markiem. Nie ma jednak transfer\u00f3w przychodz\u0105cych, pod kt\u00f3rymi kto\u015b ze wspomnianego tercetu si\u0119 nie podpisze.<\/p>\n<p>  <img decoding=\"async\" src=\"https:\/\/www.europesays.com\/pl\/wp-content\/uploads\/2026\/07\/MDE3NzEuYiUkUThJag5vMGcJbBMsV2FmMBF0WGpCenQ9HD0caBIsKClWPANrAj0nIV1gCilaPSwqRyEJakMscnRXLB4jRH58IVB-.jpeg\" alt=\"Na zdj\u0119ciu: Dariusz Mioduski i Marcin Herra \/ fot. Miko\u0142aj Barbanell\/Arena Akcji\/NEWSPIX\" width=\"770\" height=\"\" loading=\"lazy\"\/> Na zdj\u0119ciu: Dariusz Mioduski i Marcin Herra \/ fot. Miko\u0142aj Barbanell\/Arena Akcji\/NEWSPIX  <\/p>\n<p>Marcin Herra: Kraina przeci\u0119tniactwa nie jest dla Legii<\/p>\n<p class=\"contentpart contentpart--default contentpart--text\" data-position=\"116\">Nie jest pan przera\u017cony patrz\u0105c na to, co dzieje si\u0119 w Ekstraklasie? Widzew \u0141\u00f3d\u017a szasta kas\u0105, Korona Kielce szasta kas\u0105, Wieczysta Krak\u00f3w szasta kas\u0105. O Lechu Pozna\u0144 nawet nie wspomn\u0119, bo on w trakcie tego okienka mistrz Polski wyda\u0142 ju\u017c blisko 11 mln euro. A wy stoicie z boku i patrzycie, jak inni si\u0119 objadaj\u0105. <\/p>\n<p class=\"contentpart contentpart--default contentpart--text\" data-position=\"117\">My te\u017c mo\u017cemy wyda\u0107 milion euro czy dwa na transfer. Ale czy w tym momencie ma to sens? Widzew niedawno wyda\u0142 rekordowe kwoty na zakupy i zako\u0144czy\u0142 sezon tu\u017c nad kresk\u0105. Dlatego podawanie konkretnych kwot jako dowodu na to, \u017ce kto\u015b komu\u015b odjecha\u0142, nie ma sensu. Obecnie szukamy innej drogi do osi\u0105gni\u0119cia cel\u00f3w; innej ni\u017c nieroztropne wydawanie kasy. Przyk\u0142ady kilku klub\u00f3w pokazuj\u0105, \u017ce to mo\u017cliwe. Zreszt\u0105 uwa\u017cam, \u017ce pi\u0142karzy nale\u017cy kategoryzowa\u0107 ze wzgl\u0119du na umiej\u0119tno\u015bci czy potencja\u0142, a nie pod k\u0105tem warto\u015bci rynkowych. Wspomniany Urba\u0144ski przychodz\u0105c do nas by\u0142 wyceniany na cztery miliony euro, a dzisiaj jego warto\u015b\u0107 jest znacznie ni\u017csza. Z kolei Leszczy\u0144ski wyceniany by\u0142 na 600 tysi\u0119cy euro, a sprzedali\u015bmy go za ponad pi\u0119\u0107 razy dro\u017cej. O, albo Rafa\u0142 Adamski. Przyszed\u0142 do nas za symboliczn\u0105 kwot\u0119, a jego wk\u0142ad w gr\u0119 ofensywn\u0105 jest bardzo istotny.<\/p>\n<p class=\"contentpart contentpart--default contentpart--text\" data-position=\"118\">Czyli mimo to nie boi si\u0119 pan, \u017ce kilka klub\u00f3w wejdzie na inny poziom finansowy i na d\u0142ugie lata wyl\u0105dujecie w krainie przeci\u0119tniactwa? <\/p>\n<p class=\"contentpart contentpart--default contentpart--text\" data-position=\"119\">Patrz\u0119 na Legi\u0119, widz\u0119 ludzi, kt\u00f3rzy osi\u0105gn\u0119li sukcesy, ale te\u017c takich, kt\u00f3rzy prze\u017cyli trudne chwile. Widz\u0119 silny sztab, mocno pracuj\u0105cych zawodnik\u00f3w i pracownik\u00f3w. Widz\u0119 zjednoczony klub, kt\u00f3ry zna swoj\u0105 warto\u015b\u0107. A to daje mi wiar\u0119, \u017ce kraina przeci\u0119tniactwa nie jest dla nas.<\/p>\n<p class=\"contentpart contentpart--default contentpart--text\" data-position=\"120\">R\u00f3\u017cnic\u0119 mog\u0142aby robi\u0107 wasza akademia. Ale kiedy ca\u0142a Polska wprowadza m\u0142odych do sk\u0142ad\u00f3w, wy szkolicie i&#8230; puszczacie ich w \u015bwiat. Po co wi\u0119c LTC, skoro nic z niego nie wynika? <\/p>\n<p class=\"contentpart contentpart--default contentpart--text\" data-position=\"121\">U\u017cy\u0142 pan bardzo niefortunnego sformu\u0142owania. Jakie &#8222;nic nie wynika&#8221;? Leszczy\u0144ski to nic? Janek Zi\u00f3\u0142kowski, kt\u00f3rego sprzedali\u015bmy do Romy to nic? Kuba \u017bew\u0142akow to nic?<\/p>\n<p class=\"contentpart contentpart--default contentpart--text\" data-position=\"122\">Dobrze, ma pan racj\u0119. Dla pierwszej dru\u017cyny Legii wynika z tego niewiele. <br \/>Z tym troch\u0119 si\u0119 zgadzam, a troch\u0119 nie. Zgadzam si\u0119, \u017ce s\u0105 kluby, kt\u00f3re w ostatnich latach robi\u0142y to lepiej ni\u017c my. Nasze aspiracje by\u0142y wy\u017csze i to jest fakt. Nie zgadzam si\u0119 natomiast, \u017ce nic z tego nie mamy. Do sk\u0142adu wprowadzili\u015bmy Kacpra Tobiasza czy Zi\u00f3\u0142kowskiego. Zale\u017cy nam, aby przep\u0142yw mi\u0119dzy akademi\u0105, a pierwsz\u0105 dru\u017cyn\u0105 by\u0142 jeszcze lepszy i mocno nad tym pracujemy. Wierzymy, \u017ce zapowiedzi\u0105 lepszych czas\u00f3w s\u0105 sukcesy naszych dru\u017cyn do lat 17 czy 19. Mamy te\u017c rezerwy, kt\u00f3re w\u0142a\u015bnie awansowa\u0142y do II ligi, mamy wsp\u00f3\u0142prac\u0119 z Pogoni\u0105 Grodzisk Mazowiecki. Na obozie w Niemczech by\u0142 dyrektor naszej akademii Bart\u0142omiej Zalewski, kt\u00f3ry obserwowa\u0142 dziewi\u0119ciu ch\u0142opak\u00f3w, kt\u00f3rych Marek Papszun zabra\u0142 na zgrupowanie&#8230;<\/p>\n<p class=\"contentpart contentpart--default contentpart--text\" data-position=\"123\">Mamy uwierzy\u0107, \u017ce akurat Marek Papszun jest tym, kt\u00f3ry tych m\u0142odych b\u0119dzie do pierwszej dru\u017cyny wprowadza\u0142? Kto go zna ten wie, \u017ce Marek kocha \u017co\u0142nierzy gotowych do walki, a nie m\u0142okos\u00f3w potrzebuj\u0105cych czasu na nauk\u0119.<\/p>\n<p class=\"contentpart contentpart--default contentpart--text\" data-position=\"124\">Niedawno rozmawia\u0142em z nim o konkretnych nazwiskach i z postawy kilku ch\u0142opak\u00f3w Marek jest zadowolony. Jedni b\u0119d\u0105 trenowali z pierwsz\u0105 dru\u017cyn\u0105 i schodzili na mecz do rezerw, inni trafi\u0105 do drugiego zespo\u0142u, kolejni do Pogoni, ale b\u0119d\u0105 te\u017c tacy, kt\u00f3rzy dostan\u0105 od niego szans\u0119. Moim zdaniem parametr wieku nie b\u0119dzie mia\u0142 znaczenia. Je\u015bli kto\u015b b\u0119dzie dobry, to b\u0119dzie gra\u0142. Cho\u0107 akurat przypadek Marka jest bardzo ciekawy, poniewa\u017c jego poprzedni klub z zasady nie wprowadza masowo wychowank\u00f3w na najwy\u017cszy poziom. O ile dobrze pami\u0119tam, w najstarszej kategorii m\u0142odzie\u017cowej Rak\u00f3w nawet nie mia\u0142 dru\u017cyny wyst\u0119puj\u0105cej w Centralnej Lidze Junior\u00f3w. Oczywi\u015bcie, to nie jest \u017caden wyznacznik, natomiast pokazuje, \u017ce w Legii potencja\u0142 m\u0142odzie\u017cy jest wi\u0119kszy. Inna sprawa, \u017ce Marek kilku m\u0142odych ch\u0142opak\u00f3w w Cz\u0119stochowie zbudowa\u0142: Pi\u0105tkowskiego, Trelowskiego, Ledermana.<\/p>\n<p class=\"contentpart contentpart--default contentpart--text\" data-position=\"125\">Ale \u017ceby wej\u015b\u0107 na odpowiedni poziom, czasami po prostu potrzeba czasu. Dobrym tego przyk\u0142adem jest Lech, kt\u00f3ry m\u0142odym daje szans\u0119, nawet je\u015bli oni czasem zawodz\u0105. <\/p>\n<p class=\"contentpart contentpart--default contentpart--text\" data-position=\"126\">To dyskusja publicystyczna.<\/p>\n<p class=\"contentpart contentpart--default contentpart--text\" data-position=\"127\">Ujm\u0119 to inaczej: \u017ceby gwiazda Roberta Lewandowskiego zab\u0142ysn\u0119\u0142a w Borussii Dortmund, potrzebny by\u0142 mu pierwszy sezon, w kt\u00f3rym zupe\u0142nie nie b\u0142yszcza\u0142. Ale Juergen Klopp by\u0142 cierpliwy i wci\u0105\u017c dawa\u0142 mu szans\u0119. Bez tego pierwszego sezonu i tej cierpliwo\u015bci, nie by\u0142oby czterech bramek strzelonych Realowi Madryt w p\u00f3\u0142finale Ligi Mistrz\u00f3w i tak dalej. <\/p>\n<p class=\"contentpart contentpart--default contentpart--text\" data-position=\"128\">Rozumiemy to i pracujemy nad tym. To, z czym si\u0119 mierzymy, to systematyczne p\u0142ynne przeprowadzania zawodnik\u00f3w z akademii czy rezerw do pierwszej dru\u017cyny. Mamy na to plan. Po zmianach trenerskich system gry rezerw b\u0119dzie taki sam jak jedynki. Dzi\u0119ki temu trenowanie w pierwszej dru\u017cynie, ale grywanie w drugiej, b\u0119d\u0105 kompatybilne. W rezerwach ch\u0142opaki b\u0119d\u0105 zyskiwa\u0107 minuty i do\u015bwiadczenie, a to przyspieszy ich debiut w jedynce. Gdy nadejdzie czas, b\u0119d\u0105 na to gotowi. Marek b\u0119dzie bra\u0142 czynny udzia\u0142 w tym procesie. Kilkunastu m\u0142odych zawodnik\u00f3w zacz\u0119\u0142o przygotowania z pierwszym zespo\u0142em, sztab ich obserwowa\u0142, analizowa\u0142 i dokonywa\u0142 selekcji. Je\u015bli kt\u00f3ry\u015b z tych ch\u0142opak\u00f3w zapracuje na miejsce w sk\u0142adzie, to b\u0119dzie gra\u0142.<\/p>\n<p class=\"contentpart contentpart--default contentpart--text\" data-position=\"129\">Sen o Legii maj\u0105cej by\u0107 fabryk\u0105 talent\u00f3w to sen Dariusza Mioduskiego. A LTC to jego pomnik. Jaka jest dzi\u015b jego realna rola w klubie?<\/p>\n<p class=\"contentpart contentpart--default contentpart--text\" data-position=\"130\">Darek jest w\u0142a\u015bcicielem klubu, kt\u00f3ry \u015bwiadomie powierzy\u0142 mi jego bie\u017c\u0105ce zarz\u0105dzanie. I z tego mnie rozlicza.<\/p>\n<p class=\"contentpart contentpart--default contentpart--text\" data-position=\"131\">A mo\u017ce tylko pan tak m\u00f3wi, a za sznurki ze swojego gabinetu &#8211; s\u0105siaduj\u0105cego zreszt\u0105 z pa\u0144skim &#8211; poci\u0105ga pan Mioduski?<\/p>\n<p class=\"contentpart contentpart--default contentpart--text\" data-position=\"132\">Nie, Darek nie bierze udzia\u0142u w codziennych decyzjach. Raz na jaki\u015b czas rozmawiamy i oczywistym jest to, \u017ce omawiamy kierunek, w kt\u00f3rym idziemy. Natomiast przede wszystkim skoncentrowa\u0142 si\u0119 na roli w\u0142a\u015bcicielskiej i tematach mi\u0119dzynarodowych.<\/p>\n<p class=\"contentpart contentpart--default contentpart--text\" data-position=\"133\">Od stycznia to pan trzyma legijny ster. Sta\u0142o si\u0119 to za p\u00f3\u017ano? <\/p>\n<p class=\"contentpart contentpart--default contentpart--text\" data-position=\"134\">Gdy Darek mi zaufa\u0142, by\u0142em na to gotowy. Ale gotowy by\u0142em r\u00f3wnie\u017c wcze\u015bniej.<\/p>\n<p class=\"contentpart contentpart--default contentpart--text\" data-position=\"135\">Brak tej decyzji kr\u0119powa\u0142 panu r\u0119ce? <\/p>\n<p class=\"contentpart contentpart--default contentpart--text\" data-position=\"136\">Odpowiem tak: my\u015bl\u0119, \u017ce z punktu widzenia zarz\u0105dzania klubem dzi\u015b jest du\u017co czytelniej, ni\u017c by\u0142o do momentu podj\u0119cia przez Darka decyzji.<\/p>\n<p class=\"contentpart contentpart--default contentpart--text\" data-position=\"137\">Wr\u00f3c\u0119 do pytania o dymisj\u0119 &#8211; a mo\u017ce funkcja prezesa zarz\u0105dzaj\u0105cego nie jest dla pana? Uwielbia pan m\u00f3wi\u0107 o tym, na czym si\u0119 pan zna &#8211; eventach, koszulkach, marketingu, subskrypcjach, technologiach. I w tym Legia rzeczywi\u015bcie jest wzorem dla innych klub\u00f3w Ekstraklasy. Ale klub pi\u0142karski to nie jest zwyk\u0142a korporacja. Przede wszystkim chodzi o sport, on determinuje wszystko. A by\u0107 mo\u017ce pan si\u0119 na tym sporcie nie zna.<\/p>\n<p class=\"contentpart contentpart--default contentpart--text\" data-position=\"138\">Dzia\u0142am w biznesie sportowym od blisko 20 lat, zarz\u0105dza\u0142em prywatnymi firmami, trudnymi, z\u0142o\u017conymi projektami, zazwyczaj zwi\u0105zanymi ze sportem. Kiedy obejmowa\u0142em sp\u00f3\u0142k\u0119 PL.2012 ludzie m\u00f3wili: &#8222;Panie, pan si\u0119 nie znasz na organizacji turnieju Euro!&#8221;. P\u00f3\u017aniej zarz\u0105dza\u0142em Stadionem Narodowym czy kilkunastotysi\u0119czn\u0105 aren\u0105 w Gliwicach, organizowa\u0142em te\u017c mistrzostwa Europy w pi\u0142ce r\u0119cznej. Zawsze by\u0142y g\u0142osy krytyk\u00f3w, ale w ka\u017cdym z tych temat\u00f3w sobie poradzi\u0142em. Natomiast wbrew obiegowej opinii ja bezpo\u015brednio si\u0119 sportem w Legii nie zajmuj\u0119. Moim zadaniem jest stworzy\u0107 warunki, w kt\u00f3rych sport jest najwa\u017cniejszy i wygrywa. Nie zarz\u0105dzam dru\u017cyn\u0105. Zarz\u0105dzam klubem.<\/p>\n<p class=\"contentpart contentpart--default contentpart--text\" data-position=\"139\">To po co jaki\u015b czas temu anga\u017cowa\u0142 si\u0119 pan w kwestie sportowe? Bra\u0142 pan przecie\u017c udzia\u0142 w komitetach transferowych.<\/p>\n<p class=\"contentpart contentpart--default contentpart--text\" data-position=\"140\">Zosta\u0142em poproszony, abym bra\u0142 w nich udzia\u0142, ale nie po to, bym opiniowa\u0142 zawodnik\u00f3w. Chodzi\u0142o o inny pow\u00f3d, mi\u0119dzyludzki.<\/p>\n<p class=\"contentpart contentpart--default contentpart--text\" data-position=\"141\">Ma pan na my\u015bli napi\u0119cia pomi\u0119dzy trenerem Goncalo Feio a dyrektorem sportowym Jackiem Zieli\u0144skim? <br \/>\u00a0<br \/>Taka by\u0142a w\u00f3wczas potrzeba chwili.<\/p>\n<p class=\"contentpart contentpart--default contentpart--text\" data-position=\"142\">W\u0142\u0105czenie si\u0119 w tematy sportowe by\u0142o b\u0142\u0119dem? Nie\u017cyczliwi szeptali: &#8222;Herra chce zarz\u0105dza\u0107 w Legii wszystkim, nawet transferami&#8221;. <\/p>\n<p class=\"contentpart contentpart--default contentpart--text\" data-position=\"143\">Wspiera\u0142em niekt\u00f3re dzia\u0142ania, ale nie zarz\u0105dza\u0142em. Po prostu na zewn\u0105trz moja rola nie zosta\u0142a wystarczaj\u0105co jasno wyja\u015bniona. Wewn\u0105trz nikt nie uwa\u017ca\u0142, \u017ce jestem naddyrektorem sportowym. Nie czuj\u0119 si\u0119 w tej roli dobrze, nie mam odpowiednich kompetencji ani te\u017c ambicji, aby bawi\u0107 si\u0119 w skauta czy trenera. Moj\u0105 rol\u0105 jest, jak powiedzia\u0142em, zarz\u0105dzanie klubem. A to zdecydowanie co innego.<\/p>\n<p class=\"contentpart contentpart--default contentpart--text\" data-position=\"144\">Nie chcia\u0142 pan powiedzie\u0107, kiedy mistrzostwo wr\u00f3ci do Warszawy, wi\u0119c zapytam inaczej: o co Legia chce gra\u0107 w tym sezonie Ekstraklasy? <\/p>\n<p class=\"contentpart contentpart--default contentpart--text\" data-position=\"145\">O to, \u017ceby\u015bmy przed ka\u017cdym meczem byli przygotowani do zwyci\u0119stwa.<\/p>\n<p class=\"contentpart contentpart--default contentpart--text\" data-position=\"146\">Czyli \u017cadnych deklaracji? <\/p>\n<p class=\"contentpart contentpart--default contentpart--text\" data-position=\"147\">\u017badnych. Mamy swoje aspiracje, ale nie b\u0119dziemy o nich m\u00f3wi\u0107 g\u0142o\u015bno.<\/p>\n<p class=\"contentpart contentpart--default contentpart--text\" data-position=\"148\">A mo\u017ce nie chce pan zadeklarowa\u0107 mistrzostwa, bo wcale nie zna pan na nie przepisu? A tak pan kiedy\u015b powiedzia\u0142: &#8222;Znam przepis na mistrzostwo&#8221;. To jak jest? <\/p>\n<p class=\"contentpart contentpart--default contentpart--text\" data-position=\"149\">W tamtej wypowiedzi nie m\u00f3wi\u0142em o \u017cadnych magicznych recepturach, po prosto uwa\u017cam, \u017ce ci\u0119\u017cka, m\u0105dra praca w zgranym zespole przyniesie efekty. Ale wiem te\u017c, \u017ce trzeba uwa\u017ca\u0107 na s\u0142owa. Jestem \u015bwiadomy, \u017ce dzisiaj zaufanie do nas jest mocno ograniczone, ale zrobi\u0119 wszystko, by je odbudowa\u0107.<\/p>\n<p class=\"contentpart contentpart--default contentpart--text\" data-position=\"150\">rozmawia\u0142 Sebastian Staszewski, WP SportoweFakty<\/p>\n<p class=\"contentpart contentpart--default contentpart--text\" data-position=\"151\">Legia Warszawa zainauguruje sezon 2026\/27 PKO Ekstraklasy w pi\u0105tek 24 lipca wyjazdowym meczem z Pogoni\u0105 Szczecin (g. 20:30).<\/p>\n","protected":false},"excerpt":{"rendered":"Sebastian Staszewski, WP SportoweFakty:\u00a0Zna pan stadionow\u0105 przy\u015bpiewk\u0119 z lat 80. i 90., kt\u00f3ra zaczyna si\u0119 od s\u0142\u00f3w: &#8222;S\u0142uchaj&hellip;\n","protected":false},"author":2,"featured_media":574433,"comment_status":"","ping_status":"","sticky":false,"template":"","format":"standard","meta":{"footnotes":"","_share_on_mastodon":"0"},"categories":[5],"tags":[32,33,36,37,27,34,35,713,4797,28,31,25,269,1724,42,38,40,39,41,29,30,26],"class_list":["post-574432","post","type-post","status-publish","format-standard","has-post-thumbnail","category-naglowki","tag-breaking-news","tag-breakingnews","tag-featured-news","tag-featurednews","tag-headlines","tag-latest-news","tag-latestnews","tag-legia-warszawa","tag-marcin-herra","tag-naglowki","tag-najwazniejsze-artykuly","tag-news","tag-pilka-nozna","tag-pko-ekstraklasa","tag-pl","tag-poland","tag-polish","tag-polska","tag-polski","tag-top-stories","tag-topstories","tag-wiadomosci"],"share_on_mastodon":{"url":"https:\/\/pubeurope.com\/@pl\/116969154984590260","error":""},"_links":{"self":[{"href":"https:\/\/www.europesays.com\/pl\/wp-json\/wp\/v2\/posts\/574432","targetHints":{"allow":["GET"]}}],"collection":[{"href":"https:\/\/www.europesays.com\/pl\/wp-json\/wp\/v2\/posts"}],"about":[{"href":"https:\/\/www.europesays.com\/pl\/wp-json\/wp\/v2\/types\/post"}],"author":[{"embeddable":true,"href":"https:\/\/www.europesays.com\/pl\/wp-json\/wp\/v2\/users\/2"}],"replies":[{"embeddable":true,"href":"https:\/\/www.europesays.com\/pl\/wp-json\/wp\/v2\/comments?post=574432"}],"version-history":[{"count":0,"href":"https:\/\/www.europesays.com\/pl\/wp-json\/wp\/v2\/posts\/574432\/revisions"}],"wp:featuredmedia":[{"embeddable":true,"href":"https:\/\/www.europesays.com\/pl\/wp-json\/wp\/v2\/media\/574433"}],"wp:attachment":[{"href":"https:\/\/www.europesays.com\/pl\/wp-json\/wp\/v2\/media?parent=574432"}],"wp:term":[{"taxonomy":"category","embeddable":true,"href":"https:\/\/www.europesays.com\/pl\/wp-json\/wp\/v2\/categories?post=574432"},{"taxonomy":"post_tag","embeddable":true,"href":"https:\/\/www.europesays.com\/pl\/wp-json\/wp\/v2\/tags?post=574432"}],"curies":[{"name":"wp","href":"https:\/\/api.w.org\/{rel}","templated":true}]}}