{"id":574585,"date":"2026-07-23T13:16:12","date_gmt":"2026-07-23T13:16:12","guid":{"rendered":"https:\/\/www.europesays.com\/pl\/574585\/"},"modified":"2026-07-23T13:16:12","modified_gmt":"2026-07-23T13:16:12","slug":"zadlawilam-sie-widzac-to-w-dino-kosztuje-tylko-699-w-decathlonie-podobne-wystawili-za-35-zl","status":"publish","type":"post","link":"https:\/\/www.europesays.com\/pl\/574585\/","title":{"rendered":"Zad\u0142awi\u0142am si\u0119 widz\u0105c to w Dino, kosztuje tylko 6,99. W Decathlonie podobne wystawili za 35 z\u0142"},"content":{"rendered":"<p class=\"author-card__position\">Karolina Szubert &#8211; Redaktor<\/p>\n<p class=\"author-card__bio\">Redaktorka portalu Papilot<br \/>&#13;<br \/>\nW redakcji \u017cyje tym, co w\u0142a\u015bnie jest na topie. Wyszukiwanie naj\u015bwie\u017cszych trend\u00f3w, inspiracji i sprytnych porad, kt\u00f3re u\u0142atwiaj\u0105 codzienne \u017cycie, to jej konik. Po godzinach zamienia notatnik na aparat. Pasjonuje si\u0119 fotografi\u0105 i podr\u00f3\u017cami. Z kolei muzyka i taniec to jej spos\u00f3b na reset.<\/p>\n","protected":false},"excerpt":{"rendered":"Karolina Szubert &#8211; Redaktor Redaktorka portalu Papilot&#13; W redakcji \u017cyje tym, co w\u0142a\u015bnie jest na topie. Wyszukiwanie naj\u015bwie\u017cszych&hellip;\n","protected":false},"author":2,"featured_media":574586,"comment_status":"","ping_status":"","sticky":false,"template":"","format":"standard","meta":{"footnotes":"","_share_on_mastodon":"0"},"categories":[52249],"tags":[38633,857,41997,42,38,40,39,41,2777,2526],"class_list":["post-574585","post","type-post","status-publish","format-standard","has-post-thumbnail","category-dino-polska","tag-decathlon","tag-dino","tag-dino-polska","tag-pl","tag-poland","tag-polish","tag-polska","tag-polski","tag-sklep","tag-wakacje"],"share_on_mastodon":{"url":"","error":""},"_links":{"self":[{"href":"https:\/\/www.europesays.com\/pl\/wp-json\/wp\/v2\/posts\/574585","targetHints":{"allow":["GET"]}}],"collection":[{"href":"https:\/\/www.europesays.com\/pl\/wp-json\/wp\/v2\/posts"}],"about":[{"href":"https:\/\/www.europesays.com\/pl\/wp-json\/wp\/v2\/types\/post"}],"author":[{"embeddable":true,"href":"https:\/\/www.europesays.com\/pl\/wp-json\/wp\/v2\/users\/2"}],"replies":[{"embeddable":true,"href":"https:\/\/www.europesays.com\/pl\/wp-json\/wp\/v2\/comments?post=574585"}],"version-history":[{"count":0,"href":"https:\/\/www.europesays.com\/pl\/wp-json\/wp\/v2\/posts\/574585\/revisions"}],"wp:featuredmedia":[{"embeddable":true,"href":"https:\/\/www.europesays.com\/pl\/wp-json\/wp\/v2\/media\/574586"}],"wp:attachment":[{"href":"https:\/\/www.europesays.com\/pl\/wp-json\/wp\/v2\/media?parent=574585"}],"wp:term":[{"taxonomy":"category","embeddable":true,"href":"https:\/\/www.europesays.com\/pl\/wp-json\/wp\/v2\/categories?post=574585"},{"taxonomy":"post_tag","embeddable":true,"href":"https:\/\/www.europesays.com\/pl\/wp-json\/wp\/v2\/tags?post=574585"}],"curies":[{"name":"wp","href":"https:\/\/api.w.org\/{rel}","templated":true}]}}