{"id":574639,"date":"2026-07-23T13:46:12","date_gmt":"2026-07-23T13:46:12","guid":{"rendered":"https:\/\/www.europesays.com\/pl\/574639\/"},"modified":"2026-07-23T13:46:12","modified_gmt":"2026-07-23T13:46:12","slug":"orange-bierze-sie-za-polska-pilke-ekstraklasa-z-nowa-technologia","status":"publish","type":"post","link":"https:\/\/www.europesays.com\/pl\/574639\/","title":{"rendered":"Orange bierze si\u0119 za polsk\u0105 pi\u0142k\u0119. Ekstraklasa z nowa technologi\u0105"},"content":{"rendered":"<p>Projekt powsta\u0142 z my\u015bl\u0105 o Polskim Zwi\u0105zku Pi\u0142ki No\u017cnej przy wsp\u00f3\u0142pracy z technologicznymi gigantami \u2013 firmami Hawk-Eye, Sony-Nevion i Riedel. Dostarczaj\u0105 one rozwi\u0105zania z najwy\u017cszej p\u00f3\u0142ki, spe\u0142niaj\u0105ce rygorystyczne standardy FIFA oraz IFAB.<\/p>\n<p>    Dalsza cz\u0119\u015b\u0107 tekstu pod wideo<\/p>\n<p>S\u0119dziowie PKO Bank Polski Ekstraklasy zyskaj\u0105 od nowego sezonu pot\u0119\u017cne narz\u0119dzie, kt\u00f3re powinno usprawni\u0107 im prace, co prze\u0142o\u017cy si\u0119 na prawid\u0142ow\u0105 ocen\u0119 sytuacji na boisku. \u00a0<\/p>\n<p>        <img loading=\"lazy\" decoding=\"async\" src=\"https:\/\/www.europesays.com\/pl\/wp-content\/uploads\/2026\/07\/1784814372_834_B32963402.414688363;dc_trk_aid=607216972;dc_trk_cid=228291445;ord=[timestamp];dc_lat=;dc_rdid=;tag_f.gif\" attributionsrc=\"\" border=\"0\" height=\"1\" width=\"1\" alt=\"Advertisement\"\/><\/p>\n<p>VAR, czyli Video Assistant Referee to system wspomagaj\u0105cy s\u0119dzi\u00f3w w analizie najwi\u0119kszych boiskowych kontrowersji, takich jak gole, rzuty karne, czerwone kartki czy b\u0142\u0119dy w identyfikacji zawodnik\u00f3w. Dotychczas VAR by\u0142 obs\u0142ugiwany przez wozy stoj\u0105ce pod stadionami, na kt\u00f3rych rozgrywano mecze. To powodowa\u0142o wy\u017csze koszty, a s\u0119dziowie byli bardziej zm\u0119czeni weekendowymi wyjazdami.<\/p>\n<p>Teraz stary model odchodzi w przesz\u0142o\u015b\u0107 na rzecz nowoczesnego, centralnego systemu VOR, czyli Video Operation Room. Wszystkie spotkania PKO Bank Polski Ekstraklasy b\u0119d\u0105 obs\u0142ugiwane z jednego, naszpikowanego technologi\u0105 centrum operacyjnego w siedzibie PZPN w Warszawie, do kt\u00f3rego pod\u0142\u0105czono a\u017c 18 obiekt\u00f3w sportowych.<\/p>\n<p>Sercem ca\u0142ego przedsi\u0119wzi\u0119cia jest nowoczesne Data Center w \u0141azach pod Warszaw\u0105, wykorzystuj\u0105ce podw\u00f3jne \u0142\u0105cza o pot\u0119\u017cnej przepustowo\u015bci 2 x 10 Gb\/s. Dzi\u0119ki temu rozwi\u0105zaniu op\u00f3\u017anienia przesy\u0142u obrazu s\u0105 wr\u0119cz niezauwa\u017calne i si\u0119gaj\u0105 zaledwie 50 ms od kamery na boisku do monitora s\u0119dziego.<\/p>\n<p>Orange podkre\u015bla, \u017ce to pierwsza taka realizacja w Polsce i jedno z najbardziej pionierskich rozwi\u0105za\u0144 w ca\u0142ej Europie. Centrum z \u0142atwo\u015bci\u0105 obs\u0142u\u017cy nawet 5 mecz\u00f3w jednocze\u015bnie, co nie tylko wygeneruje spore oszcz\u0119dno\u015bci dla klub\u00f3w, ale przede wszystkim wyra\u017anie podniesie jako\u015b\u0107 s\u0119dziowania w kraju.<\/p>\n","protected":false},"excerpt":{"rendered":"Projekt powsta\u0142 z my\u015bl\u0105 o Polskim Zwi\u0105zku Pi\u0142ki No\u017cnej przy wsp\u00f3\u0142pracy z technologicznymi gigantami \u2013 firmami Hawk-Eye, Sony-Nevion&hellip;\n","protected":false},"author":2,"featured_media":574640,"comment_status":"","ping_status":"","sticky":false,"template":"","format":"standard","meta":{"footnotes":"","_share_on_mastodon":"0"},"categories":[52122],"tags":[274,2711,269,6010,72180,752,42,38,40,39,41,550,113362,3180,113361],"class_list":["post-574639","post","type-post","status-publish","format-standard","has-post-thumbnail","category-pko-bank-polski","tag-ekstraklasa","tag-orange","tag-pilka-nozna","tag-pko-bank-polski","tag-pko-bank-polski-ekstraklasa","tag-pko-bp","tag-pl","tag-poland","tag-polish","tag-polska","tag-polski","tag-pzpn","tag-sedziwie","tag-var","tag-video-operation-room"],"share_on_mastodon":{"url":"https:\/\/pubeurope.com\/@pl\/116969603149236428","error":""},"_links":{"self":[{"href":"https:\/\/www.europesays.com\/pl\/wp-json\/wp\/v2\/posts\/574639","targetHints":{"allow":["GET"]}}],"collection":[{"href":"https:\/\/www.europesays.com\/pl\/wp-json\/wp\/v2\/posts"}],"about":[{"href":"https:\/\/www.europesays.com\/pl\/wp-json\/wp\/v2\/types\/post"}],"author":[{"embeddable":true,"href":"https:\/\/www.europesays.com\/pl\/wp-json\/wp\/v2\/users\/2"}],"replies":[{"embeddable":true,"href":"https:\/\/www.europesays.com\/pl\/wp-json\/wp\/v2\/comments?post=574639"}],"version-history":[{"count":0,"href":"https:\/\/www.europesays.com\/pl\/wp-json\/wp\/v2\/posts\/574639\/revisions"}],"wp:featuredmedia":[{"embeddable":true,"href":"https:\/\/www.europesays.com\/pl\/wp-json\/wp\/v2\/media\/574640"}],"wp:attachment":[{"href":"https:\/\/www.europesays.com\/pl\/wp-json\/wp\/v2\/media?parent=574639"}],"wp:term":[{"taxonomy":"category","embeddable":true,"href":"https:\/\/www.europesays.com\/pl\/wp-json\/wp\/v2\/categories?post=574639"},{"taxonomy":"post_tag","embeddable":true,"href":"https:\/\/www.europesays.com\/pl\/wp-json\/wp\/v2\/tags?post=574639"}],"curies":[{"name":"wp","href":"https:\/\/api.w.org\/{rel}","templated":true}]}}