{"id":574721,"date":"2026-07-23T14:32:09","date_gmt":"2026-07-23T14:32:09","guid":{"rendered":"https:\/\/www.europesays.com\/pl\/574721\/"},"modified":"2026-07-23T14:32:09","modified_gmt":"2026-07-23T14:32:09","slug":"wojna-celna-trumpa-republikanie-sie-boja-wkraczamy-w-nieprzyjemna-faze","status":"publish","type":"post","link":"https:\/\/www.europesays.com\/pl\/574721\/","title":{"rendered":"Wojna celna Trumpa. Republikanie si\u0119 boj\u0105. &#8222;Wkraczamy w nieprzyjemn\u0105 faz\u0119&#8221;"},"content":{"rendered":"<p>A ci od dawna obwiniaj\u0105 c\u0142a za inflacj\u0119 przed zbli\u017caj\u0105cymi si\u0119 wyborami, w kt\u00f3rych dominuj\u0105 kwestie gospodarcze.<\/p>\n<p>Prezydent od dawna wykorzystuje c\u0142a jako narz\u0119dzie nacisku w negocjacjach. Niekt\u00f3rzy znawcy bran\u017cy postrzegaj\u0105 zapowied\u017a wprowadzenia w przysz\u0142o\u015bci 50-procentowego c\u0142a na kanadyjskie towary o warto\u015bci 20 mld dol. (75 mld z\u0142) oraz 100-procentowych op\u0142at na leki generyczne jako kolejny przyk\u0142ad oklepanej taktyki. Administracja ma nadziej\u0119 sk\u0142oni\u0107 Kanad\u0119 do renegocjacji umowy handlowej, a firmy farmaceutyczne do przeniesienia produkcji z powrotem do Stan\u00f3w Zjednoczonych.<\/p>\n<p>Jednak sojusznicy prezydenta obawiaj\u0105 si\u0119, \u017ce wyborcy nie dostrzeg\u0105 tych niuans\u00f3w. Argumentuj\u0105, \u017ce nowe c\u0142a \u2014 kt\u00f3re mog\u0105 podnie\u015b\u0107 ceny popularnych towar\u00f3w, takich jak alkohol i bekon, a tak\u017ce lek\u00f3w na serce \u2014 gro\u017c\u0105 podwa\u017ceniem d\u0142ugiej listy sukces\u00f3w, kt\u00f3rymi Republikanie woleliby si\u0119 chwali\u0107.<\/p>\n<p>\u2014 Wszystko, co robisz, a co nie skupia si\u0119 na przyst\u0119pno\u015bci cenowej, nie jest pomocne. To mo\u017ce nie by\u0107 minus pi\u0119\u0107, ale jest to minus 0,5. Wszystko, co robisz, a co nie znajduje si\u0119 po pozytywnej stronie skali, stanowi problem \u2014 m\u00f3wi osoba z otoczenia Bia\u0142ego Domu, prosz\u0105c o zachowanie anonimowo\u015bci. \u2014 Kiedy og\u0142aszasz nowe c\u0142a, to nie jest tak, \u017ce: &#8222;no dobrze, zobaczmy, jak to si\u0119 sprawdzi&#8221;. Raczej: &#8222;o cholera, to s\u0105 z\u0142e rzeczy&#8221;.<\/p>\n<p>      &#8222;To mo\u017ce sta\u0107 si\u0119 przyczyn\u0105 naszej pora\u017cki&#8221;. Republikanie bij\u0105 na alarm. Trump nie widzi problemu   <img class=\"ods-a-photo ods-a-photo--background\" src=\"https:\/\/www.europesays.com\/pl\/wp-content\/uploads\/2026\/07\/6S0k9lBaHR0cHM6Ly9vY2RuLmV1L3B1bHNjbXMvTURBXy9kMjJjZjU3MDczNmM1MGU3Mjk4ZDRhMWYwM2U0YmIzNy5wbmeRlQLNA.jpeg\" height=\"258\" width=\"450\" alt=\"Prezydent USA Donald Trump\" loading=\"lazy\" fetchpriority=\"low\" decoding=\"async\"\/>  &#8222;Ka\u017cda rozmowa na temat ce\u0142 jest dla Republikan\u00f3w niekorzystna&#8221;Gro\u017aba nowych op\u0142at \u2014 c\u0142a na Kanad\u0119 maj\u0105 wej\u015b\u0107 w \u017cycie dopiero w po\u0142owie sierpnia, a c\u0142a og\u00f3lne dopiero w 2028 r. \u2014 pojawia si\u0119 w momencie, gdy administracja powoli odbudowuje swoj\u0105 \u015bcian\u0119 celn\u0105 w nast\u0119pstwie <a href=\"https:\/\/wiadomosci.onet.pl\/swiat\/usa-sad-najwyzszy-zdecydowal-w-sprawie-cel-donalda-trumpa-jest-przelomowy-wyrok\/120gs9w\" id=\"21915c30-549c-4eaf-a864-4cb8b4624cfe\" rel=\"nofollow noopener\" target=\"_blank\">lutowego orzeczenia S\u0105du Najwy\u017cszego<\/a>, kt\u00f3re uniewa\u017cni\u0142o znaczn\u0105 cz\u0119\u015b\u0107 systemu handlowego Trumpa. W najbli\u017cszych dniach prezydent ma og\u0142osi\u0107 kolejny pakiet ce\u0142 w wysoko\u015bci od 10 do 12,5 proc., co dotknie 97 kraj\u00f3w. Administracja prowadzi r\u00f3wnie\u017c kilka dochodze\u0144, kt\u00f3re mog\u0105 skutkowa\u0107 na\u0142o\u017ceniem ce\u0142 na wszystko \u2014 od turbin wiatrowych po maszyny przemys\u0142owe.     <\/p>\n<p>\u2014 My\u015bl\u0119, \u017ce Republikanie nie maj\u0105 nic przeciwko tej gro\u017abie, mimo \u017ce ma ona pewien wp\u0142yw na rynek. Jednak rzeczywiste dochody wyp\u0142ywaj\u0105ce z kieszeni obywateli nie s\u0105 tym, z czego s\u0105 zadowoleni \u2014 m\u00f3wi druga osoba blisko zwi\u0105zana z Bia\u0142ym Domem. \u2014 Ka\u017cda rozmowa na temat ce\u0142, o ile nie dotyczy ich obni\u017cenia, jest dla Republikan\u00f3w niekorzystna.<\/p>\n<p>Doradcy Bia\u0142ego Domu twierdz\u0105, \u017ce c\u0142a maj\u0105 w\u0105ski zakres i s\u0105 ukierunkowane, a d\u0142ugi okres przed ich wej\u015bciem w \u017cycie os\u0142abi ich wp\u0142yw na konsument\u00f3w przed wyborami. Obawy zwi\u0105zane z kosztami utrzymania, jak twierdz\u0105, dotycz\u0105 cen mieszka\u0144 i benzyny, a nie sprz\u0119tu hokejowego i alkoholu.<\/p>\n<p>\u2014 \u017badne teoretyczne rozwa\u017cania nie powstrzymaj\u0105 prezydenta przed tym, by stan\u0105\u0107 w obronie ameryka\u0144skich pracownik\u00f3w i przemys\u0142u \u2014 powiedzia\u0142 rzecznik Bia\u0142ego Domu Kush Desai.<\/p>\n<p> Dalszy ci\u0105g artyku\u0142u pod materia\u0142em wideo <\/p>\n<p>Administracja uwzgl\u0119dni\u0142a w proponowanych c\u0142ach wy\u0142\u0105czenia dotycz\u0105ce kluczowych produkt\u00f3w, takich jak energia i artyku\u0142y spo\u017cywcze, staraj\u0105c si\u0119 z\u0142agodzi\u0107 cz\u0119\u015b\u0107 ich ekonomicznego wp\u0142ywu.<\/p>\n<p>Jednak wy\u0142\u0105czenia mog\u0105 okaza\u0107 si\u0119 dla prezydenta najgorszym z mo\u017cliwych rozwi\u0105za\u0144 \u2014 uwa\u017ca Chad Bown, by\u0142y g\u0142\u00f3wny ekonomista Departamentu Stanu w administracji Joego Bidena.<\/p>\n<p>Odwrotny skutek<\/p>\n<p>Wyborcy nie zdadz\u0105 sobie sprawy, \u017ce bez tych wy\u0142\u0105cze\u0144 ceny mog\u0142yby by\u0107 jeszcze wy\u017csze, a zwolnienia dotycz\u0105ce popularnych produkt\u00f3w ograniczaj\u0105 wp\u0142ywy do bud\u017cetu Stan\u00f3w Zjednoczonych.<\/p>\n<p>\u2014 Istnieje rozbie\u017cno\u015b\u0107 mi\u0119dzy tym, jak og\u00f3\u0142 spo\u0142ecze\u0144stwa rozumie wprowadzane \u015brodki, a rzeczywisto\u015bci\u0105 \u2014 wyja\u015bnia Bown. \u2014 I w pewnym sensie mo\u017ce to przynie\u015b\u0107 odwrotny skutek.<\/p>\n<p>Kanadyjscy urz\u0119dnicy ostrzegaj\u0105, \u017ce nowe c\u0142a, je\u015bli zostan\u0105 na\u0142o\u017cone 19 sierpnia, gro\u017c\u0105 dalszym nadszarpni\u0119ciem i tak ju\u017c kiepskiego wizerunku USA oraz kolejnym szkodom gospodarczym w stanach wahaj\u0105cych si\u0119, takich jak Maine i Michigan, kt\u00f3re maj\u0105 g\u0142\u0119bokie powi\u0105zania z Kanad\u0105. Nawet je\u015bli obu krajom uda si\u0119 osi\u0105gn\u0105\u0107 porozumienie, kt\u00f3re otworzy rynek kanadyjski na wi\u0119cej towar\u00f3w z USA, Kanadyjczycy mog\u0105 ich nie kupowa\u0107.<\/p>\n<p>\u2014 My\u015bl\u0119, \u017ce wkraczamy w nieprzyjemn\u0105 faz\u0119 \u2014 ostrzega kanadyjski senator Peter Boehm. \u2014 Je\u015bli pojawi\u0105 si\u0119 ust\u0119pstwa dotycz\u0105ce ponownego wprowadzenia ameryka\u0144skiego alkoholu na p\u00f3\u0142ki sklepowe, nie ma gwarancji, \u017ce konsumenci p\u00f3jd\u0105 i go kupi\u0105.<\/p>\n<p>Reprezentant do spraw handlu USA Jamieson Greer broni\u0142 w \u015brod\u0119 ce\u0142 przed Komisj\u0105 Bud\u017cetow\u0105 Senatu Stan\u00f3w Zjednoczonych, twierdz\u0105c, \u017ce konsumenci s\u0105 chronieni dzi\u0119ki przedsi\u0119biorstwom, kt\u00f3re przej\u0119\u0142y na siebie koszty nowych ce\u0142, oraz \u017ce wiele produkt\u00f3w codziennego u\u017cytku, takich jak artyku\u0142y spo\u017cywcze, zosta\u0142o zwolnionych z ce\u0142. Nie ma ce\u0142 na towary, kt\u00f3rych Stany Zjednoczone zazwyczaj nie produkuj\u0105, jak kawa, ananasy i mango. Inne artyku\u0142y spo\u017cywcze, takie jak sa\u0142ata, marchew i broku\u0142y z Kanady i Meksyku, trafiaj\u0105 do kraju bez ce\u0142, podobnie jak wi\u0119kszo\u015b\u0107 towar\u00f3w z tych dw\u00f3ch kraj\u00f3w.<\/p>\n<p>\u2014 To w\u0142a\u015bnie interesuje Amerykan\u00f3w \u2014 powiedzia\u0142 Greer. \u2014 Zale\u017cy im na tych cenach, a one spad\u0142y.<\/p>\n<p>Nie s\u0105 to jedyne kroki, jakie administracja podj\u0119\u0142a w celu z\u0142agodzenia skutk\u00f3w dla konsument\u00f3w. Znios\u0142a r\u00f3wnie\u017c c\u0142a na nawozy, aby pom\u00f3c rolnikom, oraz skr\u00f3ci\u0142a list\u0119 towar\u00f3w obj\u0119tych c\u0142ami na stal i aluminium.<\/p>\n<p>&#8222;Nie wyjdziemy z tego bez szwanku&#8221;<\/p>\n<p>Nawet najnowsze gro\u017aby zawieraj\u0105 wyj\u0105tki. Potencjalne 50-procentowe c\u0142a na towary kanadyjskie dotycz\u0105 charakterystycznych produkt\u00f3w, takich jak sprz\u0119t hokejowy, alkohol i produkty le\u015bne. Odpowiadaj\u0105 one za jedynie ok. 20 mld dol. z ponad 383 mld dol. (1,4 bln z\u0142), kt\u00f3re Stany Zjednoczone importuj\u0105 z Kanady.<\/p>\n<p>Mimo to Peter Woodcock, prezes i dyrektor generalny Izby Handlowej stanu Maine, stwierdzi\u0142, \u017ce c\u0142a dotkn\u0105 niekt\u00f3re kluczowe towary, takie jak papier i klocki drewniane.<\/p>\n<p>\u2014 Nie wyjdziemy z tego bez szwanku. Setki firm z Maine b\u0119d\u0105 dzi\u015b analizowa\u0107 t\u0119 sytuacj\u0119 i ocenia\u0107 jej wp\u0142yw na swoj\u0105 dzia\u0142alno\u015b\u0107 \u2014 ostrzega Woodcock. \u2014 Je\u015bli sytuacja si\u0119 zaostrzy i zacznie obejmowa\u0107 kolejne produkty, b\u0119dzie to szczeg\u00f3lnie niepokoj\u0105ce.<\/p>\n<p>Prawnicy specjalizuj\u0105cy si\u0119 w prawie handlowym, blisko zwi\u0105zani z administracj\u0105, uwa\u017caj\u0105, \u017ce 30-dniowy okres przed wej\u015bciem ce\u0142 w \u017cycie jest wyra\u017anym sygna\u0142em, \u017ce prezydent wykorzystuje je jako kart\u0119 przetargow\u0105, aby sk\u0142oni\u0107 Kanad\u0119 do podj\u0119cia rozm\u00f3w w sprawie niekt\u00f3rych d\u0142ugotrwa\u0142ych, nierozwi\u0105zanych kwestii handlowych mi\u0119dzy obydwoma krajami. Obejmuj\u0105 one m.in. ceny produkt\u00f3w mlecznych oraz zapobieganie zdobyciu przez Chiny przycz\u00f3\u0142ka w Ameryce P\u00f3\u0142nocnej.<\/p>\n<p>Mo\u017ce to r\u00f3wnie\u017c sk\u0142oni\u0107 Kanad\u0119 do podj\u0119cia rozm\u00f3w na temat odnowienia umowy handlowej mi\u0119dzy Stanami Zjednoczonymi, Meksykiem i Kanad\u0105. Negocjacje mi\u0119dzy USA a Meksykiem trwaj\u0105 od maja, ale Stany Zjednoczone wykluczy\u0142y Kanad\u0119 z formalnych rozm\u00f3w.<\/p>\n<p>\u2014 Kanadyjczycy od dawna pozostaj\u0105 na uboczu \u2014 m\u00f3wi Kelly Ann Shaw, kt\u00f3ra pe\u0142ni\u0142a funkcj\u0119 jednej z czo\u0142owych doradczy\u0144 ds. handlu prezydenta Trumpa podczas jego pierwszej kadencji. \u2014 Prezydent wykorzystywa\u0142 c\u0142a jako \u015brodek nacisku w najr\u00f3\u017cniejszych sytuacjach, a ostatecznym celem by\u0142oby unikni\u0119cie konieczno\u015bci nak\u0142adania tych ce\u0142 dzi\u0119ki rozwi\u0105zaniu le\u017c\u0105cych u ich podstaw problem\u00f3w.<\/p>\n<p>Po gro\u017abie Trumpa premier Kanady <a href=\"https:\/\/wiadomosci.onet.pl\/swiat\/donald-trump-naklada-cla-na-kanade-mark-carney-jestesmy-gotowi-do-rozmow\/jwwycvd\" id=\"1dee4c62-afde-455a-abdd-94843713aeaa\" rel=\"nofollow noopener\" target=\"_blank\">Mark Carney <\/a>o\u015bwiadczy\u0142, \u017ce zgodzi\u0142 si\u0119 na natychmiastowe zintensyfikowanie rozm\u00f3w handlowych \u2014 co wskazuje, \u017ce atak Trumpa mo\u017ce przynosi\u0107 efekty. Jednak nawet podczas trwania negocjacji mi\u0119dzy stronami utrzymuje si\u0119 impas.<\/p>\n","protected":false},"excerpt":{"rendered":"A ci od dawna obwiniaj\u0105 c\u0142a za inflacj\u0119 przed zbli\u017caj\u0105cymi si\u0119 wyborami, w kt\u00f3rych dominuj\u0105 kwestie gospodarcze. Prezydent&hellip;\n","protected":false},"author":2,"featured_media":574722,"comment_status":"","ping_status":"","sticky":false,"template":"","format":"standard","meta":{"footnotes":"","_share_on_mastodon":"0"},"categories":[14],"tags":[56,61195,32,33,63,44,27,193,34,35,28,31,48,25,46,5027,40,1314,41,47,80,29,110944,30,71,26,82,83,84],"class_list":["post-574721","post","type-post","status-publish","format-standard","has-post-thumbnail","category-swiat","tag-article_premium","tag-bottomfeed_styl","tag-breaking-news","tag-breakingnews","tag-cla","tag-donald_trump","tag-headlines","tag-kanada","tag-latest-news","tag-latestnews","tag-naglowki","tag-najwazniejsze-artykuly","tag-nat_styl","tag-news","tag-omp","tag-partia_republikanska","tag-polish","tag-politico","tag-polski","tag-screening_general","tag-swiat","tag-top-stories","tag-topbar_tst0","tag-topstories","tag-usa","tag-wiadomosci","tag-world","tag-world-news","tag-worldnews"],"share_on_mastodon":{"url":"","error":""},"_links":{"self":[{"href":"https:\/\/www.europesays.com\/pl\/wp-json\/wp\/v2\/posts\/574721","targetHints":{"allow":["GET"]}}],"collection":[{"href":"https:\/\/www.europesays.com\/pl\/wp-json\/wp\/v2\/posts"}],"about":[{"href":"https:\/\/www.europesays.com\/pl\/wp-json\/wp\/v2\/types\/post"}],"author":[{"embeddable":true,"href":"https:\/\/www.europesays.com\/pl\/wp-json\/wp\/v2\/users\/2"}],"replies":[{"embeddable":true,"href":"https:\/\/www.europesays.com\/pl\/wp-json\/wp\/v2\/comments?post=574721"}],"version-history":[{"count":0,"href":"https:\/\/www.europesays.com\/pl\/wp-json\/wp\/v2\/posts\/574721\/revisions"}],"wp:featuredmedia":[{"embeddable":true,"href":"https:\/\/www.europesays.com\/pl\/wp-json\/wp\/v2\/media\/574722"}],"wp:attachment":[{"href":"https:\/\/www.europesays.com\/pl\/wp-json\/wp\/v2\/media?parent=574721"}],"wp:term":[{"taxonomy":"category","embeddable":true,"href":"https:\/\/www.europesays.com\/pl\/wp-json\/wp\/v2\/categories?post=574721"},{"taxonomy":"post_tag","embeddable":true,"href":"https:\/\/www.europesays.com\/pl\/wp-json\/wp\/v2\/tags?post=574721"}],"curies":[{"name":"wp","href":"https:\/\/api.w.org\/{rel}","templated":true}]}}