{"id":574799,"date":"2026-07-23T15:24:09","date_gmt":"2026-07-23T15:24:09","guid":{"rendered":"https:\/\/www.europesays.com\/pl\/574799\/"},"modified":"2026-07-23T15:24:09","modified_gmt":"2026-07-23T15:24:09","slug":"kamil-glik-zdecydowal-ws-dalszej-kariery","status":"publish","type":"post","link":"https:\/\/www.europesays.com\/pl\/574799\/","title":{"rendered":"Kamil Glik zdecydowa\u0142 ws. dalszej kariery"},"content":{"rendered":"\n<p class=\"contentpart contentpart--default contentpart--text\" data-position=\"0\">Po latach sp\u0119dzonych we W\u0142oszech (oraz czterech sezonach w AS Monaco) Kamil Glik wr\u00f3ci\u0142 do Polski. Od 2023 roku by\u0142y reprezentant Polski jest pi\u0142karzem Cracovii, ale przez problemy zdrowotne rozegra\u0142 w barwach tego klubu tylko 25 mecz\u00f3w.<\/p>\n<p class=\"contentpart contentpart--default contentpart--text\" data-position=\"1\">Teraz jednak zapewnia, \u017ce z jego zdrowiem wszystko jest ju\u017c w porz\u0105dku.<\/p>\n<p>  <img decoding=\"async\" src=\"https:\/\/v.wpimg.pl\/X3dwLnN2d1IFFTpdYUl6R0ZNbgcnEHQREVV2TGEGbUtRT2MdOlZ2RBQUKABgQjQcDRotCStBd1IAAWMeIlM7VgwYIAorQAdEFFk_GCkQJQ\" alt=\"\" width=\"45\" height=\"58\" loading=\"lazy\"\/>  <\/p>\n<p class=\"contentpart contentpart--default contentpart--text\" data-position=\"2\">&#8211; Przepracowa\u0142em ca\u0142y okres przygotowawczy, nic mi nie dolega, wszystko jest w porz\u0105dku. A skoro tak, to dlaczego nie da\u0107 sobie szansy, \u017ceby jeszcze w pi\u0142k\u0119 pogra\u0107? &#8211; powiedzia\u0142 Glik podczas konferencji prasowej.<\/p>\n<p class=\"contentpart contentpart--default contentpart--text\" data-position=\"3\">Przypomnijmy, \u017ce 11 czerwca ukaza\u0142 si\u0119 oficjalny komunikat, \u017ce Glik przed\u0142u\u017cy\u0142 kontrakt z Cracovi\u0105 o kolejny sezon.<\/p>\n<p class=\"contentpart contentpart--default contentpart--text\" data-position=\"4\">ZOBACZ WIDEO: Tak Lewandowski oceni\u0142 debiut. &#8222;Praktycznie niemo\u017cliwe&#8221;<\/p>\n<p class=\"contentpart contentpart--default contentpart--text\" data-position=\"6\">I b\u0119dzie to jego ostatni sezon w profesjonalnej karierze.\u00a0&#8211; Bardzo mi zale\u017ca\u0142o, aby jeszcze rok pogra\u0107 w pi\u0142k\u0119. Wr\u00f3ci\u0142em po ci\u0119\u017ckiej kontuzji i czu\u0142em wewn\u0105trz, \u017ce skoro pracowa\u0142em przez rok, aby wr\u00f3ci\u0107 do grania, to zale\u017ca\u0142o mi, \u017ceby pogra\u0107 przez jeszcze jeden sezon. Czu\u0142bym spory niedosyt, gdybym zako\u0144czy\u0142 karier\u0119 ju\u017c teraz. Da\u0142em sobie jeszcze jeden rok, \u017ceby pouk\u0142ada\u0107 sobie w g\u0142owie pewne sprawy i spi\u0105\u0107 to jakim\u015b fajnym akcentem &#8211; przyzna\u0142 38-latek.<\/p>\n<p>  <img decoding=\"async\" src=\"https:\/\/v.wpimg.pl\/X3dwLnN2d1IFFTpdYUl6R0ZNbgcnEHQREVV2TGEGbUtRT2MdOlZ2RBQUKABgQjQcDRotCStBd1IAAWMeIlM7VgwYIAorQAdEFFk_GCkQJQ\" alt=\"\" width=\"45\" height=\"58\" loading=\"lazy\"\/>  <\/p>\n<p class=\"contentpart contentpart--default contentpart--text\" data-position=\"7\">Glik zdaje sobie jednak spraw\u0119, \u017ce nie b\u0119dzie zawodnikiem wyj\u015bciowego sk\u0142adu u trenera Bartosza Grzelaka.<\/p>\n<p class=\"contentpart contentpart--default contentpart--text\" data-position=\"8\">&#8211; Trener b\u0119dzie decydowa\u0142, ale chyba nie ma na \u015bwiecie zawodnika, kt\u00f3ry by\u0142by zadowolony, \u017ce ogl\u0105da mecze z poziomu \u0142awki. Ka\u017cdy chce gra\u0107, ja r\u00f3wnie\u017c. Pouk\u0142ada\u0142em sobie to w g\u0142owie, wiadome jest, \u017ce jestem zawodnikiem &#8211; powiedzmy &#8211; do uzupe\u0142nienia sk\u0142adu. Je\u017celi b\u0119d\u0119 potrzebny, to musz\u0119 by\u0107 w gotowo\u015bci. Nie jest to \u0142atwe, bo przez ca\u0142\u0105 karier\u0119 by\u0142em zawodnikiem podstawowym, wa\u017cnym, praktycznie we wszystkich klubach &#8211; powiedzia\u0142.<\/p>\n<p class=\"contentpart contentpart--default contentpart--text\" data-position=\"9\">Doda\u0142 te\u017c, \u017ce po zako\u0144czeniu sezonu chcia\u0142by zrobi\u0107 sobie miesi\u0105c czy dwa przerwy od pi\u0142ki i sp\u0119dzi\u0107 troch\u0119 wi\u0119cej czasu z rodzin\u0105, jednak p\u00f3\u017aniej zamierza wr\u00f3ci\u0107 do futbolu. Ju\u017c w innej roli.<\/p>\n<p class=\"contentpart contentpart--default contentpart--text\" data-position=\"10\">&#8211; By\u0142y zapytania z zagranicznych klub\u00f3w o moj\u0105 sytuacj\u0119. Nie ukrywam, \u017ce by\u0142 jeden klub i jeden dyrektor, kt\u00f3ry bardzo mnie chcia\u0142 jako swoj\u0105 praw\u0105 r\u0119k\u0119 &#8211; zdradzi\u0142. &#8211; Kocham pi\u0142k\u0119. \u017byj\u0119 tym praktycznie 24 godziny na dob\u0119, ogl\u0105dam wszystko, co si\u0119 da &#8211; doda\u0142.<\/p>\n","protected":false},"excerpt":{"rendered":"Po latach sp\u0119dzonych we W\u0142oszech (oraz czterech sezonach w AS Monaco) Kamil Glik wr\u00f3ci\u0142 do Polski. Od 2023&hellip;\n","protected":false},"author":2,"featured_media":574800,"comment_status":"","ping_status":"","sticky":false,"template":"","format":"standard","meta":{"footnotes":"","_share_on_mastodon":"0"},"categories":[24],"tags":[2398,11176,269,1724,42,38,40,39,41,127,126],"class_list":["post-574799","post","type-post","status-publish","format-standard","has-post-thumbnail","category-sport","tag-cracovia","tag-kamil-glik","tag-pilka-nozna","tag-pko-ekstraklasa","tag-pl","tag-poland","tag-polish","tag-polska","tag-polski","tag-sport","tag-sports"],"share_on_mastodon":{"url":"https:\/\/pubeurope.com\/@pl\/116969988268364333","error":""},"_links":{"self":[{"href":"https:\/\/www.europesays.com\/pl\/wp-json\/wp\/v2\/posts\/574799","targetHints":{"allow":["GET"]}}],"collection":[{"href":"https:\/\/www.europesays.com\/pl\/wp-json\/wp\/v2\/posts"}],"about":[{"href":"https:\/\/www.europesays.com\/pl\/wp-json\/wp\/v2\/types\/post"}],"author":[{"embeddable":true,"href":"https:\/\/www.europesays.com\/pl\/wp-json\/wp\/v2\/users\/2"}],"replies":[{"embeddable":true,"href":"https:\/\/www.europesays.com\/pl\/wp-json\/wp\/v2\/comments?post=574799"}],"version-history":[{"count":0,"href":"https:\/\/www.europesays.com\/pl\/wp-json\/wp\/v2\/posts\/574799\/revisions"}],"wp:featuredmedia":[{"embeddable":true,"href":"https:\/\/www.europesays.com\/pl\/wp-json\/wp\/v2\/media\/574800"}],"wp:attachment":[{"href":"https:\/\/www.europesays.com\/pl\/wp-json\/wp\/v2\/media?parent=574799"}],"wp:term":[{"taxonomy":"category","embeddable":true,"href":"https:\/\/www.europesays.com\/pl\/wp-json\/wp\/v2\/categories?post=574799"},{"taxonomy":"post_tag","embeddable":true,"href":"https:\/\/www.europesays.com\/pl\/wp-json\/wp\/v2\/tags?post=574799"}],"curies":[{"name":"wp","href":"https:\/\/api.w.org\/{rel}","templated":true}]}}