{"id":575196,"date":"2026-07-23T19:20:14","date_gmt":"2026-07-23T19:20:14","guid":{"rendered":"https:\/\/www.europesays.com\/pl\/575196\/"},"modified":"2026-07-23T19:20:14","modified_gmt":"2026-07-23T19:20:14","slug":"dachowanie-w-milolesie-kierowca-renaulta-mial-ponad-dwa-promile-alkoholu-lublin112-wiadomosci-z-lublina-i-regionu-wazne-informacje-z-kraju","status":"publish","type":"post","link":"https:\/\/www.europesays.com\/pl\/575196\/","title":{"rendered":"Dachowanie w Mi\u0142olesie. Kierowca Renaulta mia\u0142 ponad dwa promile alkoholu : Lublin112 \u2013 Wiadomo\u015bci z Lublina i regionu. Wa\u017cne informacje z kraju"},"content":{"rendered":"<p>Do gro\u017anie wygl\u0105daj\u0105cego zdarzenia dosz\u0142o w \u015brod\u0119, 22 lipca, oko\u0142o godziny 16. Dy\u017curny Komendy Powiatowej Policji w Radzyniu Podlaskim otrzyma\u0142 zg\u0142oszenie o dachowaniu samochodu osobowego w miejscowo\u015bci Mi\u0142olas.<\/p>\n<p>Na miejsce skierowano funkcjonariuszy z radzy\u0144skiej jednostki. Ze wst\u0119pnych ustale\u0144 policjant\u00f3w wynika, \u017ce kieruj\u0105cy autem marki Renault 46-letni mieszkaniec gminy Radzy\u0144 Podlaski nie dostosowa\u0142 pr\u0119dko\u015bci do warunk\u00f3w panuj\u0105cych na drodze.<\/p>\n<p>M\u0119\u017cczyzna straci\u0142 panowanie nad pojazdem, zjecha\u0142 z drogi, a nast\u0119pnie dachowa\u0142. Samoch\u00f3d zatrzyma\u0142 si\u0119 na dachu na \u015brodku jezdni.<\/p>\n<p>Ponad dwa promile alkoholu<\/p>\n<p>Policjanci sprawdzili stan trze\u017awo\u015bci kieruj\u0105cego. Badanie alkomatem wykaza\u0142o, \u017ce 46-latek mia\u0142 w organizmie ponad dwa promile alkoholu.<\/p>\n<p>Podczas dalszych czynno\u015bci funkcjonariusze ujawnili kolejne nieprawid\u0142owo\u015bci. Renault nie by\u0142 dopuszczony do ruchu, a na poje\u017adzie znajdowa\u0142y si\u0119 dwie tablice rejestracyjne z r\u00f3\u017cnymi wyr\u00f3\u017cnikami.<\/p>\n<p>Mundurowi ustalili tak\u017ce, \u017ce kr\u00f3tko przed dachowaniem kierowca uczestniczy\u0142 w kolizji drogowej, po kt\u00f3rej odjecha\u0142 z miejsca zdarzenia.<\/p>\n<p>46-latkowi grozi wi\u0119zienie i zakaz prowadzenia pojazd\u00f3w<\/p>\n<p>M\u0119\u017cczyzna odpowie przed s\u0105dem za prowadzenie pojazdu w stanie nietrze\u017awo\u015bci. Zgodnie z informacjami przekazanymi przez policj\u0119 grozi mu kara do pi\u0119ciu lat pozbawienia wolno\u015bci.<\/p>\n<p>46-latek musi r\u00f3wnie\u017c liczy\u0107 si\u0119 z obowi\u0105zkiem zap\u0142aty co najmniej 5 tysi\u0119cy z\u0142otych na rzecz Funduszu Pomocy Pokrzywdzonym oraz Pomocy Postpenitencjarnej. S\u0105d mo\u017ce tak\u017ce orzec wobec niego zakaz prowadzenia pojazd\u00f3w na okres minimum trzech lat.<\/p>\n<p>Kierowca odpowie ponadto za spowodowanie kolizji drogowej oraz nieprawid\u0142owo\u015bci zwi\u0105zane ze stanem i oznakowaniem samochodu.<\/p>\n<p>Policjanci po raz kolejny przypominaj\u0105, \u017ce alkohol znacz\u0105co ogranicza zdolno\u015b\u0107 prawid\u0142owej oceny sytuacji na drodze, wyd\u0142u\u017ca czas reakcji i zwi\u0119ksza ryzyko tragicznych zdarze\u0144.<\/p>\n<p>\u2013 Apelujemy do kierowc\u00f3w o trze\u017awo\u015b\u0107 i ostro\u017cn\u0105 jazd\u0119, zgodn\u0105 z przepisami ruchu drogowego i zdrowym rozs\u0105dkiem \u2013 podkre\u015bla aspirant sztabowy Piotr Woszczak.<\/p>\n<p><img aria-describedby=\"caption-attachment-519939\" loading=\"lazy\" decoding=\"async\" class=\"wp-image-519939 size-medium\" src=\"https:\/\/www.europesays.com\/pl\/wp-content\/uploads\/2026\/07\/356-294638-640x853.jpg\" alt=\"Dachowanie w Mi\u0142olesie. Kierowca Renaulta mia\u0142 ponad dwa promile alkoholu\" width=\"375\" height=\"500\"  \/><\/p>\n<p id=\"caption-attachment-519939\" class=\"wp-caption-text\">fot. Policja Radzy\u0144 Podlaski<\/p>\n<p>\u0179r\u00f3d\u0142o: Policja Radzy\u0144 Podlaskii<\/p>\n","protected":false},"excerpt":{"rendered":"Do gro\u017anie wygl\u0105daj\u0105cego zdarzenia dosz\u0142o w \u015brod\u0119, 22 lipca, oko\u0142o godziny 16. Dy\u017curny Komendy Powiatowej Policji w Radzyniu&hellip;\n","protected":false},"author":2,"featured_media":575197,"comment_status":"","ping_status":"","sticky":false,"template":"","format":"standard","meta":{"footnotes":"","_share_on_mastodon":"0"},"categories":[51612],"tags":[113445,113446,101031,1081,113447,563,42,38,113448,40,39,41,113449,3074],"class_list":["post-575196","post","type-post","status-publish","format-standard","has-post-thumbnail","category-lublin","tag-dachowanie-samochodu","tag-gmina-kakolewnica","tag-kolizja-drogowa","tag-lublin","tag-milolas","tag-nietrzezwy-kierowca","tag-pl","tag-poland","tag-policja-radzyn-podlaski","tag-polish","tag-polska","tag-polski","tag-ponad-dwa-promile","tag-renault"],"share_on_mastodon":{"url":"","error":""},"_links":{"self":[{"href":"https:\/\/www.europesays.com\/pl\/wp-json\/wp\/v2\/posts\/575196","targetHints":{"allow":["GET"]}}],"collection":[{"href":"https:\/\/www.europesays.com\/pl\/wp-json\/wp\/v2\/posts"}],"about":[{"href":"https:\/\/www.europesays.com\/pl\/wp-json\/wp\/v2\/types\/post"}],"author":[{"embeddable":true,"href":"https:\/\/www.europesays.com\/pl\/wp-json\/wp\/v2\/users\/2"}],"replies":[{"embeddable":true,"href":"https:\/\/www.europesays.com\/pl\/wp-json\/wp\/v2\/comments?post=575196"}],"version-history":[{"count":0,"href":"https:\/\/www.europesays.com\/pl\/wp-json\/wp\/v2\/posts\/575196\/revisions"}],"wp:featuredmedia":[{"embeddable":true,"href":"https:\/\/www.europesays.com\/pl\/wp-json\/wp\/v2\/media\/575197"}],"wp:attachment":[{"href":"https:\/\/www.europesays.com\/pl\/wp-json\/wp\/v2\/media?parent=575196"}],"wp:term":[{"taxonomy":"category","embeddable":true,"href":"https:\/\/www.europesays.com\/pl\/wp-json\/wp\/v2\/categories?post=575196"},{"taxonomy":"post_tag","embeddable":true,"href":"https:\/\/www.europesays.com\/pl\/wp-json\/wp\/v2\/tags?post=575196"}],"curies":[{"name":"wp","href":"https:\/\/api.w.org\/{rel}","templated":true}]}}